{"id":41719,"date":"2014-12-22T10:41:38","date_gmt":"2014-12-22T09:41:38","guid":{"rendered":"http:\/\/www.leccecronaca.it\/?p=41719"},"modified":"2014-12-22T12:09:50","modified_gmt":"2014-12-22T11:09:50","slug":"siamo-umanitari-o-fessi","status":"publish","type":"post","link":"https:\/\/www.leccecronaca.it\/index.php\/2014\/12\/22\/siamo-umanitari-o-fessi\/","title":{"rendered":"SIAMO UMANITARI O FESSI?"},"content":{"rendered":"<p><a href=\"https:\/\/www.leccecronaca.it\/wordpress\/wp-content\/uploads\/2014\/12\/profugo-umanitario.jpg\"><img decoding=\"async\" loading=\"lazy\" width=\"716\" height=\"960\" title=\"profugo umanitario\" class=\"alignleft size-full wp-image-41730\" alt=\"\" src=\"https:\/\/www.leccecronaca.it\/wordpress\/wp-content\/uploads\/2014\/12\/profugo-umanitario.jpg\" srcset=\"https:\/\/www.leccecronaca.it\/wordpress\/wp-content\/uploads\/2014\/12\/profugo-umanitario.jpg 716w, https:\/\/www.leccecronaca.it\/wordpress\/wp-content\/uploads\/2014\/12\/profugo-umanitario-223x300.jpg 223w\" sizes=\"(max-width: 716px) 100vw, 716px\" \/><\/a>(v.m.)______Un nostro lettore \u00a0ci scrive: &#8221; Vi chiedo un commento su l&#8217;arresto avvenuto due giorni fa , di un PROFUGO UMANITARIO preso con quattro chili di droga, e che al momento dell&#8217;arresto ha reagito violentemente mandando in ospedale un finanziere&#8221;.<\/p>\n<p>***<br \/>\nCaro amico, non conosciamo il fatto di cronaca che ci segnali, lo abbiamo letto dell&#8217;articolo che ci hai allegato, certo si possono fare delle considerazioni, sulla faciloneria con la quale in Italia pu\u00f2 entrare chicchessia, potendo godere dello status di rifugiato per motivi umanitari, per poi delinquere nel nostro paese.<br \/>\nLe analisi sociologiche \u00a0sul perch\u00e8 gli immigrati delinquono si sprecano, tutte le sere la tv di stato, e le tv di Berlusconi ci raccontano, di questi poveri cristi costretti a delinquere per poter campare. Oppure del fatto che sono vittime della malavita nostrana.<br \/>\nE sicuramente sar\u00e0 anche cos\u00ec, noi aggiungiamo pure che per\u00f2 se tanti cittadini stranieri, comunitari ed extracomunitari dichiarano che in Italia \u00e8 facile delinquere, e si rischia meno che in altri paesi, forse qualche problema ce lo dovremmo porre.<br \/>\nNoi siamo contrari alle tesi di quanti sostengono, che tutti gli stranieri sono delinquenti, cosi come non condividiamo l&#8217;atteggiamento buonista (spesso per interesse)\u00a0di quelle congreghe che dichiarano che tutte le decine di migliaia di persone che sbarcano sulle nostre coste sono degli angeli.<br \/>\nUn paese serio sarebbe in grado di far restare sul nostro territorio quanti vengono in Italia per lavorare, che hanno voglia di integrarsi, perch\u00e8 amano l&#8217;Italia e la sua cultura, e chi viene nel nostro paese con l&#8217;idea che sia terra di conquista.<br \/>\nE&#8217; del tutto evidente che anche la persona che giunge in Italia con le migliori intenzioni, perch\u00e8 qualcuno gli ha raccontato che qui c&#8217;\u00e8 lavoro per tutti e poi invece si trova col culo per terra sia portato a delinquere.<br \/>\nLa verit\u00e0 \u00e8 che abbiamo una classe politica che da un lato non \u00e8 in grado di far rispettare le leggi che emana, dall&#8217;altra \u00e8 vittima delle ideologia alla moda.<\/p>\n<p>E poi, \u00e8 difficile che uomini politici, che \u00a0si son riempite le tasche di quattrini, si sono pagate le campagne elettorali, hanno tenuto in piedi tutta una serie di clientele, grazie alle decine di milioni di contributi che intascavano e intascano tramite le associazioni amiche, che si sono occupate e si occupano di immigrati, possano \u00a0pensare a salvaguardare gli interessi dei cittadini italiani.<br \/>\nNaturalmente quando qualcuno ricorda loro quali siano i doveri di un politico italiano, immediatamente si giustificano scagliando sull&#8217;interlocutore \u00a0l&#8217;accusa di razzismo.<br \/>\nLa verit\u00e0, una verit\u00e0 che i pi\u00f9 conoscevano da anni lo abbiamo sentito nei giorni scorsi: &#8221; i clandestini rendono pi\u00f9 del mercato della droga&#8221;.<\/p>\n<p>Caro amico, io sono figlio di emigranti, mio padre, i miei zii, mio nonno paterno, hanno lavorato chi in Svizzera, in Germania, in Belgio, e dopo anni di lavoro e sacrifici, sono tornati in Patria per dare un futuro migliore ai loro figli. \u00a0Il fratello di mia nonna materna,\u00a0\u00a0\u00e8 tornato in Italia, dopo che era stato oltre 40 anni in America, l\u00ec si era sposato e aveva cresciuto i suoi figli. Minato nella salute da una grave forma di asma presa lavorando in miniera, i medici gli consigliarono di passare gli ultimi anni della sua vita in paese dalla temperatura mite. E cos\u00ec \u00a0venne a morire in Italia ospiete della sorella.<\/p>\n<p>Tutti loro mi hanno raccontato che lavoravano duramente e guadagnavano. Dormivano in baracche e alla frontiera venivano visitati dalla testa ai piedi, mi racconta mio suocero che pure i denti gli guardavano.<br \/>\nE se erano malati, in Germania, in Svizzera, in Francia non si entrava.<\/p>\n<p>Da noi, da noi \u00e8 tutta un&#8217;altra storia.<br \/>\n&nbsp;<\/p>\n<p>&nbsp;<\/p>\n<fb:like href='https:\/\/www.leccecronaca.it\/index.php\/2014\/12\/22\/siamo-umanitari-o-fessi\/' send='true' layout='button_count' show_faces='true' width='450' height='65' action='recommend' colorscheme='light' font='lucida grande'><\/fb:like><span class=\"fb_share\"><fb:like href=\"https:\/\/www.leccecronaca.it\/index.php\/2014\/12\/22\/siamo-umanitari-o-fessi\/\" layout=\"button_count\"><\/fb:like><\/span>","protected":false},"excerpt":{"rendered":"<p>(v.m.)______Un nostro lettore \u00a0ci scrive: &#8221; Vi chiedo un commento su l&#8217;arresto avvenuto due giorni fa , di un PROFUGO UMANITARIO preso con quattro chili di droga, e che al momento dell&#8217;arresto ha reagito violentemente mandando in ospedale un finanziere&#8221;. *** Caro amico, non conosciamo il fatto di cronaca che ci segnali, lo abbiamo letto [&hellip;]<\/p>\n","protected":false},"author":4,"featured_media":41730,"comment_status":"open","ping_status":"closed","sticky":false,"template":"","format":"standard","meta":[],"categories":[36],"tags":[],"_links":{"self":[{"href":"https:\/\/www.leccecronaca.it\/index.php\/wp-json\/wp\/v2\/posts\/41719"}],"collection":[{"href":"https:\/\/www.leccecronaca.it\/index.php\/wp-json\/wp\/v2\/posts"}],"about":[{"href":"https:\/\/www.leccecronaca.it\/index.php\/wp-json\/wp\/v2\/types\/post"}],"author":[{"embeddable":true,"href":"https:\/\/www.leccecronaca.it\/index.php\/wp-json\/wp\/v2\/users\/4"}],"replies":[{"embeddable":true,"href":"https:\/\/www.leccecronaca.it\/index.php\/wp-json\/wp\/v2\/comments?post=41719"}],"version-history":[{"count":3,"href":"https:\/\/www.leccecronaca.it\/index.php\/wp-json\/wp\/v2\/posts\/41719\/revisions"}],"predecessor-version":[{"id":41732,"href":"https:\/\/www.leccecronaca.it\/index.php\/wp-json\/wp\/v2\/posts\/41719\/revisions\/41732"}],"wp:featuredmedia":[{"embeddable":true,"href":"https:\/\/www.leccecronaca.it\/index.php\/wp-json\/wp\/v2\/media\/41730"}],"wp:attachment":[{"href":"https:\/\/www.leccecronaca.it\/index.php\/wp-json\/wp\/v2\/media?parent=41719"}],"wp:term":[{"taxonomy":"category","embeddable":true,"href":"https:\/\/www.leccecronaca.it\/index.php\/wp-json\/wp\/v2\/categories?post=41719"},{"taxonomy":"post_tag","embeddable":true,"href":"https:\/\/www.leccecronaca.it\/index.php\/wp-json\/wp\/v2\/tags?post=41719"}],"curies":[{"name":"wp","href":"https:\/\/api.w.org\/{rel}","templated":true}]}}