{"id":42287,"date":"2014-12-31T09:35:52","date_gmt":"2014-12-31T08:35:52","guid":{"rendered":"http:\/\/www.leccecronaca.it\/?p=42287"},"modified":"2014-12-31T09:38:00","modified_gmt":"2014-12-31T08:38:00","slug":"il-salento-si-sveglia-sotto-una-coltre-di-neve","status":"publish","type":"post","link":"https:\/\/www.leccecronaca.it\/index.php\/2014\/12\/31\/il-salento-si-sveglia-sotto-una-coltre-di-neve\/","title":{"rendered":"IL SALENTO SI SVEGLIA SOTTO UNA COLTRE DI NEVE"},"content":{"rendered":"<p><a href=\"https:\/\/www.leccecronaca.it\/wordpress\/wp-content\/uploads\/2014\/12\/orme-sulla-neve.jpg\"><img decoding=\"async\" loading=\"lazy\" src=\"https:\/\/www.leccecronaca.it\/wordpress\/wp-content\/uploads\/2014\/12\/orme-sulla-neve.jpg\" alt=\"\" title=\"orme sulla neve\" width=\"1008\" height=\"1500\" class=\"alignleft size-full wp-image-42288\" srcset=\"https:\/\/www.leccecronaca.it\/wordpress\/wp-content\/uploads\/2014\/12\/orme-sulla-neve.jpg 1008w, https:\/\/www.leccecronaca.it\/wordpress\/wp-content\/uploads\/2014\/12\/orme-sulla-neve-201x300.jpg 201w, https:\/\/www.leccecronaca.it\/wordpress\/wp-content\/uploads\/2014\/12\/orme-sulla-neve-688x1024.jpg 688w\" sizes=\"(max-width: 1008px) 100vw, 1008px\" \/><\/a>L&#8217;ultimo giorno del 2014 regala ai bimbi del Salento una spruzzata di neve, per i pi\u00f9 piccini una novit\u00e0 assoluta, la prima volta che hanno la possibilit\u00e0 di fare un pupazzo di neve nel loro giardino, prima che il sole faccia svanire l&#8217;incantesimo.\n\t\t<style type=\"text\/css\">\n\t\t\t#gallery-1 {\n\t\t\t\tmargin: auto;\n\t\t\t}\n\t\t\t#gallery-1 .gallery-item {\n\t\t\t\tfloat: left;\n\t\t\t\tmargin-top: 10px;\n\t\t\t\ttext-align: center;\n\t\t\t\twidth: 20%;\n\t\t\t}\n\t\t\t#gallery-1 img {\n\t\t\t\t\n\t\t\t}\n\t\t\t#gallery-1 .gallery-caption {\n\t\t\t\tmargin-left: 0;\n\t\t\t}\n\t\t\t\/* see gallery_shortcode() in wp-includes\/media.php *\/\n\t\t<\/style>\n\t\t<div id='gallery-1' class='gallery galleryid-42287 gallery-columns-5 gallery-size-thumbnail'><dl class='gallery-item'>\n\t\t\t<dt class='gallery-icon portrait'>\n\t\t\t\t<a href='https:\/\/www.leccecronaca.it\/index.php\/2014\/12\/31\/il-salento-si-sveglia-sotto-una-coltre-di-neve\/neve-paese-2\/'><img width=\"150\" height=\"150\" src=\"https:\/\/www.leccecronaca.it\/wordpress\/wp-content\/uploads\/2014\/12\/neve-paese1-150x150.jpg\" class=\"attachment-thumbnail size-thumbnail\" alt=\"\" decoding=\"async\" loading=\"lazy\" \/><\/a>\n\t\t\t<\/dt><\/dl><dl class='gallery-item'>\n\t\t\t<dt class='gallery-icon portrait'>\n\t\t\t\t<a href='https:\/\/www.leccecronaca.it\/index.php\/2014\/12\/31\/il-salento-si-sveglia-sotto-una-coltre-di-neve\/neve-pianta-grassa-2\/'><img width=\"150\" height=\"150\" src=\"https:\/\/www.leccecronaca.it\/wordpress\/wp-content\/uploads\/2014\/12\/neve-pianta-grassa1-150x150.jpg\" class=\"attachment-thumbnail size-thumbnail\" alt=\"\" decoding=\"async\" loading=\"lazy\" \/><\/a>\n\t\t\t<\/dt><\/dl><dl class='gallery-item'>\n\t\t\t<dt class='gallery-icon landscape'>\n\t\t\t\t<a href='https:\/\/www.leccecronaca.it\/index.php\/2014\/12\/31\/il-salento-si-sveglia-sotto-una-coltre-di-neve\/neve-sui-tetti-2\/'><img width=\"150\" height=\"150\" src=\"https:\/\/www.leccecronaca.it\/wordpress\/wp-content\/uploads\/2014\/12\/neve-sui-tetti1-150x150.jpg\" class=\"attachment-thumbnail size-thumbnail\" alt=\"\" decoding=\"async\" loading=\"lazy\" \/><\/a>\n\t\t\t<\/dt><\/dl><dl class='gallery-item'>\n\t\t\t<dt class='gallery-icon landscape'>\n\t\t\t\t<a href='https:\/\/www.leccecronaca.it\/index.php\/2014\/12\/31\/il-salento-si-sveglia-sotto-una-coltre-di-neve\/neve-tetti-2\/'><img width=\"150\" height=\"150\" src=\"https:\/\/www.leccecronaca.it\/wordpress\/wp-content\/uploads\/2014\/12\/neve-tetti-1-150x150.jpg\" class=\"attachment-thumbnail size-thumbnail\" alt=\"\" decoding=\"async\" loading=\"lazy\" \/><\/a>\n\t\t\t<\/dt><\/dl><dl class='gallery-item'>\n\t\t\t<dt class='gallery-icon landscape'>\n\t\t\t\t<a href='https:\/\/www.leccecronaca.it\/index.php\/2014\/12\/31\/il-salento-si-sveglia-sotto-una-coltre-di-neve\/neve-vaso\/'><img width=\"150\" height=\"150\" src=\"https:\/\/www.leccecronaca.it\/wordpress\/wp-content\/uploads\/2014\/12\/neve-vaso-150x150.jpg\" class=\"attachment-thumbnail size-thumbnail\" alt=\"\" decoding=\"async\" loading=\"lazy\" \/><\/a>\n\t\t\t<\/dt><\/dl><br style=\"clear: both\" \/><dl class='gallery-item'>\n\t\t\t<dt class='gallery-icon portrait'>\n\t\t\t\t<a href='https:\/\/www.leccecronaca.it\/index.php\/2014\/12\/31\/il-salento-si-sveglia-sotto-una-coltre-di-neve\/neve-vasoo\/'><img width=\"150\" height=\"150\" src=\"https:\/\/www.leccecronaca.it\/wordpress\/wp-content\/uploads\/2014\/12\/neve-vasoo-150x150.jpg\" class=\"attachment-thumbnail size-thumbnail\" alt=\"\" decoding=\"async\" loading=\"lazy\" \/><\/a>\n\t\t\t<\/dt><\/dl><dl class='gallery-item'>\n\t\t\t<dt class='gallery-icon portrait'>\n\t\t\t\t<a href='https:\/\/www.leccecronaca.it\/index.php\/2014\/12\/31\/il-salento-si-sveglia-sotto-una-coltre-di-neve\/orme-sulla-neve\/'><img width=\"150\" height=\"150\" src=\"https:\/\/www.leccecronaca.it\/wordpress\/wp-content\/uploads\/2014\/12\/orme-sulla-neve-150x150.jpg\" class=\"attachment-thumbnail size-thumbnail\" alt=\"\" decoding=\"async\" loading=\"lazy\" \/><\/a>\n\t\t\t<\/dt><\/dl>\n\t\t\t<br style='clear: both' \/>\n\t\t<\/div>\n<\/p>\n<fb:like href='https:\/\/www.leccecronaca.it\/index.php\/2014\/12\/31\/il-salento-si-sveglia-sotto-una-coltre-di-neve\/' send='true' layout='button_count' show_faces='true' width='450' height='65' action='recommend' colorscheme='light' font='lucida grande'><\/fb:like><span class=\"fb_share\"><fb:like href=\"https:\/\/www.leccecronaca.it\/index.php\/2014\/12\/31\/il-salento-si-sveglia-sotto-una-coltre-di-neve\/\" layout=\"button_count\"><\/fb:like><\/span>","protected":false},"excerpt":{"rendered":"<p>L&#8217;ultimo giorno del 2014 regala ai bimbi del Salento una spruzzata di neve, per i pi\u00f9 piccini una novit\u00e0 assoluta, la prima volta che hanno la possibilit\u00e0 di fare un pupazzo di neve nel loro giardino, prima che il sole faccia svanire l&#8217;incantesimo.<\/p>\n","protected":false},"author":4,"featured_media":42288,"comment_status":"open","ping_status":"closed","sticky":false,"template":"","format":"standard","meta":[],"categories":[31],"tags":[],"_links":{"self":[{"href":"https:\/\/www.leccecronaca.it\/index.php\/wp-json\/wp\/v2\/posts\/42287"}],"collection":[{"href":"https:\/\/www.leccecronaca.it\/index.php\/wp-json\/wp\/v2\/posts"}],"about":[{"href":"https:\/\/www.leccecronaca.it\/index.php\/wp-json\/wp\/v2\/types\/post"}],"author":[{"embeddable":true,"href":"https:\/\/www.leccecronaca.it\/index.php\/wp-json\/wp\/v2\/users\/4"}],"replies":[{"embeddable":true,"href":"https:\/\/www.leccecronaca.it\/index.php\/wp-json\/wp\/v2\/comments?post=42287"}],"version-history":[{"count":2,"href":"https:\/\/www.leccecronaca.it\/index.php\/wp-json\/wp\/v2\/posts\/42287\/revisions"}],"predecessor-version":[{"id":42300,"href":"https:\/\/www.leccecronaca.it\/index.php\/wp-json\/wp\/v2\/posts\/42287\/revisions\/42300"}],"wp:featuredmedia":[{"embeddable":true,"href":"https:\/\/www.leccecronaca.it\/index.php\/wp-json\/wp\/v2\/media\/42288"}],"wp:attachment":[{"href":"https:\/\/www.leccecronaca.it\/index.php\/wp-json\/wp\/v2\/media?parent=42287"}],"wp:term":[{"taxonomy":"category","embeddable":true,"href":"https:\/\/www.leccecronaca.it\/index.php\/wp-json\/wp\/v2\/categories?post=42287"},{"taxonomy":"post_tag","embeddable":true,"href":"https:\/\/www.leccecronaca.it\/index.php\/wp-json\/wp\/v2\/tags?post=42287"}],"curies":[{"name":"wp","href":"https:\/\/api.w.org\/{rel}","templated":true}]}}