{"id":43944,"date":"2015-01-28T20:34:29","date_gmt":"2015-01-28T19:34:29","guid":{"rendered":"http:\/\/www.leccecronaca.it\/?p=43944"},"modified":"2015-01-28T20:34:29","modified_gmt":"2015-01-28T19:34:29","slug":"scelta-dagli-iscritti-e-antonella-laricchia-la-candidata-del-m5s-a-presidente-della-regione-puglia","status":"publish","type":"post","link":"https:\/\/www.leccecronaca.it\/index.php\/2015\/01\/28\/scelta-dagli-iscritti-e-antonella-laricchia-la-candidata-del-m5s-a-presidente-della-regione-puglia\/","title":{"rendered":"SCELTA DAGLI ISCRITTI \/ E&#8217; ANTONELLA LARICCHIA LA CANDIDATA DEL M5S A PRESIDENTE DELLA REGIONE PUGLIA"},"content":{"rendered":"<p><a href=\"https:\/\/www.leccecronaca.it\/wordpress\/wp-content\/uploads\/2015\/01\/1904203_10204250591121603_7428977271352434497_n.jpg\"><img decoding=\"async\" loading=\"lazy\" width=\"284\" height=\"300\" title=\"1904203_10204250591121603_7428977271352434497_n\" class=\"alignleft size-medium wp-image-43945\" alt=\"\" src=\"https:\/\/www.leccecronaca.it\/wordpress\/wp-content\/uploads\/2015\/01\/1904203_10204250591121603_7428977271352434497_n-284x300.jpg\" srcset=\"https:\/\/www.leccecronaca.it\/wordpress\/wp-content\/uploads\/2015\/01\/1904203_10204250591121603_7428977271352434497_n-284x300.jpg 284w, https:\/\/www.leccecronaca.it\/wordpress\/wp-content\/uploads\/2015\/01\/1904203_10204250591121603_7428977271352434497_n.jpg 696w\" sizes=\"(max-width: 284px) 100vw, 284px\" \/><\/a>(Rdl)______In meno di un\u2019 ora dalla chiusura delle operazioni di voto degli iscritti, che dovevano scegliere i candidati a presidente di regione, il blog di Beppe Grillo ha dato il responso. La candidata a presidente della regione Puglia del M5S \u00e8 Antonella Laricchia (nella foto). Ha 28 anni, vive ad Adelfia, \u00e8 laureanda in architettura. Ha lavorato come standista, interprete e insegnante di doposcuola.<\/p>\n<p>Da attivista del Movimento, si \u00e8 occupata di energia, pubblica amministrazione, smaltimento rifiuti, de-politicizzazione della cultura.<\/p>\n<p>E\u2019 appassionata di storia del Sud.<\/p>\n<p>Cos\u00ec si \u00e8 presentata agli iscritti del M5S che l\u2019hanno scelta:<\/p>\n<p>\u201c<em>Alla mia generazione, giovane, onesta, meridionale e consapevole, non rester\u00e0 che emigrare se la regione non sar\u00e0 liberata da una classe politica condannata, dalla sua collusione, all\u2019inazione.<\/em><\/p>\n<p><em>Ci\u00f2 in nome di onest\u00e0 ed impegno (e coerenza!), cio\u00e8 avere le mani libere dagli affaristi, che perseguono spietatamente quegli obiettivi speculativi, che fanno arricchire pochi ed ammalare tanti, potranno segnare un cambiamento reale (verso la normalit\u00e0) per la nostra terra.<\/em><\/p>\n<p><em>Questi affaristi, imprenditori della &#8220;monnezza&#8221;, dell\u2019energia, dell\u2019acciaio e della sanit\u00e0, ci condannano ad un futuro insostenibile, ignorando la nostra vocazione turistica, artigianale, agricola e culturale.<\/em><\/p>\n<p><em>I bandi regionali, le fondazioni culturali che registrano boom di assunzioni nel periodo elettorale e contributi pubblici senza un\u2019adeguata verifica, devono premiare sostenibilit\u00e0, km zero, ricerca, merito; non &#8220;amicizia&#8221;.<\/em><\/p>\n<p><em>Voglio inoltre riscrivere, con voi, le pagine di storia che si studiano, perch\u00e9 se non ci raccontano cosa ci \u00e8 successo a partire dal 1861, ci condannano ad un senso di inferiorit\u00e0 (indotto) eterno sul quale ancora una volta speculano le assicurazioni o i partiti, che tagliano i fondi per il Mezzogiorno direzionandoli verso le mafie\u201d.<\/em><\/p>\n<p>&nbsp;<\/p>\n<p>&nbsp;<\/p>\n<p>&nbsp;<\/p>\n<fb:like href='https:\/\/www.leccecronaca.it\/index.php\/2015\/01\/28\/scelta-dagli-iscritti-e-antonella-laricchia-la-candidata-del-m5s-a-presidente-della-regione-puglia\/' send='true' layout='button_count' show_faces='true' width='450' height='65' action='recommend' colorscheme='light' font='lucida grande'><\/fb:like><span class=\"fb_share\"><fb:like href=\"https:\/\/www.leccecronaca.it\/index.php\/2015\/01\/28\/scelta-dagli-iscritti-e-antonella-laricchia-la-candidata-del-m5s-a-presidente-della-regione-puglia\/\" layout=\"button_count\"><\/fb:like><\/span>","protected":false},"excerpt":{"rendered":"<p>(Rdl)______In meno di un\u2019 ora dalla chiusura delle operazioni di voto degli iscritti, che dovevano scegliere i candidati a presidente di regione, il blog di Beppe Grillo ha dato il responso. La candidata a presidente della regione Puglia del M5S \u00e8 Antonella Laricchia (nella foto). Ha 28 anni, vive ad Adelfia, \u00e8 laureanda in architettura. [&hellip;]<\/p>\n","protected":false},"author":4,"featured_media":43945,"comment_status":"open","ping_status":"closed","sticky":false,"template":"","format":"standard","meta":[],"categories":[1],"tags":[],"_links":{"self":[{"href":"https:\/\/www.leccecronaca.it\/index.php\/wp-json\/wp\/v2\/posts\/43944"}],"collection":[{"href":"https:\/\/www.leccecronaca.it\/index.php\/wp-json\/wp\/v2\/posts"}],"about":[{"href":"https:\/\/www.leccecronaca.it\/index.php\/wp-json\/wp\/v2\/types\/post"}],"author":[{"embeddable":true,"href":"https:\/\/www.leccecronaca.it\/index.php\/wp-json\/wp\/v2\/users\/4"}],"replies":[{"embeddable":true,"href":"https:\/\/www.leccecronaca.it\/index.php\/wp-json\/wp\/v2\/comments?post=43944"}],"version-history":[{"count":2,"href":"https:\/\/www.leccecronaca.it\/index.php\/wp-json\/wp\/v2\/posts\/43944\/revisions"}],"predecessor-version":[{"id":43947,"href":"https:\/\/www.leccecronaca.it\/index.php\/wp-json\/wp\/v2\/posts\/43944\/revisions\/43947"}],"wp:featuredmedia":[{"embeddable":true,"href":"https:\/\/www.leccecronaca.it\/index.php\/wp-json\/wp\/v2\/media\/43945"}],"wp:attachment":[{"href":"https:\/\/www.leccecronaca.it\/index.php\/wp-json\/wp\/v2\/media?parent=43944"}],"wp:term":[{"taxonomy":"category","embeddable":true,"href":"https:\/\/www.leccecronaca.it\/index.php\/wp-json\/wp\/v2\/categories?post=43944"},{"taxonomy":"post_tag","embeddable":true,"href":"https:\/\/www.leccecronaca.it\/index.php\/wp-json\/wp\/v2\/tags?post=43944"}],"curies":[{"name":"wp","href":"https:\/\/api.w.org\/{rel}","templated":true}]}}