{"id":44245,"date":"2015-02-06T13:39:16","date_gmt":"2015-02-06T12:39:16","guid":{"rendered":"http:\/\/www.leccecronaca.it\/?p=44245"},"modified":"2015-02-06T13:38:46","modified_gmt":"2015-02-06T12:38:46","slug":"teatro-amadeus-interpretato-da-solenghi-a-cavallino-domenica-8","status":"publish","type":"post","link":"https:\/\/www.leccecronaca.it\/index.php\/2015\/02\/06\/teatro-amadeus-interpretato-da-solenghi-a-cavallino-domenica-8\/","title":{"rendered":"TEATRO \/ &#8220;AMADEUS&#8221; INTERPRETATO DA SOLENGHI A CAVALLINO DOMENICA 8"},"content":{"rendered":"<p><a href=\"https:\/\/www.leccecronaca.it\/wordpress\/wp-content\/uploads\/2015\/02\/amadeus_home.jpg\"><img decoding=\"async\" loading=\"lazy\" width=\"150\" height=\"150\" title=\"amadeus_home\" class=\"alignleft size-thumbnail wp-image-44246\" alt=\"\" src=\"https:\/\/www.leccecronaca.it\/wordpress\/wp-content\/uploads\/2015\/02\/amadeus_home-150x150.jpg\" \/><\/a>Domenica 8 febbraio,\u00a0alle ore 20.30, per la stagione del Teatro \u201cIl Ducale\u201d di Cavallino, appuntamento con &#8220;Amadeus&#8221;, commedia di Peter Shaffer, per la regia di Alberto Giusta, con Tullio Solenghi (nella foto), Aldo Ottobrino, Roberto Alinghieri, Arianna Comes, Davide Lorino, Elisabetta Mazzullo e Andrea Nicolini, una coproduzione del Teatro Stabile di Genova e Compagnia Gank.<\/p>\n<p>Amadeus \u00e8 il titolo della pi\u00e8ce teatrale in due atti scritta da Peter Shaffer nel 1978, da cui \u00e8 stato successivamente tratto l&#8217;omonimo film del 1984 diretto da Milos Forman, che ebbe grandissimo successo. Il dramma racconta il tentativo del compositore italiano Antonio Salieri di distruggere la reputazione dell&#8217;odiato avversario Wolfgang Amadeus Mozart.<\/p>\n<p>Biglietti a 15 e 18 euro. Info e prevendite telefonando ai numeri 0832611208 \u2013 3316393549.<\/p>\n<p>&nbsp;<\/p>\n<p>&nbsp;<\/p>\n<fb:like href='https:\/\/www.leccecronaca.it\/index.php\/2015\/02\/06\/teatro-amadeus-interpretato-da-solenghi-a-cavallino-domenica-8\/' send='true' layout='button_count' show_faces='true' width='450' height='65' action='recommend' colorscheme='light' font='lucida grande'><\/fb:like><span class=\"fb_share\"><fb:like href=\"https:\/\/www.leccecronaca.it\/index.php\/2015\/02\/06\/teatro-amadeus-interpretato-da-solenghi-a-cavallino-domenica-8\/\" layout=\"button_count\"><\/fb:like><\/span>","protected":false},"excerpt":{"rendered":"<p>Domenica 8 febbraio,\u00a0alle ore 20.30, per la stagione del Teatro \u201cIl Ducale\u201d di Cavallino, appuntamento con &#8220;Amadeus&#8221;, commedia di Peter Shaffer, per la regia di Alberto Giusta, con Tullio Solenghi (nella foto), Aldo Ottobrino, Roberto Alinghieri, Arianna Comes, Davide Lorino, Elisabetta Mazzullo e Andrea Nicolini, una coproduzione del Teatro Stabile di Genova e Compagnia Gank. [&hellip;]<\/p>\n","protected":false},"author":4,"featured_media":44246,"comment_status":"open","ping_status":"closed","sticky":false,"template":"","format":"standard","meta":[],"categories":[31],"tags":[],"_links":{"self":[{"href":"https:\/\/www.leccecronaca.it\/index.php\/wp-json\/wp\/v2\/posts\/44245"}],"collection":[{"href":"https:\/\/www.leccecronaca.it\/index.php\/wp-json\/wp\/v2\/posts"}],"about":[{"href":"https:\/\/www.leccecronaca.it\/index.php\/wp-json\/wp\/v2\/types\/post"}],"author":[{"embeddable":true,"href":"https:\/\/www.leccecronaca.it\/index.php\/wp-json\/wp\/v2\/users\/4"}],"replies":[{"embeddable":true,"href":"https:\/\/www.leccecronaca.it\/index.php\/wp-json\/wp\/v2\/comments?post=44245"}],"version-history":[{"count":3,"href":"https:\/\/www.leccecronaca.it\/index.php\/wp-json\/wp\/v2\/posts\/44245\/revisions"}],"predecessor-version":[{"id":44248,"href":"https:\/\/www.leccecronaca.it\/index.php\/wp-json\/wp\/v2\/posts\/44245\/revisions\/44248"}],"wp:featuredmedia":[{"embeddable":true,"href":"https:\/\/www.leccecronaca.it\/index.php\/wp-json\/wp\/v2\/media\/44246"}],"wp:attachment":[{"href":"https:\/\/www.leccecronaca.it\/index.php\/wp-json\/wp\/v2\/media?parent=44245"}],"wp:term":[{"taxonomy":"category","embeddable":true,"href":"https:\/\/www.leccecronaca.it\/index.php\/wp-json\/wp\/v2\/categories?post=44245"},{"taxonomy":"post_tag","embeddable":true,"href":"https:\/\/www.leccecronaca.it\/index.php\/wp-json\/wp\/v2\/tags?post=44245"}],"curies":[{"name":"wp","href":"https:\/\/api.w.org\/{rel}","templated":true}]}}