{"id":44249,"date":"2015-02-03T13:38:46","date_gmt":"2015-02-03T12:38:46","guid":{"rendered":"http:\/\/www.leccecronaca.it\/?p=44249"},"modified":"2015-02-03T13:38:46","modified_gmt":"2015-02-03T12:38:46","slug":"lo-sfogo-di-pagliari-in-esclusiva-su-leccecronaca-volevo-restare","status":"publish","type":"post","link":"https:\/\/www.leccecronaca.it\/index.php\/2015\/02\/03\/lo-sfogo-di-pagliari-in-esclusiva-su-leccecronaca-volevo-restare\/","title":{"rendered":"LO SFOGO DI PAGLIARI IN ESCLUSIVA SU LECCECRONACA: &#8220;Volevo restare&#8221;"},"content":{"rendered":"<p><a href=\"https:\/\/www.leccecronaca.it\/wordpress\/wp-content\/uploads\/2015\/02\/DSCF2508.jpg\"><img decoding=\"async\" loading=\"lazy\" src=\"https:\/\/www.leccecronaca.it\/wordpress\/wp-content\/uploads\/2015\/02\/DSCF2508-300x224.jpg\" alt=\"\" title=\"DSCF2508\" width=\"300\" height=\"224\" class=\"alignleft size-medium wp-image-44263\" srcset=\"https:\/\/www.leccecronaca.it\/wordpress\/wp-content\/uploads\/2015\/02\/DSCF2508-300x224.jpg 300w, https:\/\/www.leccecronaca.it\/wordpress\/wp-content\/uploads\/2015\/02\/DSCF2508-1024x768.jpg 1024w\" sizes=\"(max-width: 300px) 100vw, 300px\" \/><\/a>di<strong> Laura Ricci<\/strong>_____<\/p>\n<p>Questa mattina \u00e8 stato comunicato ufficialmente dall&#8217; <strong>Us Lecce<\/strong> che mister <strong>Pagliari<\/strong> non \u00e8 pi\u00f9 alla guida dei giallorossi.<\/p>\n<p>Una decisione che era nell&#8217;aria nelle ultime ore, ma che ancora non trova una spiegazione esplicita e razionale. Un allenatore, chiamato in soccorso da una societ\u00e0, che viene allontanato dopo un mese di lavoro lascia perplessit\u00e0 nei tifosi e non solo.<\/p>\n<p>Questa stessa mattina, in giro per la citt\u00e0 che da domani non sar\u00e0 pi\u00f9 legata alla sua persona, l&#8217;ormai ex mister del Lecce era in giro in compagnia del suo vice <strong>Maurizio Tacchi<\/strong> per dare un ultimo saluto all&#8217;ambiente salentino. Con fare come sempre composto il tecnico di Macerata, da me appositamente fermato, si \u00e8 detto dispiaciuto e rammaricato. <strong><em>&#8220;Purtroppo questo \u00e8 il calcio: oggi vai bene e domani non pi\u00f9.&#8221;<\/em><\/strong> Alla domanda se fosse stata una rottura consensuale con la famiglia Tesoro la risposta \u00e8 stata chiara e non ha lasciato alcun dubbio <strong><em>&#8220;Ma quale consensuale, ci sarebbe piaciuto tanto rimanere qui a Lecce, ma \u00e8 stata presa questa decisione purtroppo&#8221;.\u00a0<\/em><\/strong><\/p>\n<p>Dello stesso stato d&#8217;animo \u00e8 stato l&#8217;allenatore in seconda Tacchi che, sinceramente dispiaciuto, ha ammesso la volont\u00e0 da parte sua di rimanere nell&#8217;ambiente giallorosso:<strong><em> &#8220;Alcuni tifosi speravano nella nostra permanenza e anche noi sinceramente&#8221;.\u00a0<\/em><\/strong><\/p>\n<p>L&#8217;esonero di Pagliari ha colto di sorpresa non solo i sostenitori del Lecce ma anche lo staff tecnico, evidentemente non partecipe alla trattativa di rottura e senza le idee ben chiare per quanto riguarda una decisione cos\u00ec radicale.<\/p>\n<p>Questo pomeriggio la squadra sar\u00e0 guidata dall&#8217;allenatore <strong>Morello<\/strong>, tecnico della Berretti, in attesa dell&#8217;arrivo del successore di Pagliari. Il nome di <strong>Bollini<\/strong> rimane il pi\u00f9 quotato ma a quanto pare a Lecce nulla \u00e8 mai \u00a0certo.<\/p>\n<p>&nbsp;<\/p>\n<p>&nbsp;<\/p>\n<fb:like href='https:\/\/www.leccecronaca.it\/index.php\/2015\/02\/03\/lo-sfogo-di-pagliari-in-esclusiva-su-leccecronaca-volevo-restare\/' send='true' layout='button_count' show_faces='true' width='450' height='65' action='recommend' colorscheme='light' font='lucida grande'><\/fb:like><span class=\"fb_share\"><fb:like href=\"https:\/\/www.leccecronaca.it\/index.php\/2015\/02\/03\/lo-sfogo-di-pagliari-in-esclusiva-su-leccecronaca-volevo-restare\/\" layout=\"button_count\"><\/fb:like><\/span>","protected":false},"excerpt":{"rendered":"<p>di Laura Ricci_____ Questa mattina \u00e8 stato comunicato ufficialmente dall&#8217; Us Lecce che mister Pagliari non \u00e8 pi\u00f9 alla guida dei giallorossi. Una decisione che era nell&#8217;aria nelle ultime ore, ma che ancora non trova una spiegazione esplicita e razionale. Un allenatore, chiamato in soccorso da una societ\u00e0, che viene allontanato dopo un mese di [&hellip;]<\/p>\n","protected":false},"author":4,"featured_media":0,"comment_status":"open","ping_status":"closed","sticky":false,"template":"","format":"standard","meta":[],"categories":[28],"tags":[],"_links":{"self":[{"href":"https:\/\/www.leccecronaca.it\/index.php\/wp-json\/wp\/v2\/posts\/44249"}],"collection":[{"href":"https:\/\/www.leccecronaca.it\/index.php\/wp-json\/wp\/v2\/posts"}],"about":[{"href":"https:\/\/www.leccecronaca.it\/index.php\/wp-json\/wp\/v2\/types\/post"}],"author":[{"embeddable":true,"href":"https:\/\/www.leccecronaca.it\/index.php\/wp-json\/wp\/v2\/users\/4"}],"replies":[{"embeddable":true,"href":"https:\/\/www.leccecronaca.it\/index.php\/wp-json\/wp\/v2\/comments?post=44249"}],"version-history":[{"count":7,"href":"https:\/\/www.leccecronaca.it\/index.php\/wp-json\/wp\/v2\/posts\/44249\/revisions"}],"predecessor-version":[{"id":44264,"href":"https:\/\/www.leccecronaca.it\/index.php\/wp-json\/wp\/v2\/posts\/44249\/revisions\/44264"}],"wp:attachment":[{"href":"https:\/\/www.leccecronaca.it\/index.php\/wp-json\/wp\/v2\/media?parent=44249"}],"wp:term":[{"taxonomy":"category","embeddable":true,"href":"https:\/\/www.leccecronaca.it\/index.php\/wp-json\/wp\/v2\/categories?post=44249"},{"taxonomy":"post_tag","embeddable":true,"href":"https:\/\/www.leccecronaca.it\/index.php\/wp-json\/wp\/v2\/tags?post=44249"}],"curies":[{"name":"wp","href":"https:\/\/api.w.org\/{rel}","templated":true}]}}