{"id":44304,"date":"2015-02-03T18:13:35","date_gmt":"2015-02-03T17:13:35","guid":{"rendered":"http:\/\/www.leccecronaca.it\/?p=44304"},"modified":"2015-02-03T20:12:20","modified_gmt":"2015-02-03T19:12:20","slug":"pankiewicz-organizza-per-aprile-una-celebrazione-di-tito-schipa-nel-cinquantesimo-anniversario-della-morte-del-tenore-leccese","status":"publish","type":"post","link":"https:\/\/www.leccecronaca.it\/index.php\/2015\/02\/03\/pankiewicz-organizza-per-aprile-una-celebrazione-di-tito-schipa-nel-cinquantesimo-anniversario-della-morte-del-tenore-leccese\/","title":{"rendered":"PANKIEWICZ ORGANIZZA PER APRILE UNA CELEBRAZIONE DI TITO SCHIPA NEL CINQUANTESIMO ANNIVERSARIO DELLA MORTE DEL TENORE LECCESE"},"content":{"rendered":"<p><a href=\"https:\/\/www.leccecronaca.it\/wordpress\/wp-content\/uploads\/2015\/02\/untitled7.png\"><img decoding=\"async\" loading=\"lazy\" width=\"150\" height=\"150\" title=\"untitled\" class=\"alignleft size-thumbnail wp-image-44305\" alt=\"\" src=\"https:\/\/www.leccecronaca.it\/wordpress\/wp-content\/uploads\/2015\/02\/untitled7-150x150.png\" \/><\/a>RICEVIAMO E VOLENTIERI PUBBLICHIAMO______Il presidente dell&#8217; associazione &#8220;Valori e rinnovamento&#8221;Wojtek Pankiewicz\u00a0 ci scrive:<\/p>\n<p>&#8220;Sono davvero felice di annunciare che anche noi di \u201cValori e Rinnovamento\u201d onoreremo il nostro grande tenore leccese, Tito Schipa (nella foto),\u201cl&#8217;usignolo d&#8217;Italia\u201d, \u201cl&#8217;usignolo del Mediterraneo\u201d , il pi\u00f9 grande \u201ctenore di grazia\u201d del mondo, nel 50\u00b0 anniversario della sua morte, che ricorre quest&#8217;anno. E abbiamo deciso di farlo in un modo davvero originale : il suo repertorio musicale sar\u00e0 interpretato e cantato da bambini e ragazzi, nel corso di un curatissimo spettacolo che si svolger\u00e0 sabato, 18 aprile, alle ore 20,00, presso il Teatro Il Ducale di Cavallino. Ringraziamo sentitamente il sindaco di Cavallino, avv. Michele Lombardi e, in particolare, l&#8217;Assessore alla Cultura, on. Gaetano Gorgoni, che si \u00e8 entusiasmato per la nostra originale proposta, decidendo di affiancarci nella realizzazione dell&#8217;iniziativa.<\/p>\n<p>Sono al lavoro per preparare i giovanissimi artisti : Tina Patavia, gi\u00e0 docente del Conservatorio \u201cTito Schipa\u201d, che attualmente cura il coro di voci bianche \u201cAllegri cantiam\u201d del Gruppo Madrigalistico Salentino \u201cPadre Igino Ettorre\u201d e Anna Ciaccia, direttore d&#8217;orchestra, collaboratore al pianoforte sar\u00e0 Francesca Mammana, docente del Conservatorio \u201cTito Schipa\u201d. La direzione artistica dello spettacolo sar\u00e0 a cura di Alessandra Graziuso, le cui giovani allieve della Scuola di Danza \u201cAttitude\u201d interpreteranno le coreografie riferite alle varie fasi della vita di Tito Schipa.<\/p>\n<p>Per questo importante e originale evento, la locandina \u00e8 stata curata dall&#8217;artista salentina Gabriella Legno ( www.gabriellalegno.it ) , che ha realizzato un vero e proprio bellissimo dipinto.<\/p>\n<p>La serata sar\u00e0 aperta dai saluti del sindaco e dell&#8217;assessore alla Cultura del Comune di Cavallino, oltre che del sottoscritto. Ci saranno poi gli interventi di Gianni Carluccio, responsabile dell&#8217;Archivio \u201cTito Schipa\u201d ed Eraldo Martucci, vicepresidente della Fondazione ICO \u201cTito Schipa\u201d di Lecce. Seguir\u00e0 quindi lo spettacolo che si articoler\u00e0 in un unico atto che, attraverso le varie coreografie, ripercorrer\u00e0 le fasi della vita del grandissimo tenore leccese.<\/p>\n<p>Sono sicuro che il pubblico gradir\u00e0 moltissimo questo spettacolo, ma sono ancora pi\u00f9 sicuro che di Lass\u00f9 lo gradir\u00e0 Tito Schipa nel veder cantare il suo repertorio musicale da parte di bambini e ragazzi.<\/p>\n<p>Tra i fini di \u201cValori e Rinnovamento\u201d c&#8217;\u00e8 quello di avvicinare bambini e ragazzi all&#8217;Arte, in questo caso musica e canto, facendo anche conoscere loro i grandi salentini del passato. Anche questo evento si colloca all&#8217;interno del nostro grande progetto \u201cSalento Ideale\u201d, che considera l&#8217;Arte, la Cultura, la Bellezza, fondamentali per costruire un Salento migliore, appunto, un Salento Ideale&#8221;.<\/p>\n<p>&nbsp;<\/p>\n<p>&nbsp;<\/p>\n<p>&nbsp;<\/p>\n<p>&nbsp;<\/p>\n<p>&nbsp;<\/p>\n<p>&nbsp;<\/p>\n<p>&nbsp;<\/p>\n<p>&nbsp;<\/p>\n<p>&nbsp;<\/p>\n<p>&nbsp;<\/p>\n<p>&nbsp;<\/p>\n<p>&nbsp;<\/p>\n<p>&nbsp;<\/p>\n<p>&nbsp;<\/p>\n<p>&nbsp;<\/p>\n<p>&nbsp;<\/p>\n<p>&nbsp;<\/p>\n<p>&nbsp;<\/p>\n<p>&nbsp;<\/p>\n<p>&nbsp;<\/p>\n<p>&nbsp;<\/p>\n<p>&nbsp;<\/p>\n<p>&nbsp;<\/p>\n<p>&nbsp;<\/p>\n<p>&nbsp;<\/p>\n<p>&nbsp;<\/p>\n<p>&nbsp;<\/p>\n<p>&nbsp;<\/p>\n<p>&nbsp;<\/p>\n<p>&nbsp;<\/p>\n<p>&nbsp;<\/p>\n<p>&nbsp;<\/p>\n<p>&nbsp;<\/p>\n<p>&nbsp;<\/p>\n<p>&nbsp;<\/p>\n<p>&nbsp;<\/p>\n<fb:like href='https:\/\/www.leccecronaca.it\/index.php\/2015\/02\/03\/pankiewicz-organizza-per-aprile-una-celebrazione-di-tito-schipa-nel-cinquantesimo-anniversario-della-morte-del-tenore-leccese\/' send='true' layout='button_count' show_faces='true' width='450' height='65' action='recommend' colorscheme='light' font='lucida grande'><\/fb:like><span class=\"fb_share\"><fb:like href=\"https:\/\/www.leccecronaca.it\/index.php\/2015\/02\/03\/pankiewicz-organizza-per-aprile-una-celebrazione-di-tito-schipa-nel-cinquantesimo-anniversario-della-morte-del-tenore-leccese\/\" layout=\"button_count\"><\/fb:like><\/span>","protected":false},"excerpt":{"rendered":"<p>RICEVIAMO E VOLENTIERI PUBBLICHIAMO______Il presidente dell&#8217; associazione &#8220;Valori e rinnovamento&#8221;Wojtek Pankiewicz\u00a0 ci scrive: &#8220;Sono davvero felice di annunciare che anche noi di \u201cValori e Rinnovamento\u201d onoreremo il nostro grande tenore leccese, Tito Schipa (nella foto),\u201cl&#8217;usignolo d&#8217;Italia\u201d, \u201cl&#8217;usignolo del Mediterraneo\u201d , il pi\u00f9 grande \u201ctenore di grazia\u201d del mondo, nel 50\u00b0 anniversario della sua morte, che [&hellip;]<\/p>\n","protected":false},"author":4,"featured_media":44305,"comment_status":"open","ping_status":"closed","sticky":false,"template":"","format":"standard","meta":[],"categories":[36],"tags":[],"_links":{"self":[{"href":"https:\/\/www.leccecronaca.it\/index.php\/wp-json\/wp\/v2\/posts\/44304"}],"collection":[{"href":"https:\/\/www.leccecronaca.it\/index.php\/wp-json\/wp\/v2\/posts"}],"about":[{"href":"https:\/\/www.leccecronaca.it\/index.php\/wp-json\/wp\/v2\/types\/post"}],"author":[{"embeddable":true,"href":"https:\/\/www.leccecronaca.it\/index.php\/wp-json\/wp\/v2\/users\/4"}],"replies":[{"embeddable":true,"href":"https:\/\/www.leccecronaca.it\/index.php\/wp-json\/wp\/v2\/comments?post=44304"}],"version-history":[{"count":2,"href":"https:\/\/www.leccecronaca.it\/index.php\/wp-json\/wp\/v2\/posts\/44304\/revisions"}],"predecessor-version":[{"id":44307,"href":"https:\/\/www.leccecronaca.it\/index.php\/wp-json\/wp\/v2\/posts\/44304\/revisions\/44307"}],"wp:featuredmedia":[{"embeddable":true,"href":"https:\/\/www.leccecronaca.it\/index.php\/wp-json\/wp\/v2\/media\/44305"}],"wp:attachment":[{"href":"https:\/\/www.leccecronaca.it\/index.php\/wp-json\/wp\/v2\/media?parent=44304"}],"wp:term":[{"taxonomy":"category","embeddable":true,"href":"https:\/\/www.leccecronaca.it\/index.php\/wp-json\/wp\/v2\/categories?post=44304"},{"taxonomy":"post_tag","embeddable":true,"href":"https:\/\/www.leccecronaca.it\/index.php\/wp-json\/wp\/v2\/tags?post=44304"}],"curies":[{"name":"wp","href":"https:\/\/api.w.org\/{rel}","templated":true}]}}