{"id":44519,"date":"2015-02-07T12:47:27","date_gmt":"2015-02-07T11:47:27","guid":{"rendered":"http:\/\/www.leccecronaca.it\/?p=44519"},"modified":"2015-02-07T13:05:04","modified_gmt":"2015-02-07T12:05:04","slug":"lecce-savoia-giallorossi-chiamati-alla-svolta-e-alla-prima-vittoria-targata-bollini","status":"publish","type":"post","link":"https:\/\/www.leccecronaca.it\/index.php\/2015\/02\/07\/lecce-savoia-giallorossi-chiamati-alla-svolta-e-alla-prima-vittoria-targata-bollini\/","title":{"rendered":"IL LECCE \/ IL PREPARTITA \/ NECESSARIA UNA SVOLTA, SERVONO I PRIMI TRE&#8230;BOLLINI SULLA VITTORIA"},"content":{"rendered":"<p><a href=\"https:\/\/www.leccecronaca.it\/wordpress\/wp-content\/uploads\/2015\/02\/lecce-savoia.png\"><img decoding=\"async\" loading=\"lazy\" width=\"300\" height=\"184\" title=\"lecce-savoia\" class=\"alignleft size-medium wp-image-44534\" alt=\"\" src=\"https:\/\/www.leccecronaca.it\/wordpress\/wp-content\/uploads\/2015\/02\/lecce-savoia-e1423305931291-300x184.png\" srcset=\"https:\/\/www.leccecronaca.it\/wordpress\/wp-content\/uploads\/2015\/02\/lecce-savoia-e1423305931291-300x184.png 300w, https:\/\/www.leccecronaca.it\/wordpress\/wp-content\/uploads\/2015\/02\/lecce-savoia-e1423305931291-1024x630.png 1024w, https:\/\/www.leccecronaca.it\/wordpress\/wp-content\/uploads\/2015\/02\/lecce-savoia-e1423305931291.png 1236w\" sizes=\"(max-width: 300px) 100vw, 300px\" \/><\/a>di<strong> Laura Ricci<\/strong>_______<\/p>\n<p>Nella ventiquattresima giornata di Lega Pro che si terr\u00e0 domani alle 14.30 al Via del Mare contro il <strong>Savoia<\/strong>, \u00a0il Lecce \u00e8 chiamato all&#8217;ennesima dimostrazione di carattere.<\/p>\n<p>Dopo la clamorosa sconfitta subita contro la <strong>Reggina<\/strong>, i giallorossi hanno subito un ulteriore scossone a causa del cambio di allenatore avvenuto all&#8217;improvviso. <strong>Mister Bollini<\/strong> sar\u00e0 la guida tecnica che dovr\u00e0 risollevare questa squadra che proprio non riesce a trovare continuit\u00e0 e sicurezza sul campo. Dopo aver resettato le indicazioni di Lerda, ora tocca farlo con quelle di Pagliari; memoria a breve termine per essere in grado di acquisire l&#8217;idea di gioco del nuovo allenatore.<\/p>\n<p>Bollini, e l&#8217;ha detto nella conferenza stampa di presentazione, non \u00e8 un patito dei moduli e sar\u00e0 pronto ad adattarsi alle caratteristiche dei suoi ragazzi per poi decidere quale sia la tattica migliore. Intanto, dai primi allenamenti svolti, \u00e8 emersa una preferenza per il 4-3-3; il nuovo tecnico leccese per la gara di domani dovr\u00e0 fare a meno degli infortunati <strong>Doumbia, Vinetot<\/strong> che ha accusato un trauma contusivo-distorsivo alla caviglia destra e <strong>Manconi<\/strong>, appena approdato in giallorosso e gi\u00e0 vittima di un fastidio ala caviglia. A questi si aggiungono <strong>Sacilotto<\/strong> e <strong>Di Chiara<\/strong> che dovranno scontare un turno di squalifica in seguito alla gara Reggina-Lecce. Ci dovrebbe essere invece <strong>Romeo Papini<\/strong> che durante la settimana aveva accusato un fastidio al ginocchio destro ma poi \u00e8 tornato ad allenarsi regolarmente con la squadra.<\/p>\n<p>Il Lecce ha estremo bisogno di portare a casa la vittoria per poter continuare a sperare almeno nell&#8217;accesso ai play off; in questo momento i giallorossi stazionano al quinto posto, fermi a trentanove punti e a meno due dalla <strong>Casertana<\/strong> quarta in classifica.<\/p>\n<p><strong>L&#8217;avversario<\/strong>: l&#8217;ultimo <strong>Savoia-Lecce<\/strong> termin\u00f2 nel girone di andata con il risultato di zero a zero. Ora la squadra di <strong>Torre Annunziata<\/strong> si trova al diciassettesimo posto con venti punti e con l&#8217;intento di lottare per la salvezza. Anche i campani sono stati oggetto di cambiamenti e, come il Lecce, sono al terzo allenatore diverso alla guida della squadra in questa stagione: dopo l&#8217;esonero di <strong>Giovanni Bucaro<\/strong>, a gennaio la societ\u00e0 ha deciso di allontanare anche il tecnico <strong>Guido Ugolotti<\/strong>. Alla guida del Savoia ora c&#8217;\u00e8 <strong>Aldo Papagni<\/strong>, esperto allenatore della categoria che ha allenato anche il Taranto.<\/p>\n<p>Gli obiettivi delle due squadre sono opposti, i giallorossi cercano la via della promozione e i campani lottano per la permanenza nella serie. Ci\u00f2 che le accomuna pero \u00e8 il fatto di dover dimostrare ai propri tifosi di esserci davvero e di voler onorare la maglia dall&#8217;inizio alla fine.<\/p>\n<p>Come quella contro la Reggina, la gara di domani sar\u00e0 <strong>insidiosa<\/strong> e piena di trappole per il Lecce che dovr\u00e0 mantenere la concentrazione adatta per portare a casa la prima vittoria targata Bollini.<\/p>\n<p>&nbsp;<\/p>\n<fb:like href='https:\/\/www.leccecronaca.it\/index.php\/2015\/02\/07\/lecce-savoia-giallorossi-chiamati-alla-svolta-e-alla-prima-vittoria-targata-bollini\/' send='true' layout='button_count' show_faces='true' width='450' height='65' action='recommend' colorscheme='light' font='lucida grande'><\/fb:like><span class=\"fb_share\"><fb:like href=\"https:\/\/www.leccecronaca.it\/index.php\/2015\/02\/07\/lecce-savoia-giallorossi-chiamati-alla-svolta-e-alla-prima-vittoria-targata-bollini\/\" layout=\"button_count\"><\/fb:like><\/span>","protected":false},"excerpt":{"rendered":"<p>di Laura Ricci_______ Nella ventiquattresima giornata di Lega Pro che si terr\u00e0 domani alle 14.30 al Via del Mare contro il Savoia, \u00a0il Lecce \u00e8 chiamato all&#8217;ennesima dimostrazione di carattere. Dopo la clamorosa sconfitta subita contro la Reggina, i giallorossi hanno subito un ulteriore scossone a causa del cambio di allenatore avvenuto all&#8217;improvviso. Mister Bollini [&hellip;]<\/p>\n","protected":false},"author":4,"featured_media":0,"comment_status":"open","ping_status":"closed","sticky":false,"template":"","format":"standard","meta":[],"categories":[28],"tags":[],"_links":{"self":[{"href":"https:\/\/www.leccecronaca.it\/index.php\/wp-json\/wp\/v2\/posts\/44519"}],"collection":[{"href":"https:\/\/www.leccecronaca.it\/index.php\/wp-json\/wp\/v2\/posts"}],"about":[{"href":"https:\/\/www.leccecronaca.it\/index.php\/wp-json\/wp\/v2\/types\/post"}],"author":[{"embeddable":true,"href":"https:\/\/www.leccecronaca.it\/index.php\/wp-json\/wp\/v2\/users\/4"}],"replies":[{"embeddable":true,"href":"https:\/\/www.leccecronaca.it\/index.php\/wp-json\/wp\/v2\/comments?post=44519"}],"version-history":[{"count":13,"href":"https:\/\/www.leccecronaca.it\/index.php\/wp-json\/wp\/v2\/posts\/44519\/revisions"}],"predecessor-version":[{"id":44545,"href":"https:\/\/www.leccecronaca.it\/index.php\/wp-json\/wp\/v2\/posts\/44519\/revisions\/44545"}],"wp:attachment":[{"href":"https:\/\/www.leccecronaca.it\/index.php\/wp-json\/wp\/v2\/media?parent=44519"}],"wp:term":[{"taxonomy":"category","embeddable":true,"href":"https:\/\/www.leccecronaca.it\/index.php\/wp-json\/wp\/v2\/categories?post=44519"},{"taxonomy":"post_tag","embeddable":true,"href":"https:\/\/www.leccecronaca.it\/index.php\/wp-json\/wp\/v2\/tags?post=44519"}],"curies":[{"name":"wp","href":"https:\/\/api.w.org\/{rel}","templated":true}]}}