{"id":44739,"date":"2015-02-09T20:03:37","date_gmt":"2015-02-09T19:03:37","guid":{"rendered":"http:\/\/www.leccecronaca.it\/?p=44739"},"modified":"2015-02-09T20:03:37","modified_gmt":"2015-02-09T19:03:37","slug":"la-provincia-fa-saltare-l-incontro-e-i-lavoratori-della-alba-service-protesteranno-con-un-sit-in","status":"publish","type":"post","link":"https:\/\/www.leccecronaca.it\/index.php\/2015\/02\/09\/la-provincia-fa-saltare-l-incontro-e-i-lavoratori-della-alba-service-protesteranno-con-un-sit-in\/","title":{"rendered":"LA PROVINCIA FA SALTARE L&#8217; INCONTRO E I LAVORATORI DELLA ALBA SERVICE PROTESTERANNO CON UN SIT IN"},"content":{"rendered":"<p><a href=\"https:\/\/www.leccecronaca.it\/wordpress\/wp-content\/uploads\/2015\/02\/imagesXJV4SHRK.jpg\"><img decoding=\"async\" loading=\"lazy\" width=\"300\" height=\"168\" title=\"imagesXJV4SHRK\" class=\"alignleft size-full wp-image-44740\" alt=\"\" src=\"https:\/\/www.leccecronaca.it\/wordpress\/wp-content\/uploads\/2015\/02\/imagesXJV4SHRK.jpg\" \/><\/a>RICEVIAMO E VOLENTIERI PUBBLICHIAMO______I sindacati di categoria Filcams Cgil, Uiltucs Uil e Fisascat Cisl Lecce ci scrivono______<br \/>\n&#8220;Marted\u00ec 10 febbraio alle ore 9.30 ci sar\u00e0 un sit-in di protesta dei lavoratori della societ\u00e0 partecipata della Provincia di Lecce, Alba Service, presso la Prefettura di Lecce. Queste organizzazioni sindacali avevano richiesto la convocazione di un tavolo presso la Prefettura che affrontasse la grave situazione determinata dal riordino delle Province per effetto della Legge Delrio e dai tagli che scaturiranno dalla Legge di stabilit\u00e0 2015, ma l\u2019incontro previsto per oggi \u00e8 stato rinviato. Da qui la decisione della protesta davanti alla Prefettura, ritenendo ormai improcrastinabile la discussione e l\u2019individuazione di una soluzione&#8221;.<\/p>\n<p>(Nella foto: l&#8217; occupazione della sala consiliare, una recente protesta dei lavoratori dell&#8217; Alba Service)<\/p>\n<fb:like href='https:\/\/www.leccecronaca.it\/index.php\/2015\/02\/09\/la-provincia-fa-saltare-l-incontro-e-i-lavoratori-della-alba-service-protesteranno-con-un-sit-in\/' send='true' layout='button_count' show_faces='true' width='450' height='65' action='recommend' colorscheme='light' font='lucida grande'><\/fb:like><span class=\"fb_share\"><fb:like href=\"https:\/\/www.leccecronaca.it\/index.php\/2015\/02\/09\/la-provincia-fa-saltare-l-incontro-e-i-lavoratori-della-alba-service-protesteranno-con-un-sit-in\/\" layout=\"button_count\"><\/fb:like><\/span>","protected":false},"excerpt":{"rendered":"<p>RICEVIAMO E VOLENTIERI PUBBLICHIAMO______I sindacati di categoria Filcams Cgil, Uiltucs Uil e Fisascat Cisl Lecce ci scrivono______ &#8220;Marted\u00ec 10 febbraio alle ore 9.30 ci sar\u00e0 un sit-in di protesta dei lavoratori della societ\u00e0 partecipata della Provincia di Lecce, Alba Service, presso la Prefettura di Lecce. Queste organizzazioni sindacali avevano richiesto la convocazione di un tavolo [&hellip;]<\/p>\n","protected":false},"author":4,"featured_media":44740,"comment_status":"open","ping_status":"closed","sticky":false,"template":"","format":"standard","meta":[],"categories":[36],"tags":[],"_links":{"self":[{"href":"https:\/\/www.leccecronaca.it\/index.php\/wp-json\/wp\/v2\/posts\/44739"}],"collection":[{"href":"https:\/\/www.leccecronaca.it\/index.php\/wp-json\/wp\/v2\/posts"}],"about":[{"href":"https:\/\/www.leccecronaca.it\/index.php\/wp-json\/wp\/v2\/types\/post"}],"author":[{"embeddable":true,"href":"https:\/\/www.leccecronaca.it\/index.php\/wp-json\/wp\/v2\/users\/4"}],"replies":[{"embeddable":true,"href":"https:\/\/www.leccecronaca.it\/index.php\/wp-json\/wp\/v2\/comments?post=44739"}],"version-history":[{"count":1,"href":"https:\/\/www.leccecronaca.it\/index.php\/wp-json\/wp\/v2\/posts\/44739\/revisions"}],"predecessor-version":[{"id":44741,"href":"https:\/\/www.leccecronaca.it\/index.php\/wp-json\/wp\/v2\/posts\/44739\/revisions\/44741"}],"wp:featuredmedia":[{"embeddable":true,"href":"https:\/\/www.leccecronaca.it\/index.php\/wp-json\/wp\/v2\/media\/44740"}],"wp:attachment":[{"href":"https:\/\/www.leccecronaca.it\/index.php\/wp-json\/wp\/v2\/media?parent=44739"}],"wp:term":[{"taxonomy":"category","embeddable":true,"href":"https:\/\/www.leccecronaca.it\/index.php\/wp-json\/wp\/v2\/categories?post=44739"},{"taxonomy":"post_tag","embeddable":true,"href":"https:\/\/www.leccecronaca.it\/index.php\/wp-json\/wp\/v2\/tags?post=44739"}],"curies":[{"name":"wp","href":"https:\/\/api.w.org\/{rel}","templated":true}]}}