{"id":44958,"date":"2015-02-13T09:39:19","date_gmt":"2015-02-13T08:39:19","guid":{"rendered":"http:\/\/www.leccecronaca.it\/?p=44958"},"modified":"2015-02-13T13:12:00","modified_gmt":"2015-02-13T12:12:00","slug":"forza-italia-candida-francesco-schittulli-alle-regionali-pugliesi-2","status":"publish","type":"post","link":"https:\/\/www.leccecronaca.it\/index.php\/2015\/02\/13\/forza-italia-candida-francesco-schittulli-alle-regionali-pugliesi-2\/","title":{"rendered":"FORZA ITALIA CANDIDA A PRESIDENTE FRANCESCO SCHITTULLI PER LE ELEZIONI REGIONALI PUGLIESI"},"content":{"rendered":"<p><a href=\"https:\/\/www.leccecronaca.it\/wordpress\/wp-content\/uploads\/2015\/02\/Schittulli_11-150x1501.jpg\"><img decoding=\"async\" loading=\"lazy\" width=\"150\" height=\"150\" title=\"Schittulli_11-150x150\" class=\"alignleft size-full wp-image-44959\" alt=\"\" src=\"https:\/\/www.leccecronaca.it\/wordpress\/wp-content\/uploads\/2015\/02\/Schittulli_11-150x1501.jpg\" \/><\/a><strong>di Roberto De Salvatore______<\/strong><\/p>\n<p>Alla fine \u00e8 arrivata la tanto attesa candidatura di Forza Italia alle prossime regionali pugliesi: \u00e8 Francesco Schittulli (in foto), oncologo barese, gi\u00e0 presidente della Provincia di Bari.<\/p>\n<p>Lo ha deciso ieri l\u2019ufficio di presidenza del partito, seguendo anche le indicazioni del coordinatore pugliese, senatore Francesco Amoroso. Schittulli sembra aver coalizzato attorno a s\u00e9 la maggioranza dei consensi del partito, tranne naturalmente Raffaele Fitto e la sua base, e ha trovato anche d\u2019accordo Fratelli d\u2019Italia, nuovo PSI e area popolare (fusione di NCD e UDC). In forse l\u2019appoggio di \u2018Noi con Salvini\u2019 a causa della la presenza nella coalizione del NCD di Alfano, reo per Salvini, che arriver\u00e0 in Puglia il 24 febbraio per il suo giro elettorale, dell\u2019appoggio a Renzi.<\/p>\n<p>Decisione sofferta, e forse presa troppo in fretta dati i tempi ristretti, quella che ha portato Schittulli ad essere designato come sfidante di Michele Emiliano alle prossime regionali pugliesi, che si terranno fra circa tre mesi, e che viene dopo una serie di fibrillazioni ancora in corso fra i vertici del partito.<\/p>\n<p>Sullo sfondo, c&#8217;\u00e8 adesso\u00a0uno scontro Fitto-Berlusconi dai toni sempre pi\u00f9 crescenti, non solo, ma che rischia di ripetere in Forza Italia la frattura che si verific\u00f2 fra il cavaliere e Gianfranco Fini circa un quinquennio or sono, fino a quello pi\u00f9 recente con Angelino Alfano, che ha visto i due esponenti politici distaccarsi da Forza Italia per seguire ciascuno una strada politica personale.<\/p>\n<p>Accorato appello del consigliere regionale di Forza Italia, Aldo Aloisi a Raffaele Fitto, che in una lettera aperta, rammentandogli i suoi alti meriti nell\u2019esprimere una intelligente e critica presenza all\u2019interno del partito, lo ha pregato di rappresentare in un momento delicato come quello attuale, un punto di coesione appoggiando una persona valida come Schittulli, superando le polemiche personalistiche (chiaro riferimento alla polemica con Berlusconi) e facendo tesoro dei fallimenti politici della gestione del passato.<\/p>\n<p>Nella lettera aperta Aloisi proseguendo afferma <em>\u201cTi prego: non abbandonare le periferie. Non appaltare la scelta del prossimo capo dell\u2019opposizione di via Capruzzi a qualche nomenklatura romana. Non affidiamoci a primarie celebrate troppo in ritardo, il cui senso non \u00e8 chiaro neppure ai pi\u00f9 appassionati dei nostri elettori. Sar\u00f2 franco: la grandezza di un leader si misura anche dalla responsabilit\u00e0 con cui affronta e scioglie questioni \u201crognose\u201d. La liturgia delle primarie, che restano sacrosante se le intendiamo come un agone e non come una passerella coatta, possiamo anche risparmiarcela se il prezzo della nostra integrit\u00e0 \u00e8 una sconfitta sonora. L\u2019ennesima, la pi\u00f9 bruciante perch\u00e9 arriva dopo un decennio di malgoverno conclamato.\u201d<\/em><\/p>\n<p>Le parole di Aloisi toccheranno il cuore di Fitto? Al momento non lo sappiamo n\u00e9 siamo in grado di intuirlo, ma il tempo stringe ed \u00e8 necessario arrivare alle regionali compatti, anche se forse al leader salentino questa scelta di Schittulli pu\u00f2 apparire effettuata in una logica troppo baricentrica che non tiene conto della importanza di un risultato come quelle europee che hanno portato a Fitto un consenso di\u00a0trecentomila preferenze personali. Ma forse, come dice fra le righe Aloisi, Fitto si \u00e8 un po&#8217; troppo distaccato ultimamente dalle dinamiche politiche regionali, impegnato com\u2019\u00e8 nella politica nazionale.<\/p>\n<fb:like href='https:\/\/www.leccecronaca.it\/index.php\/2015\/02\/13\/forza-italia-candida-francesco-schittulli-alle-regionali-pugliesi-2\/' send='true' layout='button_count' show_faces='true' width='450' height='65' action='recommend' colorscheme='light' font='lucida grande'><\/fb:like><span class=\"fb_share\"><fb:like href=\"https:\/\/www.leccecronaca.it\/index.php\/2015\/02\/13\/forza-italia-candida-francesco-schittulli-alle-regionali-pugliesi-2\/\" layout=\"button_count\"><\/fb:like><\/span>","protected":false},"excerpt":{"rendered":"<p>di Roberto De Salvatore______ Alla fine \u00e8 arrivata la tanto attesa candidatura di Forza Italia alle prossime regionali pugliesi: \u00e8 Francesco Schittulli (in foto), oncologo barese, gi\u00e0 presidente della Provincia di Bari. Lo ha deciso ieri l\u2019ufficio di presidenza del partito, seguendo anche le indicazioni del coordinatore pugliese, senatore Francesco Amoroso. Schittulli sembra aver coalizzato [&hellip;]<\/p>\n","protected":false},"author":4,"featured_media":44959,"comment_status":"open","ping_status":"closed","sticky":false,"template":"","format":"standard","meta":[],"categories":[69],"tags":[],"_links":{"self":[{"href":"https:\/\/www.leccecronaca.it\/index.php\/wp-json\/wp\/v2\/posts\/44958"}],"collection":[{"href":"https:\/\/www.leccecronaca.it\/index.php\/wp-json\/wp\/v2\/posts"}],"about":[{"href":"https:\/\/www.leccecronaca.it\/index.php\/wp-json\/wp\/v2\/types\/post"}],"author":[{"embeddable":true,"href":"https:\/\/www.leccecronaca.it\/index.php\/wp-json\/wp\/v2\/users\/4"}],"replies":[{"embeddable":true,"href":"https:\/\/www.leccecronaca.it\/index.php\/wp-json\/wp\/v2\/comments?post=44958"}],"version-history":[{"count":6,"href":"https:\/\/www.leccecronaca.it\/index.php\/wp-json\/wp\/v2\/posts\/44958\/revisions"}],"predecessor-version":[{"id":44962,"href":"https:\/\/www.leccecronaca.it\/index.php\/wp-json\/wp\/v2\/posts\/44958\/revisions\/44962"}],"wp:featuredmedia":[{"embeddable":true,"href":"https:\/\/www.leccecronaca.it\/index.php\/wp-json\/wp\/v2\/media\/44959"}],"wp:attachment":[{"href":"https:\/\/www.leccecronaca.it\/index.php\/wp-json\/wp\/v2\/media?parent=44958"}],"wp:term":[{"taxonomy":"category","embeddable":true,"href":"https:\/\/www.leccecronaca.it\/index.php\/wp-json\/wp\/v2\/categories?post=44958"},{"taxonomy":"post_tag","embeddable":true,"href":"https:\/\/www.leccecronaca.it\/index.php\/wp-json\/wp\/v2\/tags?post=44958"}],"curies":[{"name":"wp","href":"https:\/\/api.w.org\/{rel}","templated":true}]}}