{"id":4496,"date":"2012-10-10T16:35:44","date_gmt":"2012-10-10T16:35:44","guid":{"rendered":"http:\/\/www.leccecronaca.it\/?p=4496"},"modified":"2012-10-11T10:17:44","modified_gmt":"2012-10-11T10:17:44","slug":"scoperta-una-discarica-abusiva-le-foto-della-vergogna-lappello-dellassessore-che-condividiamo-in-pieno-per-il-rispetto-dellambiente","status":"publish","type":"post","link":"https:\/\/www.leccecronaca.it\/index.php\/2012\/10\/10\/scoperta-una-discarica-abusiva-le-foto-della-vergogna-lappello-dellassessore-che-condividiamo-in-pieno-per-il-rispetto-dellambiente\/","title":{"rendered":"SCOPERTA UNA DISCARICA ABUSIVA . LE FOTO DELLA VERGOGNA. L\u2019APPELLO DELL\u2019ASSESSORE, CHE CONDIVIDIAMO IN PIENO, PER IL RISPETTO DELL\u2019AMBIENTE."},"content":{"rendered":"<p><a href=\"https:\/\/www.leccecronaca.it\/index.php\/2012\/10\/10\/scoperta-una-discarica-abusiva-le-foto-della-vergogna-lappello-dellassessore-che-condividiamo-in-pieno-per-il-rispetto-dellambiente\/img_7115-2\/\" rel=\"attachment wp-att-4498\"><img decoding=\"async\" loading=\"lazy\" src=\"https:\/\/www.leccecronaca.it\/wordpress\/wp-content\/uploads\/2012\/10\/IMG_71151-225x300.jpg\" alt=\"\" width=\"225\" height=\"300\" class=\"alignnone size-medium wp-image-4498\" srcset=\"https:\/\/www.leccecronaca.it\/wordpress\/wp-content\/uploads\/2012\/10\/IMG_71151-225x300.jpg 225w, https:\/\/www.leccecronaca.it\/wordpress\/wp-content\/uploads\/2012\/10\/IMG_71151.jpeg 480w\" sizes=\"(max-width: 225px) 100vw, 225px\" \/><\/a><a href=\"https:\/\/www.leccecronaca.it\/index.php\/2012\/10\/10\/scoperta-una-discarica-abusiva-le-foto-della-vergogna-lappello-dellassessore-che-condividiamo-in-pieno-per-il-rispetto-dellambiente\/img_1132\/\" rel=\"attachment wp-att-4499\"><img decoding=\"async\" loading=\"lazy\" src=\"https:\/\/www.leccecronaca.it\/wordpress\/wp-content\/uploads\/2012\/10\/IMG_1132-300x225.jpg\" alt=\"\" width=\"300\" height=\"225\" class=\"alignnone size-medium wp-image-4499\" srcset=\"https:\/\/www.leccecronaca.it\/wordpress\/wp-content\/uploads\/2012\/10\/IMG_1132-300x225.jpg 300w, https:\/\/www.leccecronaca.it\/wordpress\/wp-content\/uploads\/2012\/10\/IMG_1132.jpeg 640w\" sizes=\"(max-width: 300px) 100vw, 300px\" \/><\/a><a href=\"https:\/\/www.leccecronaca.it\/index.php\/2012\/10\/10\/scoperta-una-discarica-abusiva-le-foto-della-vergogna-lappello-dellassessore-che-condividiamo-in-pieno-per-il-rispetto-dellambiente\/xxx1\/\" rel=\"attachment wp-att-4501\"><img decoding=\"async\" loading=\"lazy\" src=\"https:\/\/www.leccecronaca.it\/wordpress\/wp-content\/uploads\/2012\/10\/xxx1-224x300.jpg\" alt=\"\" width=\"224\" height=\"300\" class=\"alignnone size-medium wp-image-4501\" srcset=\"https:\/\/www.leccecronaca.it\/wordpress\/wp-content\/uploads\/2012\/10\/xxx1-224x300.jpg 224w, https:\/\/www.leccecronaca.it\/wordpress\/wp-content\/uploads\/2012\/10\/xxx1.jpg 478w\" sizes=\"(max-width: 224px) 100vw, 224px\" \/><\/a><\/p>\n<p>&#8220;<em>Assoluta mancanza di rispetto per l&#8217;ambiente che ci circonda<\/em>&#8220;. Cos\u00ec l&#8217;assessore Andrea Guido ha definito quanto trovato in localit\u00e0 Marangi, sulla Lecce-San Cataldo questa mattina. Grazie alla segnalazione della proprietaria di un terreno limitrofo, \u00e8 stata individuata una vera e propria discarica a cielo aperto, un cumulo di indumenti che deturpano il paesaggio di uliveti. Le autorit\u00e0 competenti sono gi\u00e0 al lavoro per individuare i responsabili di questo atti di incivilt\u00e0.<\/p>\n<p>\u201c<em>Non \u00e8 stata certamente una bella immagine quella a cui mi sono trovato davanti. Mi auguro che i cittadini riescano a comprendere che rispettare l&#8217;ambiente che ci circonda deve diventare uno stile di vita, una mentalit\u00e0 che dobbiamo acquisire. Invito chiunque dovesse notare situazioni di questo tipo a fare riferimento all&#8217;Amministrazione Comunale, che provveder\u00e0 ad allertare le autorit\u00e0 competenti e a ripristinare il normale stato dei luoghi<\/em>&#8220;.<\/p>\n<p>&nbsp;<\/p>\n<p>&nbsp;<\/p>\n<p>&nbsp;<\/p>\n<fb:like href='https:\/\/www.leccecronaca.it\/index.php\/2012\/10\/10\/scoperta-una-discarica-abusiva-le-foto-della-vergogna-lappello-dellassessore-che-condividiamo-in-pieno-per-il-rispetto-dellambiente\/' send='true' layout='button_count' show_faces='true' width='450' height='65' action='recommend' colorscheme='light' font='lucida grande'><\/fb:like><span class=\"fb_share\"><fb:like href=\"https:\/\/www.leccecronaca.it\/index.php\/2012\/10\/10\/scoperta-una-discarica-abusiva-le-foto-della-vergogna-lappello-dellassessore-che-condividiamo-in-pieno-per-il-rispetto-dellambiente\/\" layout=\"button_count\"><\/fb:like><\/span>","protected":false},"excerpt":{"rendered":"<p>&#8220;Assoluta mancanza di rispetto per l&#8217;ambiente che ci circonda&#8220;. Cos\u00ec l&#8217;assessore Andrea Guido ha definito quanto trovato in localit\u00e0 Marangi, sulla Lecce-San Cataldo questa mattina. Grazie alla segnalazione della proprietaria di un terreno limitrofo, \u00e8 stata individuata una vera e propria discarica a cielo aperto, un cumulo di indumenti che deturpano il paesaggio di uliveti. [&hellip;]<\/p>\n","protected":false},"author":4,"featured_media":4498,"comment_status":"open","ping_status":"closed","sticky":false,"template":"","format":"standard","meta":[],"categories":[1],"tags":[],"_links":{"self":[{"href":"https:\/\/www.leccecronaca.it\/index.php\/wp-json\/wp\/v2\/posts\/4496"}],"collection":[{"href":"https:\/\/www.leccecronaca.it\/index.php\/wp-json\/wp\/v2\/posts"}],"about":[{"href":"https:\/\/www.leccecronaca.it\/index.php\/wp-json\/wp\/v2\/types\/post"}],"author":[{"embeddable":true,"href":"https:\/\/www.leccecronaca.it\/index.php\/wp-json\/wp\/v2\/users\/4"}],"replies":[{"embeddable":true,"href":"https:\/\/www.leccecronaca.it\/index.php\/wp-json\/wp\/v2\/comments?post=4496"}],"version-history":[{"count":4,"href":"https:\/\/www.leccecronaca.it\/index.php\/wp-json\/wp\/v2\/posts\/4496\/revisions"}],"predecessor-version":[{"id":4549,"href":"https:\/\/www.leccecronaca.it\/index.php\/wp-json\/wp\/v2\/posts\/4496\/revisions\/4549"}],"wp:featuredmedia":[{"embeddable":true,"href":"https:\/\/www.leccecronaca.it\/index.php\/wp-json\/wp\/v2\/media\/4498"}],"wp:attachment":[{"href":"https:\/\/www.leccecronaca.it\/index.php\/wp-json\/wp\/v2\/media?parent=4496"}],"wp:term":[{"taxonomy":"category","embeddable":true,"href":"https:\/\/www.leccecronaca.it\/index.php\/wp-json\/wp\/v2\/categories?post=4496"},{"taxonomy":"post_tag","embeddable":true,"href":"https:\/\/www.leccecronaca.it\/index.php\/wp-json\/wp\/v2\/tags?post=4496"}],"curies":[{"name":"wp","href":"https:\/\/api.w.org\/{rel}","templated":true}]}}