{"id":45415,"date":"2015-02-23T15:32:44","date_gmt":"2015-02-23T14:32:44","guid":{"rendered":"http:\/\/www.leccecronaca.it\/?p=45415"},"modified":"2015-02-23T15:33:20","modified_gmt":"2015-02-23T14:33:20","slug":"don-ennio-innocenti-ha-seminato-anche-a-lecce-numerosi-spunti-di-riflessione-sui-temi-della-conoscenza-e-della-salvezza","status":"publish","type":"post","link":"https:\/\/www.leccecronaca.it\/index.php\/2015\/02\/23\/don-ennio-innocenti-ha-seminato-anche-a-lecce-numerosi-spunti-di-riflessione-sui-temi-della-conoscenza-e-della-salvezza\/","title":{"rendered":"DON ENNIO INNOCENTI HA SEMINATO ANCHE A LECCE NUMEROSI SPUNTI DI RIFLESSIONE SUI TEMI DELLA CONOSCENZA E DELLA SALVEZZA"},"content":{"rendered":"<p><strong><a href=\"https:\/\/www.leccecronaca.it\/wordpress\/wp-content\/uploads\/2015\/02\/Innocenti_e_Danese.jpg\"><img decoding=\"async\" loading=\"lazy\" width=\"2982\" height=\"1983\" title=\"Innocenti_e_Danese\" class=\"alignleft size-full wp-image-45416\" alt=\"\" src=\"https:\/\/www.leccecronaca.it\/wordpress\/wp-content\/uploads\/2015\/02\/Innocenti_e_Danese.jpg\" srcset=\"https:\/\/www.leccecronaca.it\/wordpress\/wp-content\/uploads\/2015\/02\/Innocenti_e_Danese.jpg 2982w, https:\/\/www.leccecronaca.it\/wordpress\/wp-content\/uploads\/2015\/02\/Innocenti_e_Danese-300x199.jpg 300w, https:\/\/www.leccecronaca.it\/wordpress\/wp-content\/uploads\/2015\/02\/Innocenti_e_Danese-1024x680.jpg 1024w\" sizes=\"(max-width: 2982px) 100vw, 2982px\" \/><\/a>di Andrea Fiocco______<\/strong><\/p>\n<p>Si \u00e8 tenuto presso la sala \u201cdon Di Nanni\u201d delle strutture parrocchiali della Basilica di San Domenico Savio dei Salesiani in Lecce un incontro con l\u2019autore sul tema \u201cGnosi e modernit\u00e0\u201d.<\/p>\n<p>Ospite dell\u2019evento, organizzato dall\u2019Associazione culturale Ak\u00e1demos, \u00e8 stato don Ennio Innocenti, famoso per il suo lavoro pluridecennale presso testate giornalistiche nazionali e soprattutto per i suoi approfonditi studi sulla gnosi.<\/p>\n<p>Dopo il saluto di Stefano Marra, Presidente dell\u2019Associazione Ak\u00e1demos, il docente di Filosofia e Storia Raffaele Danese, socio dell\u2019ente organizzatore e principale artefice della manifestazione (ritratto a destra nella foto), ha brevemente illustrato la grande produzione editoriale di don Innocenti (a sinistra), passandogli successivamente la parola.<\/p>\n<p>La relazione dell\u2019autore si \u00e8 articolata lungo alcuni nuclei fondamentali. Il motivo centrale ruota attorno alla dimostrazione che la gnosi \u00e8 s\u00ec una dottrina antichissima che affonda le sue radici addirittura in alcuni atteggiamenti culturali della protostoria, ma ha influenzato, talvolta in maniera palese, altre volte in modo pi\u00f9 celato, dinamiche ideologiche e sociologiche nel corso dei secoli, anche ben dopo la confutazione che ne fece Sant\u2019Agostino. Sicch\u00e9 tratti eminenti dell\u2019epoca moderna, come l\u2019Illuminismo, lungi dall\u2019essere espressione di un risveglio culturale ad opera dell\u2019impegno di alcuni intellettuali del Settecento, si rivelano come l\u2019attuazione di pregresse dottrine che hanno contaminato la cultura occidentale con antichi errori gnostici. L\u2019incontro, di grande spessore storico, filosofico e teologico, ha suscitato il vivo apprezzamento dei convenuti, ed \u00e8 seguito ad un momento colloquiale di confronto tra don Innocenti con un gruppo di giovani, la sera precedente sul tema dell\u2019amore vero, affrontato in un opuscolo edito dalla Sacra Fraternitas Aurigarum di Roma sul Cantico dei Cantici.<\/p>\n<p>L\u2019autore, quindi, riparte da Lecce dopo aver seminato spunti di riflessione e di dibattito che sicuramente porteranno ulteriori frutti a livello culturale.<\/p>\n<fb:like href='https:\/\/www.leccecronaca.it\/index.php\/2015\/02\/23\/don-ennio-innocenti-ha-seminato-anche-a-lecce-numerosi-spunti-di-riflessione-sui-temi-della-conoscenza-e-della-salvezza\/' send='true' layout='button_count' show_faces='true' width='450' height='65' action='recommend' colorscheme='light' font='lucida grande'><\/fb:like><span class=\"fb_share\"><fb:like href=\"https:\/\/www.leccecronaca.it\/index.php\/2015\/02\/23\/don-ennio-innocenti-ha-seminato-anche-a-lecce-numerosi-spunti-di-riflessione-sui-temi-della-conoscenza-e-della-salvezza\/\" layout=\"button_count\"><\/fb:like><\/span>","protected":false},"excerpt":{"rendered":"<p>di Andrea Fiocco______ Si \u00e8 tenuto presso la sala \u201cdon Di Nanni\u201d delle strutture parrocchiali della Basilica di San Domenico Savio dei Salesiani in Lecce un incontro con l\u2019autore sul tema \u201cGnosi e modernit\u00e0\u201d. Ospite dell\u2019evento, organizzato dall\u2019Associazione culturale Ak\u00e1demos, \u00e8 stato don Ennio Innocenti, famoso per il suo lavoro pluridecennale presso testate giornalistiche nazionali [&hellip;]<\/p>\n","protected":false},"author":4,"featured_media":45416,"comment_status":"open","ping_status":"closed","sticky":false,"template":"","format":"standard","meta":[],"categories":[31],"tags":[44],"_links":{"self":[{"href":"https:\/\/www.leccecronaca.it\/index.php\/wp-json\/wp\/v2\/posts\/45415"}],"collection":[{"href":"https:\/\/www.leccecronaca.it\/index.php\/wp-json\/wp\/v2\/posts"}],"about":[{"href":"https:\/\/www.leccecronaca.it\/index.php\/wp-json\/wp\/v2\/types\/post"}],"author":[{"embeddable":true,"href":"https:\/\/www.leccecronaca.it\/index.php\/wp-json\/wp\/v2\/users\/4"}],"replies":[{"embeddable":true,"href":"https:\/\/www.leccecronaca.it\/index.php\/wp-json\/wp\/v2\/comments?post=45415"}],"version-history":[{"count":3,"href":"https:\/\/www.leccecronaca.it\/index.php\/wp-json\/wp\/v2\/posts\/45415\/revisions"}],"predecessor-version":[{"id":45419,"href":"https:\/\/www.leccecronaca.it\/index.php\/wp-json\/wp\/v2\/posts\/45415\/revisions\/45419"}],"wp:featuredmedia":[{"embeddable":true,"href":"https:\/\/www.leccecronaca.it\/index.php\/wp-json\/wp\/v2\/media\/45416"}],"wp:attachment":[{"href":"https:\/\/www.leccecronaca.it\/index.php\/wp-json\/wp\/v2\/media?parent=45415"}],"wp:term":[{"taxonomy":"category","embeddable":true,"href":"https:\/\/www.leccecronaca.it\/index.php\/wp-json\/wp\/v2\/categories?post=45415"},{"taxonomy":"post_tag","embeddable":true,"href":"https:\/\/www.leccecronaca.it\/index.php\/wp-json\/wp\/v2\/tags?post=45415"}],"curies":[{"name":"wp","href":"https:\/\/api.w.org\/{rel}","templated":true}]}}