{"id":45867,"date":"2015-02-28T15:47:38","date_gmt":"2015-02-28T14:47:38","guid":{"rendered":"http:\/\/www.leccecronaca.it\/?p=45867"},"modified":"2015-02-28T15:49:08","modified_gmt":"2015-02-28T14:49:08","slug":"la-storia-mangiamo-saltuariamente","status":"publish","type":"post","link":"https:\/\/www.leccecronaca.it\/index.php\/2015\/02\/28\/la-storia-mangiamo-saltuariamente\/","title":{"rendered":"LA STORIA \/ &#8220;Mangiamo saltuariamente&#8221;&#8230;"},"content":{"rendered":"<p>(g.m.)______N<a href=\"https:\/\/www.leccecronaca.it\/wordpress\/wp-content\/uploads\/2015\/02\/untitled58.png\"><img decoding=\"async\" loading=\"lazy\" width=\"240\" height=\"180\" title=\"untitled\" class=\"alignleft size-full wp-image-45869\" alt=\"\" src=\"https:\/\/www.leccecronaca.it\/wordpress\/wp-content\/uploads\/2015\/02\/untitled58.png\" \/><\/a>EI GIORNI SCORSI IL PAPA HA RICEVUTO QUESTA LETTERA SPEDITA DA LECCE______<\/p>\n<p><em>Sua Santit\u00e0, sono (omissis) 33 anni e vivo a Lecce.<\/em><\/p>\n<p><em>Mi rivolgo a Lei santo Padre perch\u00e9 vivo una situazione drammatica e con un Suo intervento diretto pu\u00f2 dare speranza alla mia famiglia.<\/em><\/p>\n<p><em>Vivo con la mia famiglia dove nessuno lavora e non riusciamo a trovarlo, siamo in cinque con mia madre e padre, che sono portatori di handicap , hanno la pensione minima di 600 euro in due (300 euro a testa) e ci viviamo in cinque, inoltre le mie due sorelle soffrono di patologie dove non sono riconosciuti indennizzi.<\/em><\/p>\n<p><em>Siamo stati per 7 mesi a casa senza luce e dopo un prestito tra amici e famigliari siamo riusciti a farci riallacciare la luce, mangiamo saltuariamente e mangiamo grazie al pacco della caritas, siamo molto indietro con l\u2019affitto, rischiando costantemente lo sfratto e facciamo i salti mortali per andare avanti.<\/em><\/p>\n<p><em>Santo Padre non sappiamo come andare avanti, non ce la facciamo pi\u00f9, siamo nella miseria pi\u00f9 nera, abbiamo bussato tutte le porte e nessuno ci ha risposto, solo false promesse per illudere la povera gente. Se solo vedesse la nostra famiglia capirebbe, siamo disperati.<\/em><\/p>\n<p><em>Santit\u00e0, La supplico abbia piet\u00e0 di noi, ci aiuti!______\u00a0<\/em><\/p>\n<p><strong>La segreteria di stato del pontefice, nella persona di Monsignor Peter Wells, ha trasmesso questa lettera al direttore della caritas diocesana, sacerdote Attilio Mesagne, con ci\u00f2 affidandogli il caso<\/strong>.______<\/p>\n<p>QUESTO E&#8217; IL COMMENTO DELL&#8217; ASSOCIAZIONE &#8220;SPORTELLO DEI DIRITTI&#8221; GIOVANNI D&#8217;AGATA, CHE CI HA SEGNALATO IL CASO_______<\/p>\n<p>E&#8217; inutile parlare di fantomatici segni di ripresa, di una via d&#8217;uscita dalla crisi quando si leggono lettere come quella inviata da una famiglia leccese al Papa. Rassegnazione per le istituzioni non pi\u00f9 in grado di dare risposte o, ancor peggio, una politica che sa fornire solo false promesse che gettano ancor di pi\u00f9 nello sconforto e nella disperazione interi nuclei familiari cui \u00e8 rimasto, solamente, l&#8217;ultimo appiglio nella speranza che Papa Francesco, indipendentemente dal proprio credo religioso, ha saputo infondere, quantomeno per la sua percepibile vicinanza alla gente che soffre ed agli ultimi, anche se gli ultimi sono sempre di pi\u00f9.<\/p>\n<p>Anche in questa occasione Bergoglio ha saputo dimostrare la sua presenza laddove tutti gli altri, anche nella mancanza di rispetto dei propri doveri istituzionali e in assenza di alcuna prospettiva di sostegno per le fasce pi\u00f9 disagiate della popolazione, hanno miseramente fallito. E dalla penna della segreteria di Stato in rappresentanza del Santo Padre, questa famiglia \u00e8 stata affidata a quella che da tanti \u00e8 considerata come l&#8217;ultima istituzione di prossimit\u00e0: la Caritas Diocesana che anche a Lecce svolge un ruolo encomiabile grazie alla guida di Don Attilio Mesagne cui anche questa volta \u00e8 richiesto direttamente dalle massime istituzioni vaticane una difficile risposta nei confronti dell&#8217;ennesima famiglia in preda alla disperazione.<\/p>\n<p>C&#8217;\u00e8 poco da commentare di fronte alle parole di chi nel 2015 supplica un intervento diretto del Papa laddove le istituzioni latitano, ma quelle stesse frasi e la prontezza con cui il Santo Padre ha risposto non possono non costituire un severo monito per la politica e le nostre istituzioni&#8221;.<\/p>\n<p>&nbsp;<\/p>\n<p>&nbsp;<\/p>\n<fb:like href='https:\/\/www.leccecronaca.it\/index.php\/2015\/02\/28\/la-storia-mangiamo-saltuariamente\/' send='true' layout='button_count' show_faces='true' width='450' height='65' action='recommend' colorscheme='light' font='lucida grande'><\/fb:like><span class=\"fb_share\"><fb:like href=\"https:\/\/www.leccecronaca.it\/index.php\/2015\/02\/28\/la-storia-mangiamo-saltuariamente\/\" layout=\"button_count\"><\/fb:like><\/span>","protected":false},"excerpt":{"rendered":"<p>(g.m.)______NEI GIORNI SCORSI IL PAPA HA RICEVUTO QUESTA LETTERA SPEDITA DA LECCE______ Sua Santit\u00e0, sono (omissis) 33 anni e vivo a Lecce. Mi rivolgo a Lei santo Padre perch\u00e9 vivo una situazione drammatica e con un Suo intervento diretto pu\u00f2 dare speranza alla mia famiglia. Vivo con la mia famiglia dove nessuno lavora e non [&hellip;]<\/p>\n","protected":false},"author":4,"featured_media":45869,"comment_status":"open","ping_status":"closed","sticky":false,"template":"","format":"standard","meta":[],"categories":[69],"tags":[],"_links":{"self":[{"href":"https:\/\/www.leccecronaca.it\/index.php\/wp-json\/wp\/v2\/posts\/45867"}],"collection":[{"href":"https:\/\/www.leccecronaca.it\/index.php\/wp-json\/wp\/v2\/posts"}],"about":[{"href":"https:\/\/www.leccecronaca.it\/index.php\/wp-json\/wp\/v2\/types\/post"}],"author":[{"embeddable":true,"href":"https:\/\/www.leccecronaca.it\/index.php\/wp-json\/wp\/v2\/users\/4"}],"replies":[{"embeddable":true,"href":"https:\/\/www.leccecronaca.it\/index.php\/wp-json\/wp\/v2\/comments?post=45867"}],"version-history":[{"count":4,"href":"https:\/\/www.leccecronaca.it\/index.php\/wp-json\/wp\/v2\/posts\/45867\/revisions"}],"predecessor-version":[{"id":45872,"href":"https:\/\/www.leccecronaca.it\/index.php\/wp-json\/wp\/v2\/posts\/45867\/revisions\/45872"}],"wp:featuredmedia":[{"embeddable":true,"href":"https:\/\/www.leccecronaca.it\/index.php\/wp-json\/wp\/v2\/media\/45869"}],"wp:attachment":[{"href":"https:\/\/www.leccecronaca.it\/index.php\/wp-json\/wp\/v2\/media?parent=45867"}],"wp:term":[{"taxonomy":"category","embeddable":true,"href":"https:\/\/www.leccecronaca.it\/index.php\/wp-json\/wp\/v2\/categories?post=45867"},{"taxonomy":"post_tag","embeddable":true,"href":"https:\/\/www.leccecronaca.it\/index.php\/wp-json\/wp\/v2\/tags?post=45867"}],"curies":[{"name":"wp","href":"https:\/\/api.w.org\/{rel}","templated":true}]}}