{"id":45881,"date":"2015-02-28T16:24:40","date_gmt":"2015-02-28T15:24:40","guid":{"rendered":"http:\/\/www.leccecronaca.it\/?p=45881"},"modified":"2015-02-28T16:25:49","modified_gmt":"2015-02-28T15:25:49","slug":"45881","status":"publish","type":"post","link":"https:\/\/www.leccecronaca.it\/index.php\/2015\/02\/28\/45881\/","title":{"rendered":"GLI SCOUT DI NOVOLI IN FESTA DOMENICA 1 MARZO"},"content":{"rendered":"<p><a href=\"https:\/\/www.leccecronaca.it\/wordpress\/wp-content\/uploads\/2015\/02\/scout-cngei-novoli-2.jpg\"><img decoding=\"async\" loading=\"lazy\" width=\"2048\" height=\"1152\" title=\"scout cngei novoli (2)\" class=\"alignleft size-full wp-image-45882\" alt=\"\" src=\"https:\/\/www.leccecronaca.it\/wordpress\/wp-content\/uploads\/2015\/02\/scout-cngei-novoli-2.jpg\" srcset=\"https:\/\/www.leccecronaca.it\/wordpress\/wp-content\/uploads\/2015\/02\/scout-cngei-novoli-2.jpg 2048w, https:\/\/www.leccecronaca.it\/wordpress\/wp-content\/uploads\/2015\/02\/scout-cngei-novoli-2-300x168.jpg 300w, https:\/\/www.leccecronaca.it\/wordpress\/wp-content\/uploads\/2015\/02\/scout-cngei-novoli-2-1024x576.jpg 1024w\" sizes=\"(max-width: 2048px) 100vw, 2048px\" \/><\/a>RICEVIAMO E VOLENTIERI PUBBLICHIAMO______LA SEZIONE SCOUT CNGEI \u201cSTEFANO COSTA&#8221; DI NOVOLI CI SCRIVE:<\/p>\n<p>&#8220;Una volta scout, per sempre scout&#8221;. E\u2019 il motto pi\u00f9 utilizzato tra gli scout di tutto il mondo, un grido di appartenenza ad una grande famiglia unita in tutto il pianeta dallo spirito di avventura, dalla voglia di libert\u00e0 e dai valori del rispetto e della condivisione. Sar\u00e0 ancora una volta il motto della Sezione Cngei \u201cStefano Costa\u201d di Novoli che, dopo l\u2019apertura dell\u2019anno sociale, da il via ufficiale al lungo calendario di appuntamento per ricordare il quarantennale della fondazione del movimento locale con il \u201cThinking Day\u201d.<\/p>\n<p>Domenica 01 marzo, dopo il rinvio della scorsa settimana per le avversit\u00e0 meteo, dalle 9 in piazza Regina Margherita, vecchi e attuali lupetti, esploratori e rover del gruppo novolese attivo dal 1975, celebreranno la \u201cGiornata del Pensiero\u201d dedicata a Robert Baden-Powell, fondatore dello scautismo, in contemporanea con i colleghi scout d\u2019Italia e di tutto il mondo come atto di riflessione sul senso dello scoutismo ma anche per rinnovare il senso di adesione ai valori dell\u2019avventura e per rivolgere un pensiero agli altri scout di tutto il mondo.<\/p>\n<p>Quella novolese, poi, sar\u00e0 un\u2019occasione doppiamente speciale, perch\u00e9 offre la possibilit\u00e0 di continuare un cammino lungo 40 anni e che, proprio nel comune nord salentino, ha educato e continua ad educare tante generazioni di giovani. Un aspetto, questo, che sar\u00e0 alla base dell\u2019iniziativa. \u201c<em>Quella di unire la grande famiglia scout novolese<\/em> \u2013 conferma Stefano Politi, responsabile della Sezione Cngei insieme agli storici capi Gigi e Giuseppe Caputo \u2013 <em>\u00e8 un desiderio condiviso in occasione del 40esimo compleanno. Abbiamo scelto la \u2018Giornata del Pensiero\u2019 perch\u00e9 \u00e8 l\u2019occasione migliore: si rinnovano le promesse, gesti e parole che simboleggiano un impegno che dura tutta la vita. Per cui rivolgiamo un invito a tutti gli ex scout del nostro territorio a condividere con noi simboli, ricordi, testimonianze della vita scout. Sar\u00e0 un modo per partire dal passato e ricavare la forza e lo spirito per programmare bene il futuro\u201d.<\/em><\/p>\n<p>La manifestazione, che durer\u00e0 per tutta la mattinata nella piazza centrale addobbata con bandiere e vessilli nazionali, associativi e internazionali che, tra \u201ccampi\u201d in giro per il mondo e ricordi, raccontano la lunga storia del movimento scoutistico novolese, proporr\u00e0 anche attivit\u00e0 di gruppo e dimostrazioni, cos\u00ec come la possibilit\u00e0 di conoscere nei dettagli il programma del quarantennale della nascita degli scout a Novoli e le attivit\u00e0 che vedranno impegnata la Sezione \u201cStefano Costa\u201d per tutto il 2015.<\/p>\n<p>&nbsp;<\/p>\n<p>&nbsp;<\/p>\n<fb:like href='https:\/\/www.leccecronaca.it\/index.php\/2015\/02\/28\/45881\/' send='true' layout='button_count' show_faces='true' width='450' height='65' action='recommend' colorscheme='light' font='lucida grande'><\/fb:like><span class=\"fb_share\"><fb:like href=\"https:\/\/www.leccecronaca.it\/index.php\/2015\/02\/28\/45881\/\" layout=\"button_count\"><\/fb:like><\/span>","protected":false},"excerpt":{"rendered":"<p>RICEVIAMO E VOLENTIERI PUBBLICHIAMO______LA SEZIONE SCOUT CNGEI \u201cSTEFANO COSTA&#8221; DI NOVOLI CI SCRIVE: &#8220;Una volta scout, per sempre scout&#8221;. E\u2019 il motto pi\u00f9 utilizzato tra gli scout di tutto il mondo, un grido di appartenenza ad una grande famiglia unita in tutto il pianeta dallo spirito di avventura, dalla voglia di libert\u00e0 e dai valori [&hellip;]<\/p>\n","protected":false},"author":4,"featured_media":45882,"comment_status":"open","ping_status":"closed","sticky":false,"template":"","format":"standard","meta":[],"categories":[36],"tags":[],"_links":{"self":[{"href":"https:\/\/www.leccecronaca.it\/index.php\/wp-json\/wp\/v2\/posts\/45881"}],"collection":[{"href":"https:\/\/www.leccecronaca.it\/index.php\/wp-json\/wp\/v2\/posts"}],"about":[{"href":"https:\/\/www.leccecronaca.it\/index.php\/wp-json\/wp\/v2\/types\/post"}],"author":[{"embeddable":true,"href":"https:\/\/www.leccecronaca.it\/index.php\/wp-json\/wp\/v2\/users\/4"}],"replies":[{"embeddable":true,"href":"https:\/\/www.leccecronaca.it\/index.php\/wp-json\/wp\/v2\/comments?post=45881"}],"version-history":[{"count":3,"href":"https:\/\/www.leccecronaca.it\/index.php\/wp-json\/wp\/v2\/posts\/45881\/revisions"}],"predecessor-version":[{"id":45884,"href":"https:\/\/www.leccecronaca.it\/index.php\/wp-json\/wp\/v2\/posts\/45881\/revisions\/45884"}],"wp:featuredmedia":[{"embeddable":true,"href":"https:\/\/www.leccecronaca.it\/index.php\/wp-json\/wp\/v2\/media\/45882"}],"wp:attachment":[{"href":"https:\/\/www.leccecronaca.it\/index.php\/wp-json\/wp\/v2\/media?parent=45881"}],"wp:term":[{"taxonomy":"category","embeddable":true,"href":"https:\/\/www.leccecronaca.it\/index.php\/wp-json\/wp\/v2\/categories?post=45881"},{"taxonomy":"post_tag","embeddable":true,"href":"https:\/\/www.leccecronaca.it\/index.php\/wp-json\/wp\/v2\/tags?post=45881"}],"curies":[{"name":"wp","href":"https:\/\/api.w.org\/{rel}","templated":true}]}}