{"id":45917,"date":"2015-02-28T19:28:07","date_gmt":"2015-02-28T18:28:07","guid":{"rendered":"http:\/\/www.leccecronaca.it\/?p=45917"},"modified":"2015-02-28T19:28:07","modified_gmt":"2015-02-28T18:28:07","slug":"ma-tanto-la-politica-si-interessa-di-te","status":"publish","type":"post","link":"https:\/\/www.leccecronaca.it\/index.php\/2015\/02\/28\/ma-tanto-la-politica-si-interessa-di-te\/","title":{"rendered":"&#8220;..Ma tanto la politica si interessa di te&#8230;&#8221;"},"content":{"rendered":"<p><em><a href=\"https:\/\/www.leccecronaca.it\/wordpress\/wp-content\/uploads\/2015\/02\/untitled59.png\"><img decoding=\"async\" loading=\"lazy\" width=\"150\" height=\"150\" title=\"untitled\" class=\"alignleft size-thumbnail wp-image-45918\" alt=\"\" src=\"https:\/\/www.leccecronaca.it\/wordpress\/wp-content\/uploads\/2015\/02\/untitled59-150x150.png\" \/><\/a><\/em><strong>di Giuseppe Puppo______<\/strong><\/p>\n<p><em>\u201cMangiamo saltuariamente<\/em>\u201d. Scrive cos\u00ec, fra l&#8217;altro, in un inciso drammatico, emblematico per\u00f2 della presente realt\u00e0 dei milioni di nuovi poveri, specialmente quelli del Sud, un giovane di Lecce della sua famiglia di persone in difficolt\u00e0, per usare un eufemismo, perch\u00e9 in realt\u00e0 si tratta di persone ridotte alla disperazione sociale da questa crisi perdurante, che non si cura con le promesse e non si guarisce con le prese per il culo propagandistiche dei nostri politici di centro \u2013 destra e di centro \u2013 sinistra da decenni al potere.<\/p>\n<p>Ne scrive al Santo Padre. La nostra redazione racconta questa storia nell\u2019 apposito articolo che trovate sulla home \u2013 page, con il commento del presidente dell\u2019 associazione \u201cSportello dei diritti\u201d Giovanni D\u2019 Agata che ce l\u2019 ha segnalata.<\/p>\n<p>Io vorrei aggiungere qualcosa. Di concreto. Per negare l&#8217; alibi dell&#8217; impossibilit\u00e0. Perch\u00e9 alla politica, intesa come informazione, partecipazione, condivisione, conoscenza, lucida determinazione dei motivi e delle cause, credo ancora.<\/p>\n<p>E\u2019 vero, le istituzioni latitano. Quella del nostro consiglio regionale ha partorito proprio in queste ore una legge elettorale, fra l\u2019 altro vergognosa, come \u00e8 vergognoso il fatto che di queste cose qua si sia occupata per mesi, mentre a Lecce \u2018 stasera la famiglia del \u201cnostro\u201d giovane in difficolt\u00e0 aspetta il pacco della Caritas, se arriver\u00e0, per mangiare; e un\u2019 altra, come da altra drammatica notizia della settimana, dormir\u00e0 nell\u2019 auto, e tante altre dormiranno, sia pur nel loro letto, soffocate dallo sconforto e tormentate dall\u2019 inquietudine,per la mancanza di lavoro, di possibilit\u00e0, pure di speranza.<\/p>\n<p>Ci sono due cose reali, due proposte portate avanti dal M5S \u2013 questo dicono le cronache, altro che le mistificazioni e le calunnie &#8211; concrete e attuabili subito, non diventate finora realt\u00e0 solamente perch\u00e9 si scontrano con l\u2019 irresponsabile andazzo gestito in maniera egemone dal Pd e da Forza Italia, coi loro complici vecchi e nuovi.<\/p>\n<p>Due cose che si possono fare subito, anche a livello regionale. Due cose che il governo Renzi e la giunta Vendola avrebbero dovuto fare, e subito.<\/p>\n<p>Due cose che si potranno fare se il 10 maggio andremo a votare con cognizione di causa, informati e protagonisti attivi.<\/p>\n<p>Con esse, non appena approvate, la famiglia del giovane che ha scritto al Papa avrebbe un aiuto duraturo e soprattutto riacquisterebbe la propria dignit\u00e0.<\/p>\n<p>La prima \u00e8 l\u2019 istituzione del reddito di cittadinanza per i disoccupati, un provvedimento di civilt\u00e0, finanziabile con la riduzione delle spese militari e con la riduzione dei costi della politica, cio\u00e8 della casta dei politicanti.<\/p>\n<p>La seconda, un provvedimento di dignit\u00e0, \u00e8 l\u2019 abbassamento delle pensioni d\u2019 oro di migliaia e migliaia di euro per i privilegiati della casta, burocrati, politicanti del sottobosco, sedicenti manager e quant\u2019altri voi sapete meglio di me, con il corrispettivo innalzamento immediato delle pensioni di invalidit\u00e0.<\/p>\n<p>Oggi un Mario Capanna, tanto per dirne uno solo, s\u00ec, quello che voleva cambiare il mondo, portando la fantasia al potere, che se l\u2019\u00e8 voluta, perch\u00e9 ha osato prosaicamente protestare per un ventilato taglio di 200 euro, prende 7.200 euro al mese di pensione, per aver fatto il parlamentare e l euro parlamentare; un invalido civile al 100% prende 290 euro al mese.<\/p>\n<p>Perci\u00f2 andiamoci piano quando parliamo di tanto sono tutti uguali, di sfiducia per la politica, di mancanza di proposte, di non andare a votare.<\/p>\n<p>Informiamoci prima.<\/p>\n<p>Certo, tu puoi anche non interessarti di politica. Ma tanto poi la politica si interessa di te.<\/p>\n<p>Si interessa e, diventata potere dei soliti apparati, dei privilegiati, dei funzionari, dei burocrati, degli speculatori, dei lobbisti, che, essi s\u00ec, a votare ci vanno, decide di curare la Xylella con i pesticidi delle multinazionali distruggendo gli ulivi. Decide di costruire gasdotti inutili e dannosi. Decide di dare 7.200 euro al mese a un ex parlamentare, che certo ben altro potrebbe fare, e 290 a un invalido civile al 100%, che nient\u2019 altro pu\u00f2 fare. E, mentre trova i soldi per i mercanti di armi e per gli speculatori delle materie prime, cio\u00e8 dei beni comuni, decide di non dare niente a un disoccupato, lasciandolo solo nell\u2019 emarginazione e nel degrado, con ci\u00f2 mortificandolo una seconda volta letale, nella sua dignit\u00e0 di essere umano.<\/p>\n<p>&nbsp;<\/p>\n<p>&nbsp;<\/p>\n<p>&nbsp;<\/p>\n<p>&nbsp;<\/p>\n<p>&nbsp;<\/p>\n<p>&nbsp;<\/p>\n<fb:like href='https:\/\/www.leccecronaca.it\/index.php\/2015\/02\/28\/ma-tanto-la-politica-si-interessa-di-te\/' send='true' layout='button_count' show_faces='true' width='450' height='65' action='recommend' colorscheme='light' font='lucida grande'><\/fb:like><span class=\"fb_share\"><fb:like href=\"https:\/\/www.leccecronaca.it\/index.php\/2015\/02\/28\/ma-tanto-la-politica-si-interessa-di-te\/\" layout=\"button_count\"><\/fb:like><\/span>","protected":false},"excerpt":{"rendered":"<p>di Giuseppe Puppo______ \u201cMangiamo saltuariamente\u201d. Scrive cos\u00ec, fra l&#8217;altro, in un inciso drammatico, emblematico per\u00f2 della presente realt\u00e0 dei milioni di nuovi poveri, specialmente quelli del Sud, un giovane di Lecce della sua famiglia di persone in difficolt\u00e0, per usare un eufemismo, perch\u00e9 in realt\u00e0 si tratta di persone ridotte alla disperazione sociale da questa [&hellip;]<\/p>\n","protected":false},"author":4,"featured_media":45918,"comment_status":"open","ping_status":"closed","sticky":false,"template":"","format":"standard","meta":[],"categories":[69],"tags":[],"_links":{"self":[{"href":"https:\/\/www.leccecronaca.it\/index.php\/wp-json\/wp\/v2\/posts\/45917"}],"collection":[{"href":"https:\/\/www.leccecronaca.it\/index.php\/wp-json\/wp\/v2\/posts"}],"about":[{"href":"https:\/\/www.leccecronaca.it\/index.php\/wp-json\/wp\/v2\/types\/post"}],"author":[{"embeddable":true,"href":"https:\/\/www.leccecronaca.it\/index.php\/wp-json\/wp\/v2\/users\/4"}],"replies":[{"embeddable":true,"href":"https:\/\/www.leccecronaca.it\/index.php\/wp-json\/wp\/v2\/comments?post=45917"}],"version-history":[{"count":2,"href":"https:\/\/www.leccecronaca.it\/index.php\/wp-json\/wp\/v2\/posts\/45917\/revisions"}],"predecessor-version":[{"id":45920,"href":"https:\/\/www.leccecronaca.it\/index.php\/wp-json\/wp\/v2\/posts\/45917\/revisions\/45920"}],"wp:featuredmedia":[{"embeddable":true,"href":"https:\/\/www.leccecronaca.it\/index.php\/wp-json\/wp\/v2\/media\/45918"}],"wp:attachment":[{"href":"https:\/\/www.leccecronaca.it\/index.php\/wp-json\/wp\/v2\/media?parent=45917"}],"wp:term":[{"taxonomy":"category","embeddable":true,"href":"https:\/\/www.leccecronaca.it\/index.php\/wp-json\/wp\/v2\/categories?post=45917"},{"taxonomy":"post_tag","embeddable":true,"href":"https:\/\/www.leccecronaca.it\/index.php\/wp-json\/wp\/v2\/tags?post=45917"}],"curies":[{"name":"wp","href":"https:\/\/api.w.org\/{rel}","templated":true}]}}