{"id":46250,"date":"2015-03-09T19:15:38","date_gmt":"2015-03-09T18:15:38","guid":{"rendered":"http:\/\/www.leccecronaca.it\/?p=46250"},"modified":"2015-03-10T08:29:55","modified_gmt":"2015-03-10T07:29:55","slug":"caso-mancacongedo-lamenta-lassenza-di-partiti-e-istituzioni","status":"publish","type":"post","link":"https:\/\/www.leccecronaca.it\/index.php\/2015\/03\/09\/caso-mancacongedo-lamenta-lassenza-di-partiti-e-istituzioni\/","title":{"rendered":"CASO MANCA:CONGEDO LAMENTA L&#8217;ASSENZA DI PARTITI E ISTITUZIONI"},"content":{"rendered":"<div>\n<p>&nbsp;<\/p>\n<p><a href=\"https:\/\/www.leccecronaca.it\/wordpress\/wp-content\/uploads\/2015\/03\/manca-simona-scritte.jpg\"><img decoding=\"async\" loading=\"lazy\" src=\"https:\/\/www.leccecronaca.it\/wordpress\/wp-content\/uploads\/2015\/03\/manca-simona-scritte-150x150.jpg\" alt=\"\" title=\"manca simona scritte\" width=\"150\" height=\"150\" class=\"alignleft size-thumbnail wp-image-46163\" \/><\/a>(m.v.) Tutte le congreghe che tutti i giorni non mancano di dare lezioni di libert\u00e0 e democrazia, scusate il gioco di parole, sul caso Manca \u2026mancano.<br \/>\nLeccecronaca lo aveva scritto due giorni fa <em>&#8220;&#8230; Il Prefetto non vede, il Questore non sente, il Sindaco non parla, i partiti sono in vacanza\u2026&#8221;.<\/em><\/p>\n<p>I ciarlatani che quotidianamente inviano comunicati stampa su tutte le violenze e le provocazioni, vere o presunte, non si son fatti sentire, eppure se un pizzaiolo dall&#8217;altro capo del globo, in Australia, nel men\u00f9 inserisce la pizza Nazional-Socialista, a Lecce le congreghe democratiche della sante &#8220;biatille&#8221;, si scatenano, firmano comunicati, lanciano proclami, raccolgono firme, contro la pizza hitleriana che mette a rischio la libert\u00e0 dell&#8217;umanit\u00e0.<br \/>\nSe un amministratore viene appostato, controllato e minacciato, non in Australia, ma a Lecce la cosa non \u00a0interessa nessuno.<br \/>\nE neanche il fatto che la persona presa di mira sia una donna e si sia alla vigilia dell&#8217;8 marzo, ha scosso le coscienze delle candide anime dell&#8217;antifascismo nostrano. Sia ben chiaro non \u00e8 che una solidariet\u00e0 di facciata sarebbe servita a qualcosa, qui servono prese di posizione chiare, a nessuno deve essere consentito di muoversi FUORI dalla legalit\u00e0, decidendo chi pu\u00f2 e chi non pu\u00f2 parlare.<br \/>\nAd onor del vero l&#8217;unico che ha preso una posizione decisa \u00e8 stato il Dott. Cataldo Motta nel suo ruolo di magistrato.<\/p>\n<p>&#8212;&#8212;&#8212;&#8212;&#8212;&#8212;&#8212;&#8212;&#8212;-<\/p>\n<p>Ora \u00e8 Erio Congedo che parte all\u2019attacco di chi resta in silenzio sulle\u00a0scritte e minacce a casa della consigliera provinciale.<\/p>\n<p>Non \u00e8 sfuggita al vice presidente vicario del gruppo Pdl\/Fi alla Regione Puglia Erio Congedo la pressoch\u00e9 totale assenza di prese di posizione nei confronti del raid vandalico ai danni della consigliera di Forza Italia alla Provincia di Lecce, Simona Manca da parte di esponenti politici, istituzionali o della societ\u00e0 civile esterni al centrodestra.<br \/>\n\u201cRammarica &#8211; scrive Congedo &#8211; che a distanza di due giorni dallo stupido e vigliacco attacco ai danni di Simona Manca, una parola non si sia levata da ambienti esterni al centrodestra, cio\u00e8 partiti, associazioni, salotti pseudo intellettuali, rappresentanti istituzionali che spesso si riempiono la bocca di cose come la democrazia e la libert\u00e0. N\u00e9 messaggi di solidariet\u00e0 alla vittima, n\u00e9 condanne agli autori, n\u00e9 lo straccio di un distinguo, nemmeno nella forma di stanchi e abusati rituali. Silenzio totale. Ma l\u2019estraneit\u00e0 al centrodestra non \u00e8 l\u2019unico criterio per individuare questi soggetti, dal momento che sono gli stessi che qualche mese fa, proprio nel nome della Costituzione e della democrazia e libert\u00e0, pretendevano che non si tenessero a Lecce manifestazioni e convegni regolarmente autorizzati da chi di dovere.<\/p>\n<p>&nbsp;<\/p>\n<p>&nbsp;<\/p>\n<p>&nbsp;<\/p>\n<p>Che fine hanno fatto &#8211; si chiede &#8211; questi ipocriti \u201csbandieratori\u201d di valori? Forse oggi \u00e8 esagerato esigere la solidariet\u00e0 umana da chi notoriamente si distingue per faziosit\u00e0 e intolleranza politico-ideologica, ma su quanto accaduto, almeno una parola di buon senso, non \u00e8 giunta dagli ambienti in questione. Ci permettiamo, da un lato, di sospettare una certa compiacenza per certi episodi e, dall\u2019altro, di pretendere noi stavolta che si abbia il pudore di tacere in qualche caso e di non servirsi slealmente di valori &#8211; questi sconosciuti &#8211; come la democrazia e la libert\u00e0 e l\u2019eredit\u00e0 ideale della Costituzione\u201d.<\/p>\n<p>&nbsp;<\/p>\n<p>&nbsp;<\/p>\n<p><span style=\"font-size: xx-small;\"><br \/>\n<\/span><\/p>\n<\/div>\n<fb:like href='https:\/\/www.leccecronaca.it\/index.php\/2015\/03\/09\/caso-mancacongedo-lamenta-lassenza-di-partiti-e-istituzioni\/' send='true' layout='button_count' show_faces='true' width='450' height='65' action='recommend' colorscheme='light' font='lucida grande'><\/fb:like><span class=\"fb_share\"><fb:like href=\"https:\/\/www.leccecronaca.it\/index.php\/2015\/03\/09\/caso-mancacongedo-lamenta-lassenza-di-partiti-e-istituzioni\/\" layout=\"button_count\"><\/fb:like><\/span>","protected":false},"excerpt":{"rendered":"<p>&nbsp; (m.v.) Tutte le congreghe che tutti i giorni non mancano di dare lezioni di libert\u00e0 e democrazia, scusate il gioco di parole, sul caso Manca \u2026mancano. Leccecronaca lo aveva scritto due giorni fa &#8220;&#8230; Il Prefetto non vede, il Questore non sente, il Sindaco non parla, i partiti sono in vacanza\u2026&#8221;. I ciarlatani che [&hellip;]<\/p>\n","protected":false},"author":4,"featured_media":46163,"comment_status":"open","ping_status":"closed","sticky":false,"template":"","format":"standard","meta":[],"categories":[1],"tags":[],"_links":{"self":[{"href":"https:\/\/www.leccecronaca.it\/index.php\/wp-json\/wp\/v2\/posts\/46250"}],"collection":[{"href":"https:\/\/www.leccecronaca.it\/index.php\/wp-json\/wp\/v2\/posts"}],"about":[{"href":"https:\/\/www.leccecronaca.it\/index.php\/wp-json\/wp\/v2\/types\/post"}],"author":[{"embeddable":true,"href":"https:\/\/www.leccecronaca.it\/index.php\/wp-json\/wp\/v2\/users\/4"}],"replies":[{"embeddable":true,"href":"https:\/\/www.leccecronaca.it\/index.php\/wp-json\/wp\/v2\/comments?post=46250"}],"version-history":[{"count":5,"href":"https:\/\/www.leccecronaca.it\/index.php\/wp-json\/wp\/v2\/posts\/46250\/revisions"}],"predecessor-version":[{"id":46253,"href":"https:\/\/www.leccecronaca.it\/index.php\/wp-json\/wp\/v2\/posts\/46250\/revisions\/46253"}],"wp:featuredmedia":[{"embeddable":true,"href":"https:\/\/www.leccecronaca.it\/index.php\/wp-json\/wp\/v2\/media\/46163"}],"wp:attachment":[{"href":"https:\/\/www.leccecronaca.it\/index.php\/wp-json\/wp\/v2\/media?parent=46250"}],"wp:term":[{"taxonomy":"category","embeddable":true,"href":"https:\/\/www.leccecronaca.it\/index.php\/wp-json\/wp\/v2\/categories?post=46250"},{"taxonomy":"post_tag","embeddable":true,"href":"https:\/\/www.leccecronaca.it\/index.php\/wp-json\/wp\/v2\/tags?post=46250"}],"curies":[{"name":"wp","href":"https:\/\/api.w.org\/{rel}","templated":true}]}}