{"id":46261,"date":"2015-03-09T22:02:53","date_gmt":"2015-03-09T21:02:53","guid":{"rendered":"http:\/\/www.leccecronaca.it\/?p=46261"},"modified":"2015-03-09T22:02:53","modified_gmt":"2015-03-09T21:02:53","slug":"la-tap-ci-scrive-2","status":"publish","type":"post","link":"https:\/\/www.leccecronaca.it\/index.php\/2015\/03\/09\/la-tap-ci-scrive-2\/","title":{"rendered":"LA TAP CI SCRIVE"},"content":{"rendered":"<p><em><a href=\"https:\/\/www.leccecronaca.it\/wordpress\/wp-content\/uploads\/2015\/02\/TAP.png\"><img decoding=\"async\" loading=\"lazy\" src=\"https:\/\/www.leccecronaca.it\/wordpress\/wp-content\/uploads\/2015\/02\/TAP-150x150.png\" alt=\"\" title=\"TAP\" width=\"150\" height=\"150\" class=\"alignleft size-thumbnail wp-image-45163\" \/><\/a>Riceviamo e volentieri pubblichiamo.<\/em><\/p>\n<p>Rispettando alla lettera la tempistica indicata la scorsa estate, il ministro dell&#8217;Energia turco, Taner Yildiz, ha annunciato\u00a0<a href=\"https:\/\/webmaildomini.aruba.it\/ext_aruba\/classic\/html\/mainframe.html?_v_=v4r2b25.20150303_1000?lang=it&amp;flavour=orange&amp;theme=ext_aruba\/classic&amp;useSprite=0\">oggi<\/a>\u00a0che i lavori per la costruzione del gasdotto Trans Anatolian Pipeline (Tanap) inizieranno marted\u00ec prossimo. &#8220;La cerimonia della posa della prima pietra si svolger\u00e0 il 17 marzo nella provincia orientale di Kars&#8221;, ha dichiarato Yildiz, aggiungendo che all&#8217;evento parteciper\u00e0 tra gli altri il presidente dell&#8217;Azerbaijan, Ilham Aliyev.<\/p>\n<p>Yildiz, che parlava a un incontro dell&#8217;Associazione turca dei produttori di acciaio (Cebid), ha assicurato che delle 1,3 milioni di tonnellate di tubi necessari al Tanap, soltanto 200.000 saranno realizzati al di\u00a0 fuori della Turchia. I contratti per la fornitura dei tubi, per un valore complessivo di oltre 500 milioni di dollari, sono stati infatti assegnati lo scorso ottobre a sei aziende turche e a una cinese.<\/p>\n<p>Il Tanap, che avr\u00e0 una capacit\u00e0 iniziale di 16 miliardi di mc l&#8217;anno, attraverser\u00e0 la Turchia per portare il gas dall&#8217;Azerbaijan all&#8217;Europa. Il gasdotto consegner\u00e0 il primo gas in Turchia nel 2018 e in Puglia attraverso il Tap tra la fine del 2019 e l&#8217;inizio del 2020.<\/p>\n<p>&nbsp;<\/p>\n<fb:like href='https:\/\/www.leccecronaca.it\/index.php\/2015\/03\/09\/la-tap-ci-scrive-2\/' send='true' layout='button_count' show_faces='true' width='450' height='65' action='recommend' colorscheme='light' font='lucida grande'><\/fb:like><span class=\"fb_share\"><fb:like href=\"https:\/\/www.leccecronaca.it\/index.php\/2015\/03\/09\/la-tap-ci-scrive-2\/\" layout=\"button_count\"><\/fb:like><\/span>","protected":false},"excerpt":{"rendered":"<p>Riceviamo e volentieri pubblichiamo. Rispettando alla lettera la tempistica indicata la scorsa estate, il ministro dell&#8217;Energia turco, Taner Yildiz, ha annunciato\u00a0oggi\u00a0che i lavori per la costruzione del gasdotto Trans Anatolian Pipeline (Tanap) inizieranno marted\u00ec prossimo. &#8220;La cerimonia della posa della prima pietra si svolger\u00e0 il 17 marzo nella provincia orientale di Kars&#8221;, ha dichiarato Yildiz, [&hellip;]<\/p>\n","protected":false},"author":4,"featured_media":45163,"comment_status":"open","ping_status":"closed","sticky":false,"template":"","format":"standard","meta":[],"categories":[36],"tags":[],"_links":{"self":[{"href":"https:\/\/www.leccecronaca.it\/index.php\/wp-json\/wp\/v2\/posts\/46261"}],"collection":[{"href":"https:\/\/www.leccecronaca.it\/index.php\/wp-json\/wp\/v2\/posts"}],"about":[{"href":"https:\/\/www.leccecronaca.it\/index.php\/wp-json\/wp\/v2\/types\/post"}],"author":[{"embeddable":true,"href":"https:\/\/www.leccecronaca.it\/index.php\/wp-json\/wp\/v2\/users\/4"}],"replies":[{"embeddable":true,"href":"https:\/\/www.leccecronaca.it\/index.php\/wp-json\/wp\/v2\/comments?post=46261"}],"version-history":[{"count":1,"href":"https:\/\/www.leccecronaca.it\/index.php\/wp-json\/wp\/v2\/posts\/46261\/revisions"}],"predecessor-version":[{"id":46262,"href":"https:\/\/www.leccecronaca.it\/index.php\/wp-json\/wp\/v2\/posts\/46261\/revisions\/46262"}],"wp:featuredmedia":[{"embeddable":true,"href":"https:\/\/www.leccecronaca.it\/index.php\/wp-json\/wp\/v2\/media\/45163"}],"wp:attachment":[{"href":"https:\/\/www.leccecronaca.it\/index.php\/wp-json\/wp\/v2\/media?parent=46261"}],"wp:term":[{"taxonomy":"category","embeddable":true,"href":"https:\/\/www.leccecronaca.it\/index.php\/wp-json\/wp\/v2\/categories?post=46261"},{"taxonomy":"post_tag","embeddable":true,"href":"https:\/\/www.leccecronaca.it\/index.php\/wp-json\/wp\/v2\/tags?post=46261"}],"curies":[{"name":"wp","href":"https:\/\/api.w.org\/{rel}","templated":true}]}}