{"id":47408,"date":"2015-04-03T10:31:52","date_gmt":"2015-04-03T08:31:52","guid":{"rendered":"http:\/\/www.leccecronaca.it\/?p=47408"},"modified":"2015-04-03T10:38:02","modified_gmt":"2015-04-03T08:38:02","slug":"non-ci-sono-risorse-per-i-senzatetto-salentini-i-soldi-servono-per-gli-extracomunitari","status":"publish","type":"post","link":"https:\/\/www.leccecronaca.it\/index.php\/2015\/04\/03\/non-ci-sono-risorse-per-i-senzatetto-salentini-i-soldi-servono-per-gli-extracomunitari\/","title":{"rendered":"NON CI SONO RISORSE PER LE FAMIGLIE SALENTINE I SOLDI SERVONO PER GLI EXTRACOMUNITARI"},"content":{"rendered":"<p style=\"text-align: left;\" align=\"CENTER\"><span style=\"font-family: 'Times New Roman', serif;\"><a href=\"https:\/\/www.leccecronaca.it\/wordpress\/wp-content\/uploads\/2015\/04\/Stefano-Gallotta.jpg\"><img decoding=\"async\" loading=\"lazy\" src=\"https:\/\/www.leccecronaca.it\/wordpress\/wp-content\/uploads\/2015\/04\/Stefano-Gallotta-225x300.jpg\" alt=\"\" title=\"Stefano Gallotta\" width=\"225\" height=\"300\" class=\"alignleft size-medium wp-image-47409\" srcset=\"https:\/\/www.leccecronaca.it\/wordpress\/wp-content\/uploads\/2015\/04\/Stefano-Gallotta-225x300.jpg 225w, https:\/\/www.leccecronaca.it\/wordpress\/wp-content\/uploads\/2015\/04\/Stefano-Gallotta.jpg 612w\" sizes=\"(max-width: 225px) 100vw, 225px\" \/><\/a>Aumentano le famiglie salentine che finiscono in mezzo alla strada, nel disinteresse generale delle istituzioni.<br \/>\nIeri avevamo dato la notizia di un&#8217;anziana signora leccese che invalida al 100% sopravvive con 290 euro al mese, oggi purtroppo siamo costretti ad occuparci di nostri concittadini che finiscono per strada.<\/span><\/p>\n<p style=\"text-align: left;\" align=\"CENTER\"><span style=\"font-family: 'Times New Roman', serif;\">L&#8217;ARCA Sud Salento sfratta numerose famiglie incolpevolmente morose dagli alloggi popolari\u00a0<\/span><span style=\"color: #222222;\"><span style=\"font-family: 'Times New Roman', serif;\">nell&#8217;indifferenza delle istituzioni.<br \/>\n<\/span><\/span><span style=\"font-family: 'Times New Roman', serif;\"><span style=\"font-size: small;\">Allo sportello dell&#8217;associazione \u00e8 giunta la drammatica richiesta di aiuto da parte di una famiglia leccese che ha ricevuto\u00a0<\/span><\/span><span style=\"font-family: 'Times New Roman', serif;\"><span style=\"font-size: small;\">il \u201cdecreto di rilascio alloggio\u201de rischia concretamente di finire in strada.<\/span><\/span><\/p>\n<p style=\"text-align: left;\" align=\"CENTER\">\u00a0<span style=\"color: #000000;\"><span style=\"font-family: 'Times New Roman', serif;\"><span style=\"font-size: small;\">Le ripercussioni della grave crisi economica che attanaglia, in modo particolare, il nostro territorio, rendono sempre pi\u00f9 difficile, specie per le famiglie meno abbienti, far fron<\/span><\/span><\/span><span style=\"color: #000000;\"><span style=\"font-family: 'Times New Roman', serif;\"><span style=\"font-size: small;\">te ai propri bisogni primari ed essenziali.<\/span><\/span><\/span><\/p>\n<p align=\"JUSTIFY\"><span style=\"color: #000000;\"><span style=\"font-family: 'Times New Roman', serif;\"><span style=\"font-size: small;\">In questa situazione di estrema emergenza, risulta particolarmente inopportuna e stonata l&#8217;iniziativa del<\/span><\/span><\/span><span style=\"color: #222222;\"><span style=\"font-family: 'Times New Roman', serif;\"><span style=\"font-size: small;\">l\u2019A.R.C.A. Sud Salento (Agenzia Regionale per la Casa e l\u2019Abitare \u2013\u00a0<\/span><\/span><\/span><span style=\"color: #222222;\"><span style=\"font-family: 'Times New Roman', serif;\"><span style=\"font-size: small;\">ex<\/span><\/span><\/span><span style=\"color: #222222;\"><span style=\"font-family: 'Times New Roman', serif;\"><span style=\"font-size: small;\">\u00a0I.A.C.P.), che ha avviato, nei confronti di numerose famiglie morose e\/o formalmente occupanti gli alloggi\u00a0<\/span><\/span><\/span><span style=\"color: #222222;\"><span style=\"font-family: 'Times New Roman', serif;\"><span style=\"font-size: small;\">sine titulo<\/span><\/span><\/span><span style=\"color: #222222;\"><span style=\"font-family: 'Times New Roman', serif;\"><span style=\"font-size: small;\">, le azioni di risoluzione dei contratti di affitto e ogni iniziativa per il rilascio degli alloggi di edilizia residenziale pubblica.<\/span><\/span><\/span><\/p>\n<p align=\"JUSTIFY\"><span style=\"color: #222222;\"><span style=\"font-family: 'Times New Roman', serif;\"><span style=\"font-size: small;\">A CODICI Lecce &#8211; Centro per i Diritti del Cittadino si \u00e8 rivolta una di queste famiglie (composta da cinque membri) incolpevolmente morosa che, proprio in prossimit\u00e0 delle festivit\u00e0 pasquali, si \u00e8 vista notificare un \u201cdecreto di rilascio alloggio E.R.P.\u201d e rischia concretamente di ritrovarsi a breve senza un tetto, per giunta con figli minori a carico.<\/span><\/span><\/span><\/p>\n<p align=\"JUSTIFY\"><span style=\"color: #222222;\"><span style=\"font-family: 'Times New Roman', serif;\"><span style=\"font-size: small;\">Al fianco delle iniziative giudiziarie che l&#8217;Associazione ha intenzione di intraprendere a salvaguardia dei sacrosanti diritti di questi cittadini, occorre un urgente intervento istituzionale che, prendendo le mosse dal riconoscimento del diritto all&#8217;abitazione quale esigenza primaria da garantire concretamente a ciascun nucleo familiare, affinch\u00e9 questo possa realizzarsi nella\u00a0<\/span><\/span><\/span><span style=\"color: #222222;\"><span style=\"font-family: 'Times New Roman', serif;\"><span style=\"font-size: small;\"><span style=\"text-decoration: underline;\">condivisione di un progetto di vita comune e di un&#8217;esistenza dignitosa<\/span><\/span><\/span><\/span><span style=\"color: #222222;\"><span style=\"font-family: 'Times New Roman', serif;\"><span style=\"font-size: small;\">, come riconosciuto dal dettato costituzionale, metta a freno e ponga comunque rimedio a queste inopportune iniziative, in considerazione delle drammatiche ripercussioni sociali dalle stesse ingenerate.<\/span><\/span><\/span><\/p>\n<p align=\"JUSTIFY\"><span style=\"color: #222222;\"><span style=\"font-family: 'Times New Roman', serif;\"><span style=\"font-size: small;\">Codici Lecce\u00a0<\/span><\/span><\/span><span style=\"color: #000000;\"><span style=\"font-family: 'Times New Roman', serif;\"><span style=\"font-size: small;\">(<\/span><\/span><\/span><span style=\"color: #0000ff;\"><span style=\"text-decoration: underline;\"><a target=\"_blank\"><span style=\"font-family: 'Times New Roman', serif;\"><span style=\"font-size: small;\">codici.lecce@codici.org<\/span><\/span><\/a><\/span><\/span><span style=\"color: #000000;\"><span style=\"font-family: 'Times New Roman', serif;\"><span style=\"font-size: small;\">), che sta avviando ogni iniziativa atta a contrastare questa drammatica emergenza sociale ed \u00e8 a disposizione degli interessati per una valutazione gratuita dei singoli casi<\/span><\/span><\/span><span style=\"color: #222222;\"><span style=\"font-family: 'Times New Roman', serif;\"><span style=\"font-size: small;\">, invita l&#8217;ente gestore ad attingere le proprie pretese dal Fondo sociale a tal uopo istituito dalla recente Legge Regionale n. 10\/2014, da utilizzarsi, secondo quanto ivi previsto, per la corresponsione dei contributi agli assegnatari che non siano in grado di sostenere l&#8217;onere per il pagamento dei canoni locatizi<\/span><\/span><\/span><span style=\"color: #000000;\"><span style=\"font-family: 'Times New Roman', serif;\"><span style=\"font-size: small;\">.<\/span><\/span><\/span><\/p>\n<p align=\"JUSTIFY\">\n<fb:like href='https:\/\/www.leccecronaca.it\/index.php\/2015\/04\/03\/non-ci-sono-risorse-per-i-senzatetto-salentini-i-soldi-servono-per-gli-extracomunitari\/' send='true' layout='button_count' show_faces='true' width='450' height='65' action='recommend' colorscheme='light' font='lucida grande'><\/fb:like><span class=\"fb_share\"><fb:like href=\"https:\/\/www.leccecronaca.it\/index.php\/2015\/04\/03\/non-ci-sono-risorse-per-i-senzatetto-salentini-i-soldi-servono-per-gli-extracomunitari\/\" layout=\"button_count\"><\/fb:like><\/span>","protected":false},"excerpt":{"rendered":"<p>Aumentano le famiglie salentine che finiscono in mezzo alla strada, nel disinteresse generale delle istituzioni. Ieri avevamo dato la notizia di un&#8217;anziana signora leccese che invalida al 100% sopravvive con 290 euro al mese, oggi purtroppo siamo costretti ad occuparci di nostri concittadini che finiscono per strada. L&#8217;ARCA Sud Salento sfratta numerose famiglie incolpevolmente morose [&hellip;]<\/p>\n","protected":false},"author":4,"featured_media":47409,"comment_status":"open","ping_status":"closed","sticky":false,"template":"","format":"standard","meta":[],"categories":[36],"tags":[],"_links":{"self":[{"href":"https:\/\/www.leccecronaca.it\/index.php\/wp-json\/wp\/v2\/posts\/47408"}],"collection":[{"href":"https:\/\/www.leccecronaca.it\/index.php\/wp-json\/wp\/v2\/posts"}],"about":[{"href":"https:\/\/www.leccecronaca.it\/index.php\/wp-json\/wp\/v2\/types\/post"}],"author":[{"embeddable":true,"href":"https:\/\/www.leccecronaca.it\/index.php\/wp-json\/wp\/v2\/users\/4"}],"replies":[{"embeddable":true,"href":"https:\/\/www.leccecronaca.it\/index.php\/wp-json\/wp\/v2\/comments?post=47408"}],"version-history":[{"count":3,"href":"https:\/\/www.leccecronaca.it\/index.php\/wp-json\/wp\/v2\/posts\/47408\/revisions"}],"predecessor-version":[{"id":47411,"href":"https:\/\/www.leccecronaca.it\/index.php\/wp-json\/wp\/v2\/posts\/47408\/revisions\/47411"}],"wp:featuredmedia":[{"embeddable":true,"href":"https:\/\/www.leccecronaca.it\/index.php\/wp-json\/wp\/v2\/media\/47409"}],"wp:attachment":[{"href":"https:\/\/www.leccecronaca.it\/index.php\/wp-json\/wp\/v2\/media?parent=47408"}],"wp:term":[{"taxonomy":"category","embeddable":true,"href":"https:\/\/www.leccecronaca.it\/index.php\/wp-json\/wp\/v2\/categories?post=47408"},{"taxonomy":"post_tag","embeddable":true,"href":"https:\/\/www.leccecronaca.it\/index.php\/wp-json\/wp\/v2\/tags?post=47408"}],"curies":[{"name":"wp","href":"https:\/\/api.w.org\/{rel}","templated":true}]}}