{"id":47424,"date":"2015-04-03T18:35:16","date_gmt":"2015-04-03T16:35:16","guid":{"rendered":"http:\/\/www.leccecronaca.it\/?p=47424"},"modified":"2015-04-03T18:35:16","modified_gmt":"2015-04-03T16:35:16","slug":"letterina-pasquale-al-presidente-vendola","status":"publish","type":"post","link":"https:\/\/www.leccecronaca.it\/index.php\/2015\/04\/03\/letterina-pasquale-al-presidente-vendola\/","title":{"rendered":"Letterina pasquale al Presidente Vendola."},"content":{"rendered":"<p><a href=\"https:\/\/www.leccecronaca.it\/wordpress\/wp-content\/uploads\/2015\/04\/TAP-VENDOLA.png\"><img decoding=\"async\" loading=\"lazy\" src=\"https:\/\/www.leccecronaca.it\/wordpress\/wp-content\/uploads\/2015\/04\/TAP-VENDOLA-202x300.png\" alt=\"\" title=\"TAP - VENDOLA\" width=\"202\" height=\"300\" class=\"alignleft size-medium wp-image-47425\" srcset=\"https:\/\/www.leccecronaca.it\/wordpress\/wp-content\/uploads\/2015\/04\/TAP-VENDOLA-202x300.png 202w, https:\/\/www.leccecronaca.it\/wordpress\/wp-content\/uploads\/2015\/04\/TAP-VENDOLA.png 665w\" sizes=\"(max-width: 202px) 100vw, 202px\" \/><\/a><span style=\"font-family: 'Times New Roman';\">Gent.mo Presidente Vendola,<\/span><\/p>\n<p><span style=\"font-family: 'Times New Roman';\"><span>penso di poter parlare non solo a titolo personale, ma rappresentando il sentimento di tutta la popolazione salentina che si sente aggredita da quell&#8217;insano gesto di deturpazione del nostro territorio che prende il nome di TAP.<\/span><\/span><\/p>\n<p><span style=\"font-family: 'Times New Roman';\"><span>Nei giorni scorsi, tralasciando gli orpelli lessicali che l&#8217;hanno contraddistinta in questi dieci anni di governo, ha dichiarato in maniera esplicita sugli organi di stampa che verso il gasdotto, &#8220;la Regione Puglia reagir\u00e0 con tutti gli strumenti a sua disposizione&#8221;.<\/span><\/span><\/p>\n<p><span style=\"font-family: 'Times New Roman';\"><span>E&#8217; una presa di posizione che finalmente le fa onore, dopo che in questi anni, attraverso il suo forbito eloquio, ci aveva fatto intendere\u00a0<em>TAP si<\/em>,\u00a0<em>TAP no<\/em>,\u00a0<em>TAP forse<\/em>\u00a0o insomma vedremo ! E che forse qualcosina di pi\u00f9 si poteva fare !<\/span><\/span><\/p>\n<p><span style=\"font-family: 'Times New Roman';\"><span>E non siamo qui a pensare che questa sua presa di posizione sia dovuta a meri fini elettoralistici,\u00a0<strong>che a sessanta giorni dalle elezioni siamo tutti contro TAP<\/strong>; siamo qui invece a darle pieno sostegno e totale fiducia affinch\u00e9 queste sue dichiarazioni possano essere di sollievo per la popolazione salentina.<\/span><\/span><\/p>\n<p><span style=\"font-family: 'Times New Roman';\"><span>Certo che la domanda sorge spontanea: in che modo intende sostenere questa sua affermazione ?<\/span><\/span><\/p>\n<p><strong><span style=\"font-family: 'Times New Roman';\"><span>Intende sostenerla con il candidato di centrosinistra Michele Emiliano ?<\/span><\/span><\/strong><\/p>\n<p><span style=\"font-family: 'Times New Roman';\"><span>In effetti, suona un po&#8217; strana questa assonanza Emiliano-NO TAP, tanto pi\u00f9 che lo stesso Sindaco di Puglia, come lui stesso ama definirsi, in tempi non sospetti ha dichiarato che\u00a0<strong>l&#8217;opera del gasdotto \u00e8 strategica nel piano energetico nazionale.<\/strong>\u00a0Sarebbe una pericolosa giravolta a 180\u00b0 a due mesi dalle elezioni: cosa penserebbero i tanti sostenitori delle sue sagre o i suoi dirigenti che fanno assumere le mogli in TAP e che rischierebbero cos\u00ec il posto ? No, sicuramente non sar\u00e0 lui che porter\u00e0 avanti questa meritoria battaglia !<\/span><\/span><\/p>\n<p><span style=\"font-family: 'Times New Roman';\"><span>Intende sostenerla insieme a NCD, che solo qualche giorno fa, attraverso Domi Lanzillotta in Regione, avvisava della pericolosa deriva estremista e violenta che potrebbe prendere la protesta ? Nuovo Centro Destra che non sappiamo se sar\u00e0 con voi, se sar\u00e0 con Schittulli, sar\u00e0 con chi sar\u00e0 basta che stia dentro ? No, nemmeno costoro potranno portare avanti la sua battaglia !<\/span><\/span><\/p>\n<p><span style=\"font-family: 'Times New Roman';\"><span>E come non averci pensato prima Presidente ! Ci perdoni, non abbiamo pensato che la Regione Puglia dispone di un&#8217;ottima avvocatura generale, un&#8217;avvocatura fatta da ottimi professionisti che difendono gli interessi della nostra amata regione.<\/span><\/span><\/p>\n<p><span style=\"font-family: 'Times New Roman';\"><span>Saranno sicuramente loro che troveranno il cavillo burocratico per stoppare questa nefandezza !<\/span><\/span><\/p>\n<p><span style=\"font-family: 'Times New Roman';\"><span>Per\u00f2 in effetti, data l&#8217;importanza dell&#8217;incarico, potrebbe non essere sufficiente lo staff regionale ed allora perch\u00e9 non prendere una o pi\u00f9 consulenze esterne ?<\/span><\/span><\/p>\n<p><span style=\"font-family: 'Times New Roman';\"><span>Ecco ora s\u00ec, forse siamo arrivati al dunque, siamo alla quadra del cerchio, si potrebbe affidare l&#8217;incarico ad un consulente esterno di provata fiducia, qualche avvocato che nel corso degli anni ha difeso la regione Puglia, attraverso incarichi affidati da Lei e dalla sua Giunta.<\/span><\/span><\/p>\n<p><span style=\"font-family: 'Times New Roman';\"><span>Ora, Presidente, intende affidare a qualcuno di costoro il delicato incarico ?<\/span><\/span><\/p>\n<p><span style=\"font-family: 'Times New Roman';\"><span>Ecco, magari eviti di affidarlo a chi nello stesso tempo \u00e8 nelle sue grazie, nelle grazie della sua Giunta ed anche in quelle di TAP !<\/span><\/span><\/p>\n<p><span style=\"font-family: 'Times New Roman';\"><span>O non ne era a conoscenza ?<\/span><\/span><\/p>\n<p><span style=\"font-family: 'Times New Roman';\"><strong><span>Non era a conoscenza che qualche suo consulente esterno, rendeva servigi a lei ed alla tanto odiata Trans Adriatic Pipeline ?<\/span><\/strong><\/span><\/p>\n<p><span style=\"font-family: 'Times New Roman';\"><span>Come glielo spiegher\u00e0 che\u00a0<a href=\"https:\/\/webmaildomini.aruba.it\/ext_aruba\/classic\/html\/mainframe.html?_v_=v4r2b25.20150402_1100?lang=it&amp;flavour=orange&amp;theme=ext_aruba\/classic&amp;useSprite=0\">oggi<\/a>, a sessanta giorni dalle elezioni, il suo atteggiamento \u00e8 mutato ?<\/span><\/span><\/p>\n<p><span style=\"font-family: 'Times New Roman';\"><span>Suvvia Presidente, si faccia furbo, la cittadinanza glielo chiede !!!<\/span><\/span><\/p>\n<fb:like href='https:\/\/www.leccecronaca.it\/index.php\/2015\/04\/03\/letterina-pasquale-al-presidente-vendola\/' send='true' layout='button_count' show_faces='true' width='450' height='65' action='recommend' colorscheme='light' font='lucida grande'><\/fb:like><span class=\"fb_share\"><fb:like href=\"https:\/\/www.leccecronaca.it\/index.php\/2015\/04\/03\/letterina-pasquale-al-presidente-vendola\/\" layout=\"button_count\"><\/fb:like><\/span>","protected":false},"excerpt":{"rendered":"<p>Gent.mo Presidente Vendola, penso di poter parlare non solo a titolo personale, ma rappresentando il sentimento di tutta la popolazione salentina che si sente aggredita da quell&#8217;insano gesto di deturpazione del nostro territorio che prende il nome di TAP. Nei giorni scorsi, tralasciando gli orpelli lessicali che l&#8217;hanno contraddistinta in questi dieci anni di governo, [&hellip;]<\/p>\n","protected":false},"author":4,"featured_media":47425,"comment_status":"open","ping_status":"closed","sticky":false,"template":"","format":"standard","meta":[],"categories":[36],"tags":[],"_links":{"self":[{"href":"https:\/\/www.leccecronaca.it\/index.php\/wp-json\/wp\/v2\/posts\/47424"}],"collection":[{"href":"https:\/\/www.leccecronaca.it\/index.php\/wp-json\/wp\/v2\/posts"}],"about":[{"href":"https:\/\/www.leccecronaca.it\/index.php\/wp-json\/wp\/v2\/types\/post"}],"author":[{"embeddable":true,"href":"https:\/\/www.leccecronaca.it\/index.php\/wp-json\/wp\/v2\/users\/4"}],"replies":[{"embeddable":true,"href":"https:\/\/www.leccecronaca.it\/index.php\/wp-json\/wp\/v2\/comments?post=47424"}],"version-history":[{"count":2,"href":"https:\/\/www.leccecronaca.it\/index.php\/wp-json\/wp\/v2\/posts\/47424\/revisions"}],"predecessor-version":[{"id":47427,"href":"https:\/\/www.leccecronaca.it\/index.php\/wp-json\/wp\/v2\/posts\/47424\/revisions\/47427"}],"wp:featuredmedia":[{"embeddable":true,"href":"https:\/\/www.leccecronaca.it\/index.php\/wp-json\/wp\/v2\/media\/47425"}],"wp:attachment":[{"href":"https:\/\/www.leccecronaca.it\/index.php\/wp-json\/wp\/v2\/media?parent=47424"}],"wp:term":[{"taxonomy":"category","embeddable":true,"href":"https:\/\/www.leccecronaca.it\/index.php\/wp-json\/wp\/v2\/categories?post=47424"},{"taxonomy":"post_tag","embeddable":true,"href":"https:\/\/www.leccecronaca.it\/index.php\/wp-json\/wp\/v2\/tags?post=47424"}],"curies":[{"name":"wp","href":"https:\/\/api.w.org\/{rel}","templated":true}]}}