{"id":47457,"date":"2015-04-09T06:00:45","date_gmt":"2015-04-09T04:00:45","guid":{"rendered":"http:\/\/www.leccecronaca.it\/?p=47457"},"modified":"2015-04-04T19:28:26","modified_gmt":"2015-04-04T17:28:26","slug":"a-leverano-si-dibatte-sul-comparto-agricolo","status":"publish","type":"post","link":"https:\/\/www.leccecronaca.it\/index.php\/2015\/04\/09\/a-leverano-si-dibatte-sul-comparto-agricolo\/","title":{"rendered":"CONFERENZE \/ IL GRUPPO DI AZIONE LOCALE &#8220;TERRA D&#8217;ARNEO&#8221; SULL&#8217; AGRICOLTURA VENERDI&#8217; 10 A LEVERANO"},"content":{"rendered":"<p><a href=\"https:\/\/www.leccecronaca.it\/wordpress\/wp-content\/uploads\/2015\/04\/A.png\"><img decoding=\"async\" loading=\"lazy\" width=\"230\" height=\"300\" title=\"A\" class=\"alignleft size-medium wp-image-47458\" alt=\"\" src=\"https:\/\/www.leccecronaca.it\/wordpress\/wp-content\/uploads\/2015\/04\/A-230x300.png\" srcset=\"https:\/\/www.leccecronaca.it\/wordpress\/wp-content\/uploads\/2015\/04\/A-230x300.png 230w, https:\/\/www.leccecronaca.it\/wordpress\/wp-content\/uploads\/2015\/04\/A.png 624w\" sizes=\"(max-width: 230px) 100vw, 230px\" \/><\/a>Una panoramica sulle attuali opportunit\u00e0 di crescita per il territorio offerte dal comparto agricolo ed agroalimentare. \u00c8 questo il tema al centro del dibattito che animer\u00e0 la seconda conferenza economico-programmatica di Terra d\u2019Arneo, che si svolger\u00e0 <strong>venerd\u00ec 10 aprile 2015<\/strong>, a <strong>Leverano<\/strong>, presso la <strong>sala conferenze della Banca di Credito Cooperativo<\/strong> alle <strong>ore 16.30<\/strong>.<\/p>\n<p>A fare gli onori di casa, con i rispettivi indirizzi di saluto, saranno il sindaco di Leverano, <strong>Giovanni Zecca<\/strong> e il presidente della BCC, <strong>Lorenzo Zecca<\/strong>, ai quali seguir\u00e0 l\u2019intervento introduttivo del presidente del GAL Terra d\u2019Arneo, <strong>Cosimo Durante<\/strong>, che illustrer\u00e0 le motivazioni dell\u2019iniziativa, gli orientamenti programmatici e il contributo che il <strong>Gruppo di Azione Locale Terra d\u2019Arneo<\/strong> dar\u00e0 ad una nuova fase dello sviluppo sostenibile del territorio.<\/p>\n<p>Ospiti illustri interverranno alla conferenza: <strong>Adolfo Orsini<\/strong>, consigliere ISMEA (Istituto dei Servizi per il Mercato Agricolo Alimentare); <strong>Giorgio Venceslai<\/strong>, responsabile SGFA (Societ\u00e0 di Gestione Fondi per l\u2019Agroalimentare); <strong>Paolo di Marco <\/strong>del Dipartimento Sviluppo SIMEST (Societ\u00e0 Italiana per le Imprese all&#8217;Estero);<strong> Corrado Martinangelo<\/strong>, consigliere del Ministro dell\u2019Agricoltura; <strong>Ugo Patroni Griffi<\/strong>, presidente Fiera del Levante; <strong>Sante Tarabusi<\/strong>, consulente progetti finanziati; chiuder\u00e0 i lavori <strong>Gabriele Papa Pagliardini, <\/strong>dell\u2019 Autorit\u00e0 di Gestione Regione Puglia.<\/p>\n<p>&nbsp;<\/p>\n<p>&nbsp;<\/p>\n<fb:like href='https:\/\/www.leccecronaca.it\/index.php\/2015\/04\/09\/a-leverano-si-dibatte-sul-comparto-agricolo\/' send='true' layout='button_count' show_faces='true' width='450' height='65' action='recommend' colorscheme='light' font='lucida grande'><\/fb:like><span class=\"fb_share\"><fb:like href=\"https:\/\/www.leccecronaca.it\/index.php\/2015\/04\/09\/a-leverano-si-dibatte-sul-comparto-agricolo\/\" layout=\"button_count\"><\/fb:like><\/span>","protected":false},"excerpt":{"rendered":"<p>Una panoramica sulle attuali opportunit\u00e0 di crescita per il territorio offerte dal comparto agricolo ed agroalimentare. \u00c8 questo il tema al centro del dibattito che animer\u00e0 la seconda conferenza economico-programmatica di Terra d\u2019Arneo, che si svolger\u00e0 venerd\u00ec 10 aprile 2015, a Leverano, presso la sala conferenze della Banca di Credito Cooperativo alle ore 16.30. A [&hellip;]<\/p>\n","protected":false},"author":4,"featured_media":47458,"comment_status":"open","ping_status":"closed","sticky":false,"template":"","format":"standard","meta":[],"categories":[31],"tags":[],"_links":{"self":[{"href":"https:\/\/www.leccecronaca.it\/index.php\/wp-json\/wp\/v2\/posts\/47457"}],"collection":[{"href":"https:\/\/www.leccecronaca.it\/index.php\/wp-json\/wp\/v2\/posts"}],"about":[{"href":"https:\/\/www.leccecronaca.it\/index.php\/wp-json\/wp\/v2\/types\/post"}],"author":[{"embeddable":true,"href":"https:\/\/www.leccecronaca.it\/index.php\/wp-json\/wp\/v2\/users\/4"}],"replies":[{"embeddable":true,"href":"https:\/\/www.leccecronaca.it\/index.php\/wp-json\/wp\/v2\/comments?post=47457"}],"version-history":[{"count":4,"href":"https:\/\/www.leccecronaca.it\/index.php\/wp-json\/wp\/v2\/posts\/47457\/revisions"}],"predecessor-version":[{"id":47472,"href":"https:\/\/www.leccecronaca.it\/index.php\/wp-json\/wp\/v2\/posts\/47457\/revisions\/47472"}],"wp:featuredmedia":[{"embeddable":true,"href":"https:\/\/www.leccecronaca.it\/index.php\/wp-json\/wp\/v2\/media\/47458"}],"wp:attachment":[{"href":"https:\/\/www.leccecronaca.it\/index.php\/wp-json\/wp\/v2\/media?parent=47457"}],"wp:term":[{"taxonomy":"category","embeddable":true,"href":"https:\/\/www.leccecronaca.it\/index.php\/wp-json\/wp\/v2\/categories?post=47457"},{"taxonomy":"post_tag","embeddable":true,"href":"https:\/\/www.leccecronaca.it\/index.php\/wp-json\/wp\/v2\/tags?post=47457"}],"curies":[{"name":"wp","href":"https:\/\/api.w.org\/{rel}","templated":true}]}}