{"id":47595,"date":"2015-04-07T19:35:21","date_gmt":"2015-04-07T17:35:21","guid":{"rendered":"http:\/\/www.leccecronaca.it\/?p=47595"},"modified":"2015-04-07T19:35:21","modified_gmt":"2015-04-07T17:35:21","slug":"la-riduzione-vacanze-scolastiche-azzopperebbe-leconomia-pugliese","status":"publish","type":"post","link":"https:\/\/www.leccecronaca.it\/index.php\/2015\/04\/07\/la-riduzione-vacanze-scolastiche-azzopperebbe-leconomia-pugliese\/","title":{"rendered":"LA RIDUZIONE VACANZE SCOLASTICHE  AZZOPPEREBBE L\u2019ECONOMIA PUGLIESE\u201d"},"content":{"rendered":"<div dir=\"ltr\">\n<div dir=\"ltr\">\n<div dir=\"ltr\">\n<div>\n<div title=\"Desktop\" dir=\"ltr\">\n<div dir=\"ltr\">\n<div title=\"\" dir=\"ltr\">\n<div dir=\"ltr\">\n<div title=\"\" dir=\"ltr\">\n<div>\n<div dir=\"ltr\">\n<div dir=\"ltr\">\n<div title=\"\" dir=\"ltr\">\n<div dir=\"ltr\">\n<div>\n<div dir=\"ltr\">\n<p style=\"text-align: left;\" align=\"center\"><a href=\"https:\/\/www.leccecronaca.it\/wordpress\/wp-content\/uploads\/2015\/04\/poletti-ministro.jpg\"><img decoding=\"async\" loading=\"lazy\" src=\"https:\/\/www.leccecronaca.it\/wordpress\/wp-content\/uploads\/2015\/04\/poletti-ministro-300x203.jpg\" alt=\"\" title=\"poletti ministro\" width=\"300\" height=\"203\" class=\"alignleft size-medium wp-image-47601\" srcset=\"https:\/\/www.leccecronaca.it\/wordpress\/wp-content\/uploads\/2015\/04\/poletti-ministro-300x203.jpg 300w, https:\/\/www.leccecronaca.it\/wordpress\/wp-content\/uploads\/2015\/04\/poletti-ministro.jpg 316w\" sizes=\"(max-width: 300px) 100vw, 300px\" \/><\/a>Erio Congedo contesta la proposta di Poletti e chiede alla Regione di intervenire.<br \/>\nAl vice presidente vicario del gruppo Pdl\/Fi alla Regione Puglia\u00a0<strong>Erio Congedo<\/strong>\u00a0non piace l\u2019idea del ministro del Lavoro\u00a0<strong>Giuliano Poletti<\/strong>, secondo cui\u00a0<strong>i tre mesi abituali di vacanze scolastiche risulterebbero troppi<\/strong>\u00a0e sarebbe opportuno accorciarli.<\/p>\n<p><em>\u201cTemo<\/em>\u00a0&#8211; evidenzia &#8211;\u00a0<em>che\u00a0<strong>una prospettiva come quella del ministro del Lavoro sia molto pericolosa per una regione come la Puglia a fortissima vocazione turistica<\/strong>. Tagliare le vacanze scolastiche, infatti, significherebbe automaticamente accorciare la stagione degli operatori del turismo e di tutti coloro che indirettamente beneficiano dei flussi da giugno a settembre. In sostanza,\u00a0<strong>\u00e8 un modo efficacissimo per azzoppare l\u2019economia del territorio pugliese<\/strong>, che vive di sole, mare e degli altri meravigliosi elementi che compongono il segmento estivo del turismo. Non sottovaluto ovviamente la necessit\u00e0 di rendere il percorso scolastico pi\u00f9 efficace e, in generale, la scuola italiana pi\u00f9 adeguata all\u2019ingresso nel mondo del lavoro, ma partire con un taglio alle vacanze ha troppi effetti collaterali.<\/em><\/p>\n<p><em>Al di l\u00e0 dei disagi che i docenti, il personale scolastico e i genitori hanno gi\u00e0 chiaramente manifestato<\/em>\u00a0&#8211; continua Congedo &#8211;\u00a0<strong><em>ritengo che la Regione Puglia debba mobilitarsi contro una opzione di questo tipo<\/em><\/strong><em>\u00a0e difendere i propri bisogni. Subire passivamente questa scelta ci porterebbe a danni gravi e immediati, che dopo anni di crisi sarebbe di fondamentale importanza evitare\u201d.<strong><\/strong><\/em><\/p>\n<p><strong>\u00a0<\/strong><\/p>\n<\/div>\n<\/div>\n<\/div>\n<\/div>\n<\/div>\n<\/div>\n<\/div>\n<\/div>\n<\/div>\n<\/div>\n<\/div>\n<\/div>\n<\/div>\n<\/div>\n<\/div>\n<div title=\"\" dir=\"ltr\">\n<div><\/div>\n<\/div>\n<\/div>\n<div dir=\"ltr\"><\/div>\n<fb:like href='https:\/\/www.leccecronaca.it\/index.php\/2015\/04\/07\/la-riduzione-vacanze-scolastiche-azzopperebbe-leconomia-pugliese\/' send='true' layout='button_count' show_faces='true' width='450' height='65' action='recommend' colorscheme='light' font='lucida grande'><\/fb:like><span class=\"fb_share\"><fb:like href=\"https:\/\/www.leccecronaca.it\/index.php\/2015\/04\/07\/la-riduzione-vacanze-scolastiche-azzopperebbe-leconomia-pugliese\/\" layout=\"button_count\"><\/fb:like><\/span>","protected":false},"excerpt":{"rendered":"<p>Erio Congedo contesta la proposta di Poletti e chiede alla Regione di intervenire. Al vice presidente vicario del gruppo Pdl\/Fi alla Regione Puglia\u00a0Erio Congedo\u00a0non piace l\u2019idea del ministro del Lavoro\u00a0Giuliano Poletti, secondo cui\u00a0i tre mesi abituali di vacanze scolastiche risulterebbero troppi\u00a0e sarebbe opportuno accorciarli. \u201cTemo\u00a0&#8211; evidenzia &#8211;\u00a0che\u00a0una prospettiva come quella del ministro del Lavoro sia [&hellip;]<\/p>\n","protected":false},"author":4,"featured_media":47601,"comment_status":"open","ping_status":"closed","sticky":false,"template":"","format":"standard","meta":[],"categories":[36],"tags":[],"_links":{"self":[{"href":"https:\/\/www.leccecronaca.it\/index.php\/wp-json\/wp\/v2\/posts\/47595"}],"collection":[{"href":"https:\/\/www.leccecronaca.it\/index.php\/wp-json\/wp\/v2\/posts"}],"about":[{"href":"https:\/\/www.leccecronaca.it\/index.php\/wp-json\/wp\/v2\/types\/post"}],"author":[{"embeddable":true,"href":"https:\/\/www.leccecronaca.it\/index.php\/wp-json\/wp\/v2\/users\/4"}],"replies":[{"embeddable":true,"href":"https:\/\/www.leccecronaca.it\/index.php\/wp-json\/wp\/v2\/comments?post=47595"}],"version-history":[{"count":1,"href":"https:\/\/www.leccecronaca.it\/index.php\/wp-json\/wp\/v2\/posts\/47595\/revisions"}],"predecessor-version":[{"id":47602,"href":"https:\/\/www.leccecronaca.it\/index.php\/wp-json\/wp\/v2\/posts\/47595\/revisions\/47602"}],"wp:featuredmedia":[{"embeddable":true,"href":"https:\/\/www.leccecronaca.it\/index.php\/wp-json\/wp\/v2\/media\/47601"}],"wp:attachment":[{"href":"https:\/\/www.leccecronaca.it\/index.php\/wp-json\/wp\/v2\/media?parent=47595"}],"wp:term":[{"taxonomy":"category","embeddable":true,"href":"https:\/\/www.leccecronaca.it\/index.php\/wp-json\/wp\/v2\/categories?post=47595"},{"taxonomy":"post_tag","embeddable":true,"href":"https:\/\/www.leccecronaca.it\/index.php\/wp-json\/wp\/v2\/tags?post=47595"}],"curies":[{"name":"wp","href":"https:\/\/api.w.org\/{rel}","templated":true}]}}