{"id":47982,"date":"2015-04-12T09:20:18","date_gmt":"2015-04-12T07:20:18","guid":{"rendered":"http:\/\/www.leccecronaca.it\/?p=47982"},"modified":"2015-04-13T11:33:28","modified_gmt":"2015-04-13T09:33:28","slug":"nasce-un-comitato-per-dire-no-alla-nuova-discarica-di-cavallino-2","status":"publish","type":"post","link":"https:\/\/www.leccecronaca.it\/index.php\/2015\/04\/12\/nasce-un-comitato-per-dire-no-alla-nuova-discarica-di-cavallino-2\/","title":{"rendered":"L&#8217; ASSEMBLEA DI ASSOCIAZIONI E CITTADINI \/ COSTITUITO UN COMITATO PER DIRE NO ALLA NUOVA DISCARICA DI CAVALLINO &#8211; galleria fotografica"},"content":{"rendered":"<p><a href=\"https:\/\/www.leccecronaca.it\/wordpress\/wp-content\/uploads\/2015\/04\/21986_10205726431552552_1721332471099357374_n.jpg\"><img decoding=\"async\" loading=\"lazy\" width=\"150\" height=\"150\" title=\"21986_10205726431552552_1721332471099357374_n\" class=\"alignleft size-thumbnail wp-image-47983\" alt=\"\" src=\"https:\/\/www.leccecronaca.it\/wordpress\/wp-content\/uploads\/2015\/04\/21986_10205726431552552_1721332471099357374_n-150x150.jpg\" \/><\/a><a href=\"https:\/\/www.leccecronaca.it\/wordpress\/wp-content\/uploads\/2015\/04\/11138497_10205726429872510_5154391827841621138_n.jpg\"><img decoding=\"async\" loading=\"lazy\" width=\"150\" height=\"150\" title=\"11138497_10205726429872510_5154391827841621138_n\" class=\"alignleft size-thumbnail wp-image-47984\" alt=\"\" src=\"https:\/\/www.leccecronaca.it\/wordpress\/wp-content\/uploads\/2015\/04\/11138497_10205726429872510_5154391827841621138_n-150x150.jpg\" \/><\/a><a href=\"https:\/\/www.leccecronaca.it\/wordpress\/wp-content\/uploads\/2015\/04\/11103948_10205422794240907_496382465_n1.jpg\"><img decoding=\"async\" loading=\"lazy\" width=\"150\" height=\"150\" title=\"11103948_10205422794240907_496382465_n\" class=\"alignleft size-thumbnail wp-image-47988\" alt=\"\" src=\"https:\/\/www.leccecronaca.it\/wordpress\/wp-content\/uploads\/2015\/04\/11103948_10205422794240907_496382465_n1-150x150.jpg\" \/><\/a><a href=\"https:\/\/www.leccecronaca.it\/wordpress\/wp-content\/uploads\/2015\/04\/11115737_10205726429112491_4488936998904892341_n.jpg\"><img decoding=\"async\" loading=\"lazy\" width=\"150\" height=\"150\" title=\"11115737_10205726429112491_4488936998904892341_n\" class=\"alignleft size-thumbnail wp-image-47986\" alt=\"\" src=\"https:\/\/www.leccecronaca.it\/wordpress\/wp-content\/uploads\/2015\/04\/11115737_10205726429112491_4488936998904892341_n-150x150.jpg\" \/><\/a><a href=\"https:\/\/www.leccecronaca.it\/wordpress\/wp-content\/uploads\/2015\/04\/11101252_10153277599710956_8506068579982720881_n.jpg\"><img decoding=\"async\" loading=\"lazy\" width=\"150\" height=\"150\" title=\"11101252_10153277599710956_8506068579982720881_n\" class=\"alignleft size-thumbnail wp-image-47990\" alt=\"\" src=\"https:\/\/www.leccecronaca.it\/wordpress\/wp-content\/uploads\/2015\/04\/11101252_10153277599710956_8506068579982720881_n-150x150.jpg\" \/><\/a><\/p>\n<p>&nbsp;<\/p>\n<p>&nbsp;<\/p>\n<p>&nbsp;<\/p>\n<p>&nbsp;<\/p>\n<p>di <strong>Emanuele Lezzi______<\/strong><\/p>\n<p style=\"text-align: justify;\">\u00a0Tanti i cittadini, le associazioni ed anche alcuni amministratori pubblici di diversi paesi, che si sono incontrati venerd\u00ec sera\u00a0a San Cesario di Lecce, nella sede dell\u2019associazione culturale Sveglia Cittadina, per fare il punto sulla situazione &#8220;nuova discarica&#8221; a Cavallino e costituendosi, durante la serata, in un <strong>Comitato Popolare Intercomunale<\/strong>, a cui hanno aderito, per il momento, cittadini dei comuni di <strong>San Cesario, San Donato, Cavallino e Castromediano, Lequile, Lizzanello e Merine, Lecce, Copertino, Soleto, Melendugno<\/strong>. In tutto oltre una cinquantina le persone alquanto preparate sull&#8217;argomento che, nonostante altri impegni, hanno voluto essere presenti in momenti diversi della serata, iniziata alle 19.30 e conclusasi dopo le 23.00 (nella galleria fotografica, alcuni momenti della serata).<\/p>\n<p><img decoding=\"async\" loading=\"lazy\" width=\"150\" height=\"150\" title=\"11141439_10205422781080578_2073770526_o\" class=\"alignleft size-thumbnail wp-image-47989\" alt=\"\" src=\"https:\/\/www.leccecronaca.it\/wordpress\/wp-content\/uploads\/2015\/04\/11141439_10205422781080578_2073770526_o1-150x150.jpg\" \/><strong>Nuova discarica<\/strong> appunto &#8211; <em>ci tengono a precisare gi\u00e0 dai primi interventi<\/em> &#8211; \u00a0e non \u201cammodernamento\u201d come titolato nella delibera dell\u2019ATO LE del 6 marzo. Perch\u00e9 carte alla mano, nell\u2019incontro si \u00e8 potuto constatare con certezza che, quello che si \u00e8 approvato nell\u2019assemblea dei Sindaci \u00e8 proprio un progetto di impianto \u201cnuovo di zecca\u201d, compreso di scavo da 415.000 metri cubi staccato dall&#8217;impianto precedente. E questo lo ammette benissimo anche il Sindaco di Cavallino mentre, nella stessa assemblea dei Sindaci, cerca di accreditarsi come stazione appaltante (sede) del progetto, affermando: \u201c\u00e8 ovvio che \u00e8 una nuova discarica\u201d.<\/p>\n<p style=\"text-align: justify;\"><a href=\"https:\/\/www.leccecronaca.it\/wordpress\/wp-content\/uploads\/2015\/04\/11138561_10205726428072465_1853078665980624537_n.jpg\"><br \/>\n<img decoding=\"async\" loading=\"lazy\" width=\"150\" height=\"150\" title=\"11138561_10205726428072465_1853078665980624537_n\" class=\"alignleft size-thumbnail wp-image-47985\" alt=\"\" src=\"https:\/\/www.leccecronaca.it\/wordpress\/wp-content\/uploads\/2015\/04\/11138561_10205726428072465_1853078665980624537_n-150x150.jpg\" \/><\/a>Durante il dibattito si \u00e8 ben evidenziato il fatto, triste, che ancora una volta debbano essere i cittadini a mobilitarsi con azioni popolari, scoprendo di non essere stati n\u00e9 coinvolti n\u00e9 informati in scelte che li riguardano e che riguardano la qualit\u00e0 della vita di tutti.<\/p>\n<p style=\"text-align: justify;\">Cittadini ai quali viene sempre imposto il \u201cvicolo cieco\u201d dell\u2019emergenza decisionale, spesso creata ad hoc, \u00a0mentre invece quella stessa emergenza (non pianificata per tempo) \u00a0dovrebbe essere, non una mera giustificazione, ma un\u2019ammissione di colpa ed un segnale di incapacit\u00e0 ad amministrare. \u00a0Tutti segnali che mai per\u00f2 giungono alle dovute conseguenze, portando i responsabili alle dimissioni dai posti che ricoprono.<\/p>\n<p style=\"text-align: justify;\"><a href=\"https:\/\/www.leccecronaca.it\/wordpress\/wp-content\/uploads\/2015\/04\/10422937_10205726430752532_3058592030602001572_n1.jpg\"><br \/>\n<img decoding=\"async\" loading=\"lazy\" width=\"150\" height=\"150\" title=\"10422937_10205726430752532_3058592030602001572_n\" class=\"alignleft size-thumbnail wp-image-47987\" alt=\"\" src=\"https:\/\/www.leccecronaca.it\/wordpress\/wp-content\/uploads\/2015\/04\/10422937_10205726430752532_3058592030602001572_n1-150x150.jpg\" \/><\/a>Secondo molti intervenuti, \u00e8 proprio la mancanza di informazioni e di coinvolgimento dei cittadini, che impedisce lo svilupparsi di soluzioni alternative magari adottate in altri paesi pi\u00f9 avanzati, come ad esempio il compostaggio di prossimit\u00e0, o soluzioni come\u201d l\u2019autocompostaggio collettivo\u201d, finanziato per i comuni al di sotto dei 4000 abitanti. Tutte soluzioni che dovrebbero essere promosse, inizialmente anche solo come \u201cprogetti pilota\u201d, in tutti i comuni della provincia, in modo da avviarsi nella direzione virtuosa della gestione a \u201cRifiuti Zero\u201d.<\/p>\n<p style=\"text-align: justify;\">E dunque \u00e8 l\u2019intero <strong>ciclo dei rifiuti<\/strong> adottato finora a dover essere messo in discussione, sistema che ha lasciato alle sole iniziative dei singoli comuni la possibilit\u00e0 di percorrere soluzioni virtuose, senza un\u2019adeguata pianificazione nel rispetto degli obietti prioritari previsti dal Legislatore (Prevenzione della Produzione dei Rifiuti; Riutilizzo e riciclaggio dei materiali) e con il risultato che solo pochi centri sono riusciti ad organizzarsi al fine di perseguire tali obiettivi. La scusa dell\u2019eterna mancanza di fondi non regge pi\u00f9, soprattutto se poi per progetti gi\u00e0 risultati devastanti ed eccessivamente disagevoli come questo, si trovano come per magia 52 milioni di euro.<\/p>\n<p style=\"text-align: justify;\">Una delle prime domande che ci si \u00e8 posti poi, \u00e8 anche se essendo una vera e propria nuova discarica debba o meno percorrere l\u2019intero iter di autorizzazioni previsto per legge, o se invece chiamandolo \u201cammodernamento\u201d della discarica precedente(come nella delibera dell\u2019ATO) non si stia cercando proprio di aggirare quelle regole.<\/p>\n<p style=\"text-align: justify;\">Per questo si dovrebbe far pressione alla Provincia di Lecce per far indire una Conferenza dei Servizi su l&#8217;argomento, richiedendo comunque una agibilit\u00e0 ed una VIA (Valutazione di Impatto Ambientale), magari anche una \u00a0AIA (Autorizzazione Integrata ambientale).<\/p>\n<p style=\"text-align: justify;\">Si \u00e8 deciso anche di fare pressione sulle istituzioni, comunicando alla stampa ci\u00f2 che si \u00e8 scoperto, richiedendo agli enti interessati un pi\u00f9 completo accesso agli atti, organizzando eventi di coinvolgimento sul territorio, richiedendo, tramite i vari consiglieri comunali presenti e disponibili, delle convocazioni di Consigli Comunali \u201cmonotematici\u201d in ogni paese, partecipando e cercando di far sentire in quelle occasioni la volont\u00e0 popolare. Perch\u00e9 si devono assolutamente valutare meglio le alternative e perch\u00e9 questa non pu\u00f2 essere l\u2019unica soluzione.<\/p>\n<p style=\"text-align: justify;\">Dal punto di vista delle criticit\u00e0 tecniche in oggetto nella delibera, dal comune di <strong>San Donato<\/strong> si \u00e8 confermato che si \u00e8 dato mandato a 2 legali per valutare la possibilit\u00e0 di impugnarla, come dovrebbero fare tutti i comuni contrari se lo sono effettivamente. Ma allo stesso tempo, da pi\u00f9 intervenuti, \u00e8 venuto anche l\u2019incoraggiamento a agire parallelamente come mobilitazione popolare, perch\u00e9 senza una vera protesta di piazza a supporto, le singole azioni politiche, affidate solo alle pratiche giudiziarie, si infilano purtroppo in un tunnel senza certezze n\u00e9 temporali n\u00e9 di risultato.<\/p>\n<p>&nbsp;<\/p>\n<fb:like href='https:\/\/www.leccecronaca.it\/index.php\/2015\/04\/12\/nasce-un-comitato-per-dire-no-alla-nuova-discarica-di-cavallino-2\/' send='true' layout='button_count' show_faces='true' width='450' height='65' action='recommend' colorscheme='light' font='lucida grande'><\/fb:like><span class=\"fb_share\"><fb:like href=\"https:\/\/www.leccecronaca.it\/index.php\/2015\/04\/12\/nasce-un-comitato-per-dire-no-alla-nuova-discarica-di-cavallino-2\/\" layout=\"button_count\"><\/fb:like><\/span>","protected":false},"excerpt":{"rendered":"<p>&nbsp; &nbsp; &nbsp; &nbsp; di Emanuele Lezzi______ \u00a0Tanti i cittadini, le associazioni ed anche alcuni amministratori pubblici di diversi paesi, che si sono incontrati venerd\u00ec sera\u00a0a San Cesario di Lecce, nella sede dell\u2019associazione culturale Sveglia Cittadina, per fare il punto sulla situazione &#8220;nuova discarica&#8221; a Cavallino e costituendosi, durante la serata, in un Comitato Popolare [&hellip;]<\/p>\n","protected":false},"author":4,"featured_media":0,"comment_status":"open","ping_status":"closed","sticky":false,"template":"","format":"standard","meta":[],"categories":[1],"tags":[44],"_links":{"self":[{"href":"https:\/\/www.leccecronaca.it\/index.php\/wp-json\/wp\/v2\/posts\/47982"}],"collection":[{"href":"https:\/\/www.leccecronaca.it\/index.php\/wp-json\/wp\/v2\/posts"}],"about":[{"href":"https:\/\/www.leccecronaca.it\/index.php\/wp-json\/wp\/v2\/types\/post"}],"author":[{"embeddable":true,"href":"https:\/\/www.leccecronaca.it\/index.php\/wp-json\/wp\/v2\/users\/4"}],"replies":[{"embeddable":true,"href":"https:\/\/www.leccecronaca.it\/index.php\/wp-json\/wp\/v2\/comments?post=47982"}],"version-history":[{"count":25,"href":"https:\/\/www.leccecronaca.it\/index.php\/wp-json\/wp\/v2\/posts\/47982\/revisions"}],"predecessor-version":[{"id":48013,"href":"https:\/\/www.leccecronaca.it\/index.php\/wp-json\/wp\/v2\/posts\/47982\/revisions\/48013"}],"wp:attachment":[{"href":"https:\/\/www.leccecronaca.it\/index.php\/wp-json\/wp\/v2\/media?parent=47982"}],"wp:term":[{"taxonomy":"category","embeddable":true,"href":"https:\/\/www.leccecronaca.it\/index.php\/wp-json\/wp\/v2\/categories?post=47982"},{"taxonomy":"post_tag","embeddable":true,"href":"https:\/\/www.leccecronaca.it\/index.php\/wp-json\/wp\/v2\/tags?post=47982"}],"curies":[{"name":"wp","href":"https:\/\/api.w.org\/{rel}","templated":true}]}}