{"id":48318,"date":"2015-04-16T12:49:22","date_gmt":"2015-04-16T10:49:22","guid":{"rendered":"http:\/\/www.leccecronaca.it\/?p=48318"},"modified":"2015-04-16T12:49:22","modified_gmt":"2015-04-16T10:49:22","slug":"cristian-casili-reddito-minimo-garantito-subito","status":"publish","type":"post","link":"https:\/\/www.leccecronaca.it\/index.php\/2015\/04\/16\/cristian-casili-reddito-minimo-garantito-subito\/","title":{"rendered":"CRISTIAN CASILI: &#8220;Reddito minimo garantito subito&#8221;"},"content":{"rendered":"<p><a href=\"https:\/\/www.leccecronaca.it\/wordpress\/wp-content\/uploads\/2015\/04\/photo-1.jpg\"><img decoding=\"async\" loading=\"lazy\" width=\"960\" height=\"640\" title=\"photo 1\" class=\"alignleft size-full wp-image-48319\" alt=\"\" src=\"https:\/\/www.leccecronaca.it\/wordpress\/wp-content\/uploads\/2015\/04\/photo-1.jpg\" srcset=\"https:\/\/www.leccecronaca.it\/wordpress\/wp-content\/uploads\/2015\/04\/photo-1.jpg 960w, https:\/\/www.leccecronaca.it\/wordpress\/wp-content\/uploads\/2015\/04\/photo-1-300x200.jpg 300w\" sizes=\"(max-width: 960px) 100vw, 960px\" \/><\/a>Riceviamo e volentieri pubblichiamo. Da Nard\u00f2, Cristian Casili (nella foto), candidato consigliere alla Regione Puglia per il M5S, ci scrive______<\/p>\n<p><em>&#8220;Pensiamo alle fasce deboli della Regione, reddito minimo garantito subito. Il Reddito Minimo Garantito \u00e8 una realt\u00e0 in quasi tutta Europa ad eccezione di Italia e Grecia.<\/em><\/p>\n<p><em>L&#8217;Unione Europea sin dal 1992 aveva invitato gli stati membri ad impegnarsi nell&#8217;adottare misure di garanzia e sostegno al reddito. In Italia questo impegno ad oggi non \u00e8 stato mantenuto. In Parlamento il M5S ha presentato una proposta di legge di sostegno al reddito.<\/em><\/p>\n<p><em>Il reddito minimo garantito \u00e8 un sussidio in denaro per le famiglie disagiate,commisurato al numero dei componenti familiari e al reddito che favorir\u00e0 l&#8217;inserimento nella vita lavorativa e sociale,consentendo alle persone pi\u00f9 \u201cdeboli\u201d di vivere una vita dignitosa e garantendo ai cittadini pugliesi protezione sociale.<\/em><\/p>\n<p><em>Il RMG \u00e8 finalizzato a contrastare la povert\u00e0,la disuguaglianza e l&#8217;esclusione sociale,a favorire le condizioni che rendano effettivo il diritto al lavoro,come sancito dalla nostra Costituzione.<\/em><\/p>\n<p><em>La Puglia si trova agli ultimi posti nella statistica delle regioni italiane per reddito pro-capite, il 28% delle famiglie secondo i dati ISTAT vive sotto la soglia di povert\u00e0 (1000 euro per 2 persone) ed il 50% delle famiglie pugliesi non riesce ad arrivare a fine mese.<\/em><\/p>\n<p><em>La Puglia necessita urgentemente di una nuova e trasparente riorganizzazione economica e politica realizzata da cittadini onesti e competenti per poter avviare una vera rinascita di questa terra colta e generosa. Gli investimenti che in passato hanno promosso l&#8217;industria pesante e i combustibili fossili devono lasciare il passo alle piccole e medie imprese locali e alle energie rinnovabili, creando cos\u00ec molti nuovi posti di lavoro.<\/em><\/p>\n<p><em>Bisogna investire nell&#8217;agricoltura e nella conservazione degli eccellenti prodotti ortofrutticoli e olivicoli locali, puntare sul Made in Puglia, sui prodotti a km 0 e soprattutto sulla qualit\u00e0.<\/em><\/p>\n<p><em>Il Reddito Minimo Garantito permetterebbe quindi ai pugliesi di reinserirsi nella vita sociale,tornando cittadini attivi, liberi anche dalle maglie della corruzione e del malaffare.<\/em><\/p>\n<p><em>In questo momento attuare questa misura di sostegno aiuterebbe anche la nostra economia,visto che le esportazioni danno segni di ripresa ma cala il consumo interno , in quanto le famiglie sono costrette a ridurre al minimo i consumi avendo sempre meno possibilit\u00e0 di spendere&#8221;.<\/em><\/p>\n<p><em>Le coperture economiche ci sono. Bisogna volgere lo sguardo dalla parte giusta, a partire dai tagli alla politica,allo spreco nelle amministrazioni,all&#8217;eccessiva burocrazia,all&#8217;evasione fiscale.<\/em><\/p>\n<p><em>Questo \u00e8 un Punto Cruciale per la ripresa della regione Puglia, non c&#8217;\u00e8 tempo non si pu\u00f2 aspettare perch\u00e9 come dice Don Ciotti dell&#8217;associazione Libera, la crisi economica e sociale \u00e8 grave e preoccupante,si stanno moltiplicando sofferenza,povert\u00e0,diseguaglianze che alimentano il ricatto delle mafie e della corruzione.<\/em><\/p>\n<p><em>Reddito Minimo garantito ,Territorio e Lavoro sono al centro delle scelte e dei programmi del M5S Puglia, perch\u00e9 affidarsi ancora agli amministratori pubblici che negli ultimi 20 anni si sono susseguiti al governo in questa regione non \u00e8 pi\u00f9 possibile, con l&#8217;errata gestione delle risorse pubbliche e le scelte dettate da fini e interessi personali, hanno lasciato i bisogni collettivi inascoltati e i cittadini esclusi.<\/em><\/p>\n<p><em>Il cambiamento \u00e8 vitale in tutta Italia e soprattutto al sud dove esiste maggiormente il fenomeno del Voto di Scambio,dobbiamo necessariamente avviare una riflessione sul contesto socio-economico che lo rende possibile,povert\u00e0 \u00e8 infatti anche mancanza di libert\u00e0,libert\u00e0 di scegliere,in un sistema sociale che sempre pi\u00f9 mette l&#8217;individuo all&#8217;angolo,senza possibilit\u00e0 di guardare con speranza al futuro,l&#8217;estremo bisogno diventa cos\u00ec terreno fertile per i fenomeni della corruzione e della coercizione.<\/em><\/p>\n<p><em>Restituire libert\u00e0 e dignit\u00e0 ai cittadini assume oggi grande importanza cos\u00ec che i pugliesi possano scegliere consapevolmente a chi affidare la gestione della cosa pubblica da liberi cittadini&#8221;.<\/em><\/p>\n<p>&nbsp;<\/p>\n<fb:like href='https:\/\/www.leccecronaca.it\/index.php\/2015\/04\/16\/cristian-casili-reddito-minimo-garantito-subito\/' send='true' layout='button_count' show_faces='true' width='450' height='65' action='recommend' colorscheme='light' font='lucida grande'><\/fb:like><span class=\"fb_share\"><fb:like href=\"https:\/\/www.leccecronaca.it\/index.php\/2015\/04\/16\/cristian-casili-reddito-minimo-garantito-subito\/\" layout=\"button_count\"><\/fb:like><\/span>","protected":false},"excerpt":{"rendered":"<p>Riceviamo e volentieri pubblichiamo. Da Nard\u00f2, Cristian Casili (nella foto), candidato consigliere alla Regione Puglia per il M5S, ci scrive______ &#8220;Pensiamo alle fasce deboli della Regione, reddito minimo garantito subito. Il Reddito Minimo Garantito \u00e8 una realt\u00e0 in quasi tutta Europa ad eccezione di Italia e Grecia. L&#8217;Unione Europea sin dal 1992 aveva invitato gli [&hellip;]<\/p>\n","protected":false},"author":4,"featured_media":48319,"comment_status":"open","ping_status":"closed","sticky":false,"template":"","format":"standard","meta":[],"categories":[36],"tags":[],"_links":{"self":[{"href":"https:\/\/www.leccecronaca.it\/index.php\/wp-json\/wp\/v2\/posts\/48318"}],"collection":[{"href":"https:\/\/www.leccecronaca.it\/index.php\/wp-json\/wp\/v2\/posts"}],"about":[{"href":"https:\/\/www.leccecronaca.it\/index.php\/wp-json\/wp\/v2\/types\/post"}],"author":[{"embeddable":true,"href":"https:\/\/www.leccecronaca.it\/index.php\/wp-json\/wp\/v2\/users\/4"}],"replies":[{"embeddable":true,"href":"https:\/\/www.leccecronaca.it\/index.php\/wp-json\/wp\/v2\/comments?post=48318"}],"version-history":[{"count":1,"href":"https:\/\/www.leccecronaca.it\/index.php\/wp-json\/wp\/v2\/posts\/48318\/revisions"}],"predecessor-version":[{"id":48320,"href":"https:\/\/www.leccecronaca.it\/index.php\/wp-json\/wp\/v2\/posts\/48318\/revisions\/48320"}],"wp:featuredmedia":[{"embeddable":true,"href":"https:\/\/www.leccecronaca.it\/index.php\/wp-json\/wp\/v2\/media\/48319"}],"wp:attachment":[{"href":"https:\/\/www.leccecronaca.it\/index.php\/wp-json\/wp\/v2\/media?parent=48318"}],"wp:term":[{"taxonomy":"category","embeddable":true,"href":"https:\/\/www.leccecronaca.it\/index.php\/wp-json\/wp\/v2\/categories?post=48318"},{"taxonomy":"post_tag","embeddable":true,"href":"https:\/\/www.leccecronaca.it\/index.php\/wp-json\/wp\/v2\/tags?post=48318"}],"curies":[{"name":"wp","href":"https:\/\/api.w.org\/{rel}","templated":true}]}}