{"id":48964,"date":"2015-04-25T13:57:41","date_gmt":"2015-04-25T11:57:41","guid":{"rendered":"http:\/\/www.leccecronaca.it\/?p=48964"},"modified":"2015-04-25T13:57:41","modified_gmt":"2015-04-25T11:57:41","slug":"una-denuncia-di-giovanni-d-agata-sul-degrado-delle-marine-leccesi","status":"publish","type":"post","link":"https:\/\/www.leccecronaca.it\/index.php\/2015\/04\/25\/una-denuncia-di-giovanni-d-agata-sul-degrado-delle-marine-leccesi\/","title":{"rendered":"UNA DENUNCIA DI GIOVANNI D&#8217; AGATA SUL DEGRADO DELLE MARINE LECCESI"},"content":{"rendered":"<p><a href=\"https:\/\/www.leccecronaca.it\/wordpress\/wp-content\/uploads\/2015\/04\/salapia-1.jpg\"><img decoding=\"async\" loading=\"lazy\" width=\"2560\" height=\"1920\" title=\"salapia 1\" class=\"alignleft size-full wp-image-48965\" alt=\"\" src=\"https:\/\/www.leccecronaca.it\/wordpress\/wp-content\/uploads\/2015\/04\/salapia-1.jpg\" srcset=\"https:\/\/www.leccecronaca.it\/wordpress\/wp-content\/uploads\/2015\/04\/salapia-1.jpg 2560w, https:\/\/www.leccecronaca.it\/wordpress\/wp-content\/uploads\/2015\/04\/salapia-1-300x225.jpg 300w, https:\/\/www.leccecronaca.it\/wordpress\/wp-content\/uploads\/2015\/04\/salapia-1-1024x768.jpg 1024w\" sizes=\"(max-width: 2560px) 100vw, 2560px\" \/><\/a>Riceviamo e volentieri pubblichiamo.\u00a0Il\u00a0presidente dell&#8217; associazione &#8216;Sportello dei diritti&#8217; ci scrive______<\/p>\n<p>&#8220;Le marine abbandonate dal comune. L&#8217;eloquente caso del Lido Salapia di San Cataldo ancora l\u00ec a privare i leccesi di una spiaggia pubblica.<\/p>\n<p>Sono ormai due anni che lo stabilimento balneare realizzato dal Comune di Lecce e denominato &#8220;Salapia&#8221; (nella foto)\u00a0a San Cataldo giace in completo stato d&#8217;abbandono, tra rifiuti di ogni natura, ad occupare in pianta stabile una porzione di spiaggia pubblica che nei secoli, si pu\u00f2 dire cos\u00ec, era da sempre un ritrovo dei leccesi che a pochi passi dalla citt\u00e0 andavano a prendere il sole e bagnarsi nelle acque della baia vicino al Porto Adriano.<\/p>\n<p>L&#8217;ultima notizia risale all&#8217;ottobre 2013 quando le cronache portavano a conoscenza l&#8217;attivit\u00e0 della Procura di Lecce che, secondo i media, aveva posto il lido sotto sequestro e stava indagando per occupazione abusiva di spazio demaniale e abusivismo edilizio, mentre quattro persone risultavano indagate per la vicenda.<\/p>\n<p>Lo stabilimento che era stato realizzato ed aperto al pubblico nell&#8217;estate del 2010 era stato affidato in gestione ad una cooperativa di dipendenti comunali. Lo scopo dichiarato era quello di rappresentare un punto di riferimento per i portatori di handicap.<\/p>\n<p>Ma dopo che nel corso dell&#8217;estate del 2013 la guardia costiera dipendente dall\u2019Ufficio circondariale marittimo di Otranto aveva effettuato delle verifiche a seguito di quest&#8217;attivit\u00e0 pare era stata informata la Procura della Repubblica di Lecce.<\/p>\n<p>Al di l\u00e0 del sequestro e della relativa attivit\u00e0 d&#8217;indagine per\u00f2, rimane da sempre il dubbio circa il fatto che comunque il Comune realizzando quelle opere abbia privato i leccesi di uno spazio pubblico per i propri momenti di relax da godere in libert\u00e0. Ecco perch\u00e8 ci auguriamo che gi\u00e0 prima dell&#8217;estate si possa pensare a demolire quelle opere, e rendere nuovamente fruibile quella piccola porzione di territorio leccese che oggiAggiungi un appuntamento per oggi giace in completo abbandono quale ricettacolo di rifiuti, siringhe e di quant&#8217;altro possa essere non solo dannoso per il pubblico decoro ma anche pericoloso per chi si trova a passare in zona&#8221;.<\/p>\n<p>&nbsp;<\/p>\n<p>&nbsp;<\/p>\n<p>&nbsp;<\/p>\n<p>&nbsp;<\/p>\n<fb:like href='https:\/\/www.leccecronaca.it\/index.php\/2015\/04\/25\/una-denuncia-di-giovanni-d-agata-sul-degrado-delle-marine-leccesi\/' send='true' layout='button_count' show_faces='true' width='450' height='65' action='recommend' colorscheme='light' font='lucida grande'><\/fb:like><span class=\"fb_share\"><fb:like href=\"https:\/\/www.leccecronaca.it\/index.php\/2015\/04\/25\/una-denuncia-di-giovanni-d-agata-sul-degrado-delle-marine-leccesi\/\" layout=\"button_count\"><\/fb:like><\/span>","protected":false},"excerpt":{"rendered":"<p>Riceviamo e volentieri pubblichiamo.\u00a0Il\u00a0presidente dell&#8217; associazione &#8216;Sportello dei diritti&#8217; ci scrive______ &#8220;Le marine abbandonate dal comune. L&#8217;eloquente caso del Lido Salapia di San Cataldo ancora l\u00ec a privare i leccesi di una spiaggia pubblica. Sono ormai due anni che lo stabilimento balneare realizzato dal Comune di Lecce e denominato &#8220;Salapia&#8221; (nella foto)\u00a0a San Cataldo giace [&hellip;]<\/p>\n","protected":false},"author":4,"featured_media":48965,"comment_status":"open","ping_status":"closed","sticky":false,"template":"","format":"standard","meta":[],"categories":[36],"tags":[],"_links":{"self":[{"href":"https:\/\/www.leccecronaca.it\/index.php\/wp-json\/wp\/v2\/posts\/48964"}],"collection":[{"href":"https:\/\/www.leccecronaca.it\/index.php\/wp-json\/wp\/v2\/posts"}],"about":[{"href":"https:\/\/www.leccecronaca.it\/index.php\/wp-json\/wp\/v2\/types\/post"}],"author":[{"embeddable":true,"href":"https:\/\/www.leccecronaca.it\/index.php\/wp-json\/wp\/v2\/users\/4"}],"replies":[{"embeddable":true,"href":"https:\/\/www.leccecronaca.it\/index.php\/wp-json\/wp\/v2\/comments?post=48964"}],"version-history":[{"count":2,"href":"https:\/\/www.leccecronaca.it\/index.php\/wp-json\/wp\/v2\/posts\/48964\/revisions"}],"predecessor-version":[{"id":48967,"href":"https:\/\/www.leccecronaca.it\/index.php\/wp-json\/wp\/v2\/posts\/48964\/revisions\/48967"}],"wp:featuredmedia":[{"embeddable":true,"href":"https:\/\/www.leccecronaca.it\/index.php\/wp-json\/wp\/v2\/media\/48965"}],"wp:attachment":[{"href":"https:\/\/www.leccecronaca.it\/index.php\/wp-json\/wp\/v2\/media?parent=48964"}],"wp:term":[{"taxonomy":"category","embeddable":true,"href":"https:\/\/www.leccecronaca.it\/index.php\/wp-json\/wp\/v2\/categories?post=48964"},{"taxonomy":"post_tag","embeddable":true,"href":"https:\/\/www.leccecronaca.it\/index.php\/wp-json\/wp\/v2\/tags?post=48964"}],"curies":[{"name":"wp","href":"https:\/\/api.w.org\/{rel}","templated":true}]}}