{"id":49246,"date":"2015-04-30T13:26:05","date_gmt":"2015-04-30T11:26:05","guid":{"rendered":"http:\/\/www.leccecronaca.it\/?p=49246"},"modified":"2015-04-30T18:49:46","modified_gmt":"2015-04-30T16:49:46","slug":"festivita-1-maggio-salvatore-giannetto-bisogna-tornare-a-investire-sulle-persone","status":"publish","type":"post","link":"https:\/\/www.leccecronaca.it\/index.php\/2015\/04\/30\/festivita-1-maggio-salvatore-giannetto-bisogna-tornare-a-investire-sulle-persone\/","title":{"rendered":"FESTIVITA&#8217; \/ 1\u00b0 MAGGIO, SALVATORE GIANNETTO: &#8220;Bisogna tornare a investire sulle persone&#8221;"},"content":{"rendered":"<p><a href=\"https:\/\/www.leccecronaca.it\/wordpress\/wp-content\/uploads\/2015\/04\/sg-1.jpg\"><img decoding=\"async\" loading=\"lazy\" width=\"608\" height=\"422\" title=\"sg 1\" class=\"alignleft size-full wp-image-49280\" alt=\"\" src=\"https:\/\/www.leccecronaca.it\/wordpress\/wp-content\/uploads\/2015\/04\/sg-1.jpg\" srcset=\"https:\/\/www.leccecronaca.it\/wordpress\/wp-content\/uploads\/2015\/04\/sg-1.jpg 608w, https:\/\/www.leccecronaca.it\/wordpress\/wp-content\/uploads\/2015\/04\/sg-1-300x208.jpg 300w\" sizes=\"(max-width: 608px) 100vw, 608px\" \/><\/a>Riceviamo e volentieri pubblichiamo. In occasione della festivit\u00e0 del primo maggio di domani, il segretario della Uil di Lecce<strong> Salvatore Giannetto <\/strong>(nella foto) \u00a0ci ha mandato la seguente dichiarazione______<\/p>\n<p><em>&#8220;Solidariet\u00e0, lavoro, sviluppo e integrazione sociale, sono queste le tematiche che impegnano il nostro sindacato, unitamente a Cgil e Cisl. \u00c8 con questi valori che le organizzazioni sindacali innalzeranno le loro bandiere il Primo Maggio a Pozzallo, con lo sguardo oltre il Mediterraneo ed i nostri piedi ben piantati nel nostro Paese dove i lavoratori hanno da poco rinnovato con grande partecipazione l\u2019altissimo consenso nei nostri confronti, in occasione delle elezioni delle rappresentanze sindacali unitarie.\u00a0<\/em><\/p>\n<p><em>Mentre l\u2019 Europa resta chiusa e sorda alle grida di dolore degli immigrati in fuga dalle guerre e dalla forte richiesta di politiche di coesione sociale e di sviluppo, Uil, Cgil e Cisl reclamano \u201cil diritto ai diritti\u201d per tutti, contro ogni cieco, sterile e barbaro egoismo.\u00a0<\/em><\/p>\n<p><em>Le politiche di solo rigore e gli slogan di certa politica contro il diverso, sembrano avere chiuso il nostro Paese, e non solo, nei recinti bui del pessimismo: non riusciamo a guardare in avanti e sembra vietata la speranza.\u00a0<\/em><\/p>\n<p><em>Quello che vogliamo manifestare a tutti \u00e8 un caloroso incitamento a riprendere la marcia verso un vero progresso economico e civile.\u00a0<\/em><\/p>\n<p><em>Bisogna tornare a investire sulle persone, a cominciare dalla scuola, che il 5 Maggio prossimo protester\u00e0 per la \u201ccontroriforma Renzi\u201d.\u00a0<\/em><\/p>\n<p><em>Un Primo Maggio, dunque, per affermare a partire da tutti i territori svantaggiati come il nostro Salento, il diritto al lavoro, attraverso la valorizzazione dei tesori culturali, ma anche attraverso il rilancio delle nostre capacit\u00e0 produttive, che resistono e si riaffermano e rappresentano una forte identit\u00e0 che non scompare.\u00a0<\/em><\/p>\n<p><em>Il Primo maggio, in un momento in cui il livello di disoccupazione giovanile \u00e8 ai massimi storici e il sistema degli ammortizzatori sociali insufficiente, deve essere l\u2019occasione per ribadire che l&#8217;occupazione non si crea cambiando in peggio le regole del mercato del lavoro, soprattutto quando queste rischiano di aumentare la precariet\u00e0.\u00a0<\/em><\/p>\n<p><em>Continuano a esserci, nel Salento, situazioni industriali in grande sofferenza con centinaia di lavoratori in cassa integrazione e attualmente senza prospettiva. Situazioni destinate solo ad aggravarsi se dovesse trovare conferma l\u2019ipotesi, che sembrerebbe presente nei prossimi decreti delegati del Governo (di attuazione del Jobs Act), di una riduzione della durata e della qualit\u00e0 di questo strumento di protezione sociale che ha protetto centinaia di migliaia di posti di lavoro in questi anni di crisi.\u00a0<\/em><\/p>\n<p><em>Siamo ancora molto lontani dalla ripresa. Il Salento che fino a ieri ha rappresentato, insieme alle province di Brindisi e Taranto, uno dei poli industriali pi\u00f9 importanti dell\u2019intero Paese, si trova a rischio desertificazione industriale e i dati sulla cassa integrazione, aggiornati al 31 marzo scorso, confermano questa pericolosa previsione: sono oltre un milione le ore richieste dalle aziende della provincia di Lecce nel primo trimestre dell\u2019anno.\u00a0<\/em><\/p>\n<p><em>Segnali poco confortanti si registrano in generale nel Tac (Tessile, abbigliamento e calzaturiero), il commercio annaspa tra mille difficolt\u00e0 e la Sanit\u00e0 \u00e8 al collasso. Sul versante industriale, solo per fare un esempio, \u00e8 ormai uno scandalo nazionale la riconversione farlocca della ex Bat con oltre 300 famiglie salentine che da mesi vivono un dramma senza fine. Non va meglio per chi ha a che fare con gli enti pubblici. Penso al caos-Province determinato dalla riforma Delrio e al futuro ancora incerto per centinaia di dipendenti delle societ\u00e0 partecipate di Palazzo dei Celestini. Perfino il settore del turismo, che continua a crescere in termini di presenze, non mostra alcun segnale di ripresa sotto l\u2019aspetto occupazionale.\u00a0<\/em><\/p>\n<p><em>Siamo stanchi di tante promesse non mantenute. Il materiale per innescare un cambio di rotta c\u2019\u00e8, ma i \u201c montatori\u201d, cio\u00e8 istituzioni credibili e attente, scarseggiano.\u00a0<\/em><\/p>\n<p><em>Anche per questo innalzeremo unitariamente le nostre bandiere a Pozzallo&#8221;.<\/em><\/p>\n<p>&nbsp;<\/p>\n<p>&nbsp;<\/p>\n<fb:like href='https:\/\/www.leccecronaca.it\/index.php\/2015\/04\/30\/festivita-1-maggio-salvatore-giannetto-bisogna-tornare-a-investire-sulle-persone\/' send='true' layout='button_count' show_faces='true' width='450' height='65' action='recommend' colorscheme='light' font='lucida grande'><\/fb:like><span class=\"fb_share\"><fb:like href=\"https:\/\/www.leccecronaca.it\/index.php\/2015\/04\/30\/festivita-1-maggio-salvatore-giannetto-bisogna-tornare-a-investire-sulle-persone\/\" layout=\"button_count\"><\/fb:like><\/span>","protected":false},"excerpt":{"rendered":"<p>Riceviamo e volentieri pubblichiamo. In occasione della festivit\u00e0 del primo maggio di domani, il segretario della Uil di Lecce Salvatore Giannetto (nella foto) \u00a0ci ha mandato la seguente dichiarazione______ &#8220;Solidariet\u00e0, lavoro, sviluppo e integrazione sociale, sono queste le tematiche che impegnano il nostro sindacato, unitamente a Cgil e Cisl. \u00c8 con questi valori che le [&hellip;]<\/p>\n","protected":false},"author":4,"featured_media":49280,"comment_status":"open","ping_status":"closed","sticky":false,"template":"","format":"standard","meta":[],"categories":[36],"tags":[],"_links":{"self":[{"href":"https:\/\/www.leccecronaca.it\/index.php\/wp-json\/wp\/v2\/posts\/49246"}],"collection":[{"href":"https:\/\/www.leccecronaca.it\/index.php\/wp-json\/wp\/v2\/posts"}],"about":[{"href":"https:\/\/www.leccecronaca.it\/index.php\/wp-json\/wp\/v2\/types\/post"}],"author":[{"embeddable":true,"href":"https:\/\/www.leccecronaca.it\/index.php\/wp-json\/wp\/v2\/users\/4"}],"replies":[{"embeddable":true,"href":"https:\/\/www.leccecronaca.it\/index.php\/wp-json\/wp\/v2\/comments?post=49246"}],"version-history":[{"count":5,"href":"https:\/\/www.leccecronaca.it\/index.php\/wp-json\/wp\/v2\/posts\/49246\/revisions"}],"predecessor-version":[{"id":49281,"href":"https:\/\/www.leccecronaca.it\/index.php\/wp-json\/wp\/v2\/posts\/49246\/revisions\/49281"}],"wp:featuredmedia":[{"embeddable":true,"href":"https:\/\/www.leccecronaca.it\/index.php\/wp-json\/wp\/v2\/media\/49280"}],"wp:attachment":[{"href":"https:\/\/www.leccecronaca.it\/index.php\/wp-json\/wp\/v2\/media?parent=49246"}],"wp:term":[{"taxonomy":"category","embeddable":true,"href":"https:\/\/www.leccecronaca.it\/index.php\/wp-json\/wp\/v2\/categories?post=49246"},{"taxonomy":"post_tag","embeddable":true,"href":"https:\/\/www.leccecronaca.it\/index.php\/wp-json\/wp\/v2\/tags?post=49246"}],"curies":[{"name":"wp","href":"https:\/\/api.w.org\/{rel}","templated":true}]}}