{"id":49273,"date":"2015-04-30T13:27:04","date_gmt":"2015-04-30T11:27:04","guid":{"rendered":"http:\/\/www.leccecronaca.it\/?p=49273"},"modified":"2015-04-30T18:50:32","modified_gmt":"2015-04-30T16:50:32","slug":"festivita-1-maggio-salvatore-arnesano-le-ricette-proposte-del-governo-continuano-ad-essere-una-ulteriore-precarizzazione-del-lavoro","status":"publish","type":"post","link":"https:\/\/www.leccecronaca.it\/index.php\/2015\/04\/30\/festivita-1-maggio-salvatore-arnesano-le-ricette-proposte-del-governo-continuano-ad-essere-una-ulteriore-precarizzazione-del-lavoro\/","title":{"rendered":"FESTIVITA&#8217; \/ 1\u00b0 MAGGIO, SALVATORE ARNESANO: &#8220;Le ricette proposte del governo continuano ad essere una ulteriore precarizzazione del lavoro&#8221;"},"content":{"rendered":"<p><a href=\"https:\/\/www.leccecronaca.it\/wordpress\/wp-content\/uploads\/2015\/04\/sa.jpg\"><img decoding=\"async\" loading=\"lazy\" width=\"480\" height=\"360\" title=\"sa\" class=\"alignleft size-full wp-image-49276\" alt=\"\" src=\"https:\/\/www.leccecronaca.it\/wordpress\/wp-content\/uploads\/2015\/04\/sa.jpg\" srcset=\"https:\/\/www.leccecronaca.it\/wordpress\/wp-content\/uploads\/2015\/04\/sa.jpg 480w, https:\/\/www.leccecronaca.it\/wordpress\/wp-content\/uploads\/2015\/04\/sa-300x225.jpg 300w\" sizes=\"(max-width: 480px) 100vw, 480px\" \/><\/a>Riceviamo e volentieri pubblichiamo. In occasione della festivit\u00e0 del primo maggio di domani, il segretario della\u00a0Cgil di Lecce <strong>Salvatore Arnesano<\/strong> (nella foto) \u00a0ci ha mandato la seguente dichiarazione______<\/p>\n<p>&#8220;La solidariet\u00e0, la pace e l\u2019integrazione sono i punti di riferimento attraverso cui ridisegnare il futuro del nostro Paese e sono le parole chiave scelte da Cgil Cisl e Uil per festeggiare il Primo Maggio quest\u2019anno. Sono anche le parole d\u2019ordine con cui la Cgil chiede di non dimenticare le 1.600 persone che, dall\u2019inizio dell\u2019anno, hanno perso la vita nel Mediterraneo e con cui chiede con forza all\u2019Europa di affrontare l\u2019emergenza migranti con politiche europee comuni, fondate sui valori di civilt\u00e0, umanit\u00e0 e accoglienza.<\/p>\n<p>Siamo convinti inoltre che favorire l&#8217;integrazione significa anche investire nel lavoro e nello sviluppo. Questo primo maggio nel nostro territorio, come nel resto del Paese, si celebra in un panorama occupazionale che non risulta migliorato e che non spera in svolte reali se le ricette proposte dal governo continuano ad essere una ulteriore precarizzazione della condizione dei lavoratori e dei diritti sul lavoro.<\/p>\n<p>In un Paese in cui non viene ancora affrontato il problema del ruolo di responsabilit\u00e0 sociale delle grandi imprese e delle multinazionali e in cui non si fa una seria politica di equit\u00e0 fiscale e di redistribuzione della ricchezza e di welfare in favore delle persone pi\u00f9 in difficolt\u00e0, la Cgil continuer\u00e0 il suo impegno, ogni giorno dell\u2019anno, anche nella nostra provincia, per la dignit\u00e0, per i diritti, per le tutele e per la legalit\u00e0, al fianco dei lavoratori, delle donne, dei giovani, dei migranti e dei disoccupati.<\/p>\n<p>&nbsp;<\/p>\n<p>&nbsp;<\/p>\n<p>&nbsp;<\/p>\n<p>Lecce 30 aprile 2015 Il Segretario generale della Cgil Lecce<\/p>\n<p>&nbsp;<\/p>\n<p>Salvatore Arnesano<\/p>\n<p>&nbsp;<\/p>\n<p>&nbsp;<\/p>\n<p>&nbsp;<\/p>\n<fb:like href='https:\/\/www.leccecronaca.it\/index.php\/2015\/04\/30\/festivita-1-maggio-salvatore-arnesano-le-ricette-proposte-del-governo-continuano-ad-essere-una-ulteriore-precarizzazione-del-lavoro\/' send='true' layout='button_count' show_faces='true' width='450' height='65' action='recommend' colorscheme='light' font='lucida grande'><\/fb:like><span class=\"fb_share\"><fb:like href=\"https:\/\/www.leccecronaca.it\/index.php\/2015\/04\/30\/festivita-1-maggio-salvatore-arnesano-le-ricette-proposte-del-governo-continuano-ad-essere-una-ulteriore-precarizzazione-del-lavoro\/\" layout=\"button_count\"><\/fb:like><\/span>","protected":false},"excerpt":{"rendered":"<p>Riceviamo e volentieri pubblichiamo. In occasione della festivit\u00e0 del primo maggio di domani, il segretario della\u00a0Cgil di Lecce Salvatore Arnesano (nella foto) \u00a0ci ha mandato la seguente dichiarazione______ &#8220;La solidariet\u00e0, la pace e l\u2019integrazione sono i punti di riferimento attraverso cui ridisegnare il futuro del nostro Paese e sono le parole chiave scelte da Cgil [&hellip;]<\/p>\n","protected":false},"author":4,"featured_media":49276,"comment_status":"open","ping_status":"closed","sticky":false,"template":"","format":"standard","meta":[],"categories":[36],"tags":[],"_links":{"self":[{"href":"https:\/\/www.leccecronaca.it\/index.php\/wp-json\/wp\/v2\/posts\/49273"}],"collection":[{"href":"https:\/\/www.leccecronaca.it\/index.php\/wp-json\/wp\/v2\/posts"}],"about":[{"href":"https:\/\/www.leccecronaca.it\/index.php\/wp-json\/wp\/v2\/types\/post"}],"author":[{"embeddable":true,"href":"https:\/\/www.leccecronaca.it\/index.php\/wp-json\/wp\/v2\/users\/4"}],"replies":[{"embeddable":true,"href":"https:\/\/www.leccecronaca.it\/index.php\/wp-json\/wp\/v2\/comments?post=49273"}],"version-history":[{"count":3,"href":"https:\/\/www.leccecronaca.it\/index.php\/wp-json\/wp\/v2\/posts\/49273\/revisions"}],"predecessor-version":[{"id":49283,"href":"https:\/\/www.leccecronaca.it\/index.php\/wp-json\/wp\/v2\/posts\/49273\/revisions\/49283"}],"wp:featuredmedia":[{"embeddable":true,"href":"https:\/\/www.leccecronaca.it\/index.php\/wp-json\/wp\/v2\/media\/49276"}],"wp:attachment":[{"href":"https:\/\/www.leccecronaca.it\/index.php\/wp-json\/wp\/v2\/media?parent=49273"}],"wp:term":[{"taxonomy":"category","embeddable":true,"href":"https:\/\/www.leccecronaca.it\/index.php\/wp-json\/wp\/v2\/categories?post=49273"},{"taxonomy":"post_tag","embeddable":true,"href":"https:\/\/www.leccecronaca.it\/index.php\/wp-json\/wp\/v2\/tags?post=49273"}],"curies":[{"name":"wp","href":"https:\/\/api.w.org\/{rel}","templated":true}]}}