{"id":4946,"date":"2012-10-22T07:54:35","date_gmt":"2012-10-22T07:54:35","guid":{"rendered":"http:\/\/www.leccecronaca.it\/?p=4946"},"modified":"2012-10-22T08:05:32","modified_gmt":"2012-10-22T08:05:32","slug":"torna-nerd-il-primo-social-party-a-lecce-martedi-23-ottobre","status":"publish","type":"post","link":"https:\/\/www.leccecronaca.it\/index.php\/2012\/10\/22\/torna-nerd-il-primo-social-party-a-lecce-martedi-23-ottobre\/","title":{"rendered":"TORNA &#8220;NERD?&#8221; IL PRIMO SOCIAL PARTY A LECCE MARTEDI&#8217;  23 OTTOBRE"},"content":{"rendered":"<p>&nbsp;<\/p>\n<p><a href=\"https:\/\/www.leccecronaca.it\/index.php\/2012\/10\/22\/torna-nerd-il-primo-social-party-a-lecce-martedi-23-ottobre\/nerd-2\/\" rel=\"attachment wp-att-4952\"><img decoding=\"async\" loading=\"lazy\" src=\"https:\/\/www.leccecronaca.it\/wordpress\/wp-content\/uploads\/2012\/10\/NERD2-300x189.jpg\" alt=\"\" width=\"300\" height=\"189\" class=\"alignnone size-medium wp-image-4952\" srcset=\"https:\/\/www.leccecronaca.it\/wordpress\/wp-content\/uploads\/2012\/10\/NERD2-300x189.jpg 300w, https:\/\/www.leccecronaca.it\/wordpress\/wp-content\/uploads\/2012\/10\/NERD2.jpg 402w\" sizes=\"(max-width: 300px) 100vw, 300px\" \/><\/a><\/p>\n<p>Ricomincia &#8220;NERD? The Social Party&#8221; l&#8217;appuntamento con il marted\u00ec universitario a base di ska, rock e rockabilly.<\/p>\n<p>Dopo gli appuntamenti che hanno caratterizzato la chiusura della stagione 2011\/2012, il format torna ad animare il marted\u00ec sera degli universitari leccesi. Partendo dal concetto di Nerd, storicamente ritenuta come una figura di secon&#8217;ordine nell&#8217;ambiente giovanile, queste serate puntano proprio a sottolineare la rivincita di questi ultimi; un modo per scherzare con se stessi e divertirsi in modo sano. L&#8217;energia che nasce dalla musica e la comunit\u00e0 dei social network: questo \u00e8 &#8220;NERD? The Social Party&#8221;<\/p>\n<p>Condividere le serate con un gruppo di amici che da virtuali diventano reali, magari sorseggiando birra e ballando rock&#8217;n&#8217;roll. La festa rappresenta il modo di ritrovare la vera comunicazione attraverso i nuovi mezzi a disposizione. Parlare invece di chattare, trasformando uno smile in un sorriso reale, per una sera, tutto alla portata degli studenti universitari. Dalle offerte sulla cena, a quelle sui drinks, questo \u00e8 un format del tutto innovativo, essendo il primo social party a Lecce. Per l&#8217;occasione sar\u00e0 inoltre possibile guardare il match di Champions League tra Norsjaelland e Juventus in prima serata. L&#8217;aspetto musicale sar\u00e0 curato da Francesco Fersini (componente della band salentina Rino&#8217;s Garden) e Marco Maffei (Ph-). Tutta la serata sar\u00e0 inoltre trasmessa in diretta streaming grazia alla collaborazione con Radio Wau, la web radio dell&#8217;Universit\u00e0 del Salento.<\/p>\n<p>Gli eventi saranno ad ingresso gratuito e si svolgeranno tutti i marted\u00ec al &#8220;Black Betty&#8221; di Lecce, situato lungo il Viale dell&#8217;Universit\u00e0, nel cuore della comunit\u00e0 universitaria. L&#8217;appuntamento \u00e8 dunque marted\u00ec 23 ottobre a partire dalle 21 con l&#8217;inaugurazione della nuova stagione di &#8220;NERD? The Social Party&#8221;. Stay Rock Stay Foolish.<strong><em> <\/em><\/strong><\/p>\n<p><strong><em>\u00a0<\/em><\/strong><\/p>\n<p><strong><em>Quando le parole cambiano significato<\/em><\/strong><\/p>\n<p><strong><em>\u00a0<\/em><\/strong><strong><em>Nerd<\/em><\/strong> \u00e8 un termine anglosassone con cui veniva apostrofato chi ha una determinata passione per la ricerca intellettuale, per cui solitamente \u00e8 un solitario o ha \u00a0comunque una ridotta predisposizione per la socializzazione. Lo stereotipo vorrebbe che queste persone siano affascinate dalla conoscenza, sia quella classica che quella riguardante la scienza e la matematica; i &#8220;nerd&#8221; sono inoltre considerati poco interessati alle attivit\u00e0 sportive e sociali. Anche l&#8217;aspetto esteriore \u00e8 rappresentato da un clich\u00e9 ben definito: indossano vestiti niente affatto alla moda, spesso tipici di persone pi\u00f9 in l\u00e0 con gli anni (come gilet o mocassini). A partire dagli anni novanta molte persone che si consideravano &#8220;nerd&#8221; iniziarono a sostenere che tale appellativo avesse una valenza positiva, ed iniziarono ad usarlo per connotare le persone che hanno competenze tecniche di un certo livello, tralasciando ogni implicazione riguardo alla socialit\u00e0 e socievolezza.<\/p>\n<p>Oggi invece come vedete sotto queste nome si organizzano feste proprio per socializzare.<\/p>\n<p>V.M.<\/p>\n<fb:like href='https:\/\/www.leccecronaca.it\/index.php\/2012\/10\/22\/torna-nerd-il-primo-social-party-a-lecce-martedi-23-ottobre\/' send='true' layout='button_count' show_faces='true' width='450' height='65' action='recommend' colorscheme='light' font='lucida grande'><\/fb:like><span class=\"fb_share\"><fb:like href=\"https:\/\/www.leccecronaca.it\/index.php\/2012\/10\/22\/torna-nerd-il-primo-social-party-a-lecce-martedi-23-ottobre\/\" layout=\"button_count\"><\/fb:like><\/span>","protected":false},"excerpt":{"rendered":"<p>&nbsp; Ricomincia &#8220;NERD? The Social Party&#8221; l&#8217;appuntamento con il marted\u00ec universitario a base di ska, rock e rockabilly. Dopo gli appuntamenti che hanno caratterizzato la chiusura della stagione 2011\/2012, il format torna ad animare il marted\u00ec sera degli universitari leccesi. Partendo dal concetto di Nerd, storicamente ritenuta come una figura di secon&#8217;ordine nell&#8217;ambiente giovanile, queste [&hellip;]<\/p>\n","protected":false},"author":4,"featured_media":4952,"comment_status":"open","ping_status":"closed","sticky":false,"template":"","format":"standard","meta":[],"categories":[1],"tags":[],"_links":{"self":[{"href":"https:\/\/www.leccecronaca.it\/index.php\/wp-json\/wp\/v2\/posts\/4946"}],"collection":[{"href":"https:\/\/www.leccecronaca.it\/index.php\/wp-json\/wp\/v2\/posts"}],"about":[{"href":"https:\/\/www.leccecronaca.it\/index.php\/wp-json\/wp\/v2\/types\/post"}],"author":[{"embeddable":true,"href":"https:\/\/www.leccecronaca.it\/index.php\/wp-json\/wp\/v2\/users\/4"}],"replies":[{"embeddable":true,"href":"https:\/\/www.leccecronaca.it\/index.php\/wp-json\/wp\/v2\/comments?post=4946"}],"version-history":[{"count":11,"href":"https:\/\/www.leccecronaca.it\/index.php\/wp-json\/wp\/v2\/posts\/4946\/revisions"}],"predecessor-version":[{"id":4962,"href":"https:\/\/www.leccecronaca.it\/index.php\/wp-json\/wp\/v2\/posts\/4946\/revisions\/4962"}],"wp:featuredmedia":[{"embeddable":true,"href":"https:\/\/www.leccecronaca.it\/index.php\/wp-json\/wp\/v2\/media\/4952"}],"wp:attachment":[{"href":"https:\/\/www.leccecronaca.it\/index.php\/wp-json\/wp\/v2\/media?parent=4946"}],"wp:term":[{"taxonomy":"category","embeddable":true,"href":"https:\/\/www.leccecronaca.it\/index.php\/wp-json\/wp\/v2\/categories?post=4946"},{"taxonomy":"post_tag","embeddable":true,"href":"https:\/\/www.leccecronaca.it\/index.php\/wp-json\/wp\/v2\/tags?post=4946"}],"curies":[{"name":"wp","href":"https:\/\/api.w.org\/{rel}","templated":true}]}}