{"id":49569,"date":"2015-05-04T15:39:39","date_gmt":"2015-05-04T13:39:39","guid":{"rendered":"http:\/\/www.leccecronaca.it\/?p=49569"},"modified":"2015-05-04T18:20:46","modified_gmt":"2015-05-04T16:20:46","slug":"alle-prossime-regionali-simone-di-stefano-noi-con-salvini-sosteniamo-la-poli","status":"publish","type":"post","link":"https:\/\/www.leccecronaca.it\/index.php\/2015\/05\/04\/alle-prossime-regionali-simone-di-stefano-noi-con-salvini-sosteniamo-la-poli\/","title":{"rendered":"ALLE PROSSIME REGIONALI \/ SIMONE DI STEFANO: &#8220;Noi con Salvini sosteniamo la Poli&#8221;"},"content":{"rendered":"<p><a href=\"https:\/\/www.leccecronaca.it\/wordpress\/wp-content\/uploads\/2015\/05\/simone-di-stefano-casapound.jpg\"><img decoding=\"async\" loading=\"lazy\" width=\"300\" height=\"200\" title=\"simone-di-stefano-casapound\" class=\"alignright size-medium wp-image-49576\" alt=\"\" src=\"https:\/\/www.leccecronaca.it\/wordpress\/wp-content\/uploads\/2015\/05\/simone-di-stefano-casapound-300x200.jpg\" srcset=\"https:\/\/www.leccecronaca.it\/wordpress\/wp-content\/uploads\/2015\/05\/simone-di-stefano-casapound-300x200.jpg 300w, https:\/\/www.leccecronaca.it\/wordpress\/wp-content\/uploads\/2015\/05\/simone-di-stefano-casapound.jpg 420w\" sizes=\"(max-width: 300px) 100vw, 300px\" \/><\/a>Riceviamo e volentieri pubblichiamo______<\/p>\n<p>Il movimento &#8220;Sovranit\u00e0&#8221;\u00a0si schiera\u00a0con &#8216;Noi con Salvini&#8217; in Puglia per le regionali del 31 maggio, a sostegno della candidata alla presidenza della Regione Adriana Poli Bortone. Due uomini di &#8220;Sovranit\u00e0&#8217; sono nella\u00a0lista &#8216;Noi con Salvini&#8217;: Giuseppe Alberga nel collegio di Bari e Felice Lecciso nel collegio di Lecce. Nel sottolineare la notizia il leader di &#8220;Sovranit\u00e0&#8221; Simone Di Stefano (nella foto)\u00a0ha aggiunto il seguente commento:<\/p>\n<p>\u201c<em>A prescindere dalla stima personale per Adriana Poli Bortone, alla Lega e al movimento Noi con Salvini, in particolare ci lega una comunanza di visioni e di priorit\u00e0 che gi\u00e0 trovano esplicitazione nel nome stesso del nostro movimento, Sovranit\u00e0-Prima gli italiani, e che fondano il loro presupposto nella nostra convinta partecipazione alla manifestazione nazionale che si \u00e8 tenuta in febbraio a Roma.<\/em><\/p>\n<p><em> Il percorso comune avviato allora ha trovato un primo sbocco concreto nella collaborazione per le regionali in Puglia e per le comunali di Aosta e Chieti, ma ci vede impegnati su molti altri fronti, non ultima la presentazione congiunta di Ncs e Sovranit\u00e0 al teatro Brancaccio di Roma l\u201911 maggio prossimo.\u00a0<\/em><\/p>\n<p><em>Non in tutte le realt\u00e0 siamo riusciti a concludere accordi con la Lega, complice la miopia politica di qualche luogotenente, in Toscana, ad esempio, Sovranit\u00e0 non appogger\u00e0 il candidato governatore Claudio Borghi. Una circostanza che non mette certamente in dubbio il nostro sostegno a Matteo Salvini, ma che ci spinge a lavorare per trovare nuovi punti di contatto in vista di una sempre pi\u00f9 coesa difesa degli interessi degli Italiani\u201d.<\/em><\/p>\n<p>&nbsp;<\/p>\n<p>&nbsp;<\/p>\n<p>&nbsp;<\/p>\n<fb:like href='https:\/\/www.leccecronaca.it\/index.php\/2015\/05\/04\/alle-prossime-regionali-simone-di-stefano-noi-con-salvini-sosteniamo-la-poli\/' send='true' layout='button_count' show_faces='true' width='450' height='65' action='recommend' colorscheme='light' font='lucida grande'><\/fb:like><span class=\"fb_share\"><fb:like href=\"https:\/\/www.leccecronaca.it\/index.php\/2015\/05\/04\/alle-prossime-regionali-simone-di-stefano-noi-con-salvini-sosteniamo-la-poli\/\" layout=\"button_count\"><\/fb:like><\/span>","protected":false},"excerpt":{"rendered":"<p>Riceviamo e volentieri pubblichiamo______ Il movimento &#8220;Sovranit\u00e0&#8221;\u00a0si schiera\u00a0con &#8216;Noi con Salvini&#8217; in Puglia per le regionali del 31 maggio, a sostegno della candidata alla presidenza della Regione Adriana Poli Bortone. Due uomini di &#8220;Sovranit\u00e0&#8217; sono nella\u00a0lista &#8216;Noi con Salvini&#8217;: Giuseppe Alberga nel collegio di Bari e Felice Lecciso nel collegio di Lecce. Nel sottolineare la [&hellip;]<\/p>\n","protected":false},"author":4,"featured_media":49576,"comment_status":"open","ping_status":"closed","sticky":false,"template":"","format":"standard","meta":[],"categories":[36],"tags":[],"_links":{"self":[{"href":"https:\/\/www.leccecronaca.it\/index.php\/wp-json\/wp\/v2\/posts\/49569"}],"collection":[{"href":"https:\/\/www.leccecronaca.it\/index.php\/wp-json\/wp\/v2\/posts"}],"about":[{"href":"https:\/\/www.leccecronaca.it\/index.php\/wp-json\/wp\/v2\/types\/post"}],"author":[{"embeddable":true,"href":"https:\/\/www.leccecronaca.it\/index.php\/wp-json\/wp\/v2\/users\/4"}],"replies":[{"embeddable":true,"href":"https:\/\/www.leccecronaca.it\/index.php\/wp-json\/wp\/v2\/comments?post=49569"}],"version-history":[{"count":3,"href":"https:\/\/www.leccecronaca.it\/index.php\/wp-json\/wp\/v2\/posts\/49569\/revisions"}],"predecessor-version":[{"id":49578,"href":"https:\/\/www.leccecronaca.it\/index.php\/wp-json\/wp\/v2\/posts\/49569\/revisions\/49578"}],"wp:featuredmedia":[{"embeddable":true,"href":"https:\/\/www.leccecronaca.it\/index.php\/wp-json\/wp\/v2\/media\/49576"}],"wp:attachment":[{"href":"https:\/\/www.leccecronaca.it\/index.php\/wp-json\/wp\/v2\/media?parent=49569"}],"wp:term":[{"taxonomy":"category","embeddable":true,"href":"https:\/\/www.leccecronaca.it\/index.php\/wp-json\/wp\/v2\/categories?post=49569"},{"taxonomy":"post_tag","embeddable":true,"href":"https:\/\/www.leccecronaca.it\/index.php\/wp-json\/wp\/v2\/tags?post=49569"}],"curies":[{"name":"wp","href":"https:\/\/api.w.org\/{rel}","templated":true}]}}