{"id":50242,"date":"2015-05-12T10:36:40","date_gmt":"2015-05-12T08:36:40","guid":{"rendered":"http:\/\/www.leccecronaca.it\/?p=50242"},"modified":"2015-05-13T17:21:34","modified_gmt":"2015-05-13T15:21:34","slug":"covegni-l-identita-digitale-a-lecce-mercoledi-13","status":"publish","type":"post","link":"https:\/\/www.leccecronaca.it\/index.php\/2015\/05\/12\/covegni-l-identita-digitale-a-lecce-mercoledi-13\/","title":{"rendered":"CONVEGNI \/ L&#8217; IDENTITA&#8217; DIGITALE A LECCE MERCOLEDI 13"},"content":{"rendered":"<p><a href=\"https:\/\/www.leccecronaca.it\/wordpress\/wp-content\/uploads\/2015\/05\/8zFVSm9i_400x400.png\"><img decoding=\"async\" loading=\"lazy\" width=\"300\" height=\"300\" title=\"8zFVSm9i_400x400\" class=\"alignright size-medium wp-image-50246\" alt=\"\" src=\"https:\/\/www.leccecronaca.it\/wordpress\/wp-content\/uploads\/2015\/05\/8zFVSm9i_400x400-300x300.png\" srcset=\"https:\/\/www.leccecronaca.it\/wordpress\/wp-content\/uploads\/2015\/05\/8zFVSm9i_400x400-300x300.png 300w, https:\/\/www.leccecronaca.it\/wordpress\/wp-content\/uploads\/2015\/05\/8zFVSm9i_400x400-150x150.png 150w, https:\/\/www.leccecronaca.it\/wordpress\/wp-content\/uploads\/2015\/05\/8zFVSm9i_400x400.png 400w\" sizes=\"(max-width: 300px) 100vw, 300px\" \/><\/a>Mercoled\u00ec 13 maggio, alle ore 14.30, a Lecce, alle Officine Cantelmo, in via Michele de Pietro, 12, comincer\u00e0 il convegno <em>&#8220;Identit\u00e0 digitale unica e sicurezza dei nostri dati personali per accedere ad una molteplicit\u00e0 di servizi online. Una realt\u00e0 esistente e consolidata da diversi anni nelle universit\u00e0 e negli enti di ricerca in Italia e nel mondo<\/em>&#8220;, che durer\u00e0 fino a venerd\u00ec 15.<\/p>\n<p>Il Convegno sar\u00e0 aperto dagli interventi di Vincenzo Zara Magnifico Rettore dell&#8217;Universit\u00e0 del Salento, Giovanni Aloisio, Delegato ai Servizi Informatici dell&#8217;Universit\u00e0 del Salento, Alessandro Delli Noci Assessore all&#8217;innovazione tecnologica del comune di Lecce\u00a0e Federico Ruggieri direttore del Consortium GARR.<\/p>\n<p>Si discuter\u00e0 in seguito con esperti e ricercatori delle opportunit\u00e0 per archivi, biblioteche e beni culturali date dall\u2019identit\u00e0 digitale unica. Si parler\u00e0 dell\u2019integrazione con i servizi e le risorse del Ministero dei Beni e delle Attivit\u00e0 Culturali con gli interventi di: Sara Di Giorgio, dell\u2019Istituto Centrale per il Catalogo Unico delle biblioteche italiane (nella foto), Costantino Landino, dell\u2019Istituto Centrale per gli Archivi (ICAR) e Andrea De Tommasi della Soprintendenza Speciale\u00a0di Roma.<\/p>\n<p>Nella giornata conclusiva del 15 maggio sar\u00e0 dato ampio spazio al dibattito con i protagonisti del mondo della scuola: aprir\u00e0 i lavori la Dirigente dell\u2019Ufficio Scolastico Regionale per la Puglia Anna Cammalleri.<\/p>\n<fb:like href='https:\/\/www.leccecronaca.it\/index.php\/2015\/05\/12\/covegni-l-identita-digitale-a-lecce-mercoledi-13\/' send='true' layout='button_count' show_faces='true' width='450' height='65' action='recommend' colorscheme='light' font='lucida grande'><\/fb:like><span class=\"fb_share\"><fb:like href=\"https:\/\/www.leccecronaca.it\/index.php\/2015\/05\/12\/covegni-l-identita-digitale-a-lecce-mercoledi-13\/\" layout=\"button_count\"><\/fb:like><\/span>","protected":false},"excerpt":{"rendered":"<p>Mercoled\u00ec 13 maggio, alle ore 14.30, a Lecce, alle Officine Cantelmo, in via Michele de Pietro, 12, comincer\u00e0 il convegno &#8220;Identit\u00e0 digitale unica e sicurezza dei nostri dati personali per accedere ad una molteplicit\u00e0 di servizi online. Una realt\u00e0 esistente e consolidata da diversi anni nelle universit\u00e0 e negli enti di ricerca in Italia e [&hellip;]<\/p>\n","protected":false},"author":4,"featured_media":50246,"comment_status":"open","ping_status":"closed","sticky":false,"template":"","format":"standard","meta":[],"categories":[75],"tags":[],"_links":{"self":[{"href":"https:\/\/www.leccecronaca.it\/index.php\/wp-json\/wp\/v2\/posts\/50242"}],"collection":[{"href":"https:\/\/www.leccecronaca.it\/index.php\/wp-json\/wp\/v2\/posts"}],"about":[{"href":"https:\/\/www.leccecronaca.it\/index.php\/wp-json\/wp\/v2\/types\/post"}],"author":[{"embeddable":true,"href":"https:\/\/www.leccecronaca.it\/index.php\/wp-json\/wp\/v2\/users\/4"}],"replies":[{"embeddable":true,"href":"https:\/\/www.leccecronaca.it\/index.php\/wp-json\/wp\/v2\/comments?post=50242"}],"version-history":[{"count":4,"href":"https:\/\/www.leccecronaca.it\/index.php\/wp-json\/wp\/v2\/posts\/50242\/revisions"}],"predecessor-version":[{"id":50356,"href":"https:\/\/www.leccecronaca.it\/index.php\/wp-json\/wp\/v2\/posts\/50242\/revisions\/50356"}],"wp:featuredmedia":[{"embeddable":true,"href":"https:\/\/www.leccecronaca.it\/index.php\/wp-json\/wp\/v2\/media\/50246"}],"wp:attachment":[{"href":"https:\/\/www.leccecronaca.it\/index.php\/wp-json\/wp\/v2\/media?parent=50242"}],"wp:term":[{"taxonomy":"category","embeddable":true,"href":"https:\/\/www.leccecronaca.it\/index.php\/wp-json\/wp\/v2\/categories?post=50242"},{"taxonomy":"post_tag","embeddable":true,"href":"https:\/\/www.leccecronaca.it\/index.php\/wp-json\/wp\/v2\/tags?post=50242"}],"curies":[{"name":"wp","href":"https:\/\/api.w.org\/{rel}","templated":true}]}}