{"id":50285,"date":"2015-05-13T11:39:45","date_gmt":"2015-05-13T09:39:45","guid":{"rendered":"http:\/\/www.leccecronaca.it\/?p=50285"},"modified":"2015-05-13T11:44:53","modified_gmt":"2015-05-13T09:44:53","slug":"fratelli-d-italia-a-san-donato-e-galugnano","status":"publish","type":"post","link":"https:\/\/www.leccecronaca.it\/index.php\/2015\/05\/13\/fratelli-d-italia-a-san-donato-e-galugnano\/","title":{"rendered":"FRATELLI D&#8217; ITALIA A SAN DONATO E GALUGNANO \/ ANDREA MUNNO: &#8220;I giovani in primo piano&#8221;"},"content":{"rendered":"<p><a href=\"https:\/\/www.leccecronaca.it\/wordpress\/wp-content\/uploads\/2015\/05\/Melonideputata.jpg\"><img decoding=\"async\" loading=\"lazy\" width=\"165\" height=\"228\" title=\"Melonideputata\" class=\"alignright size-full wp-image-50288\" alt=\"\" src=\"https:\/\/www.leccecronaca.it\/wordpress\/wp-content\/uploads\/2015\/05\/Melonideputata.jpg\" \/><\/a>RICEVIAMO E VOLENTIERI PUBBLICHIAMO. Pino Montinaro ci scrive______<\/p>\n<p>Nei giorni scorsi, al termine di un lavoro programmatico durato dodici mesi, \u00e8 stata ufficializzata la Costituente cittadina del Circolo Fratelli d\u2019Italia An di San Donato di Lecce e Galugnano. Un gruppo la cui guida, in qualit\u00e0 di portavoce della Costituente, \u00e8 stata affidata al dottor Andrea Munno.<\/p>\n<p>A tal proposito Munno, nel ringraziarei vertici provinciali per la stima manifestata e di aver creduto nel progetto proposto, ha dichiarato: <em>&#8220;Tutto nasce dall\u2019aggregazione di un gruppo di giovani entusiasti e pieni d\u2019idee, in costante crescita. Il Circolo \u00e8 la dimostrazione di quanto sia forte l\u2019esigenza di una classe politica nuova, capace di portare nella comunit\u00e0 competenza, passione, programmazione e, porre in primo piano quello che non \u00e8 pi\u00f9 il futuro, bens\u00ec il presente: i giovani\u201d.<\/em><\/p>\n<p>Un progetto per il territorio che, nel giorno dell\u2019ufficialit\u00e0 del Circolo, ha trovato il plauso ed il sostegno di Pierpaolo Signore, coordinatore provinciale di Fratelli d\u2019Italia An.<\/p>\n<p>Al portavoce Munno, al direttivo del Circolo Fratelli d\u2019Italia An di San Donato di Lecce e Galugnano (Simone Erpete, Francesco Tarantino, Mauro Danisi, Marco Peruzzi, Giuseppe Polet\u00ec, Catia Chial\u00e0, Stefano Conte, Valerio Bisconti, Alessia Conte, Michele Stefano, Mauro Serra, Maria Vittoria Dell\u2019Anna, Antonio Bernardo, Miuchele Bernardo) e di quanti hanno sposato il progetto, il compito di mettere in atto, anche a San Donato e Galugnano, il motto di Fratelli d\u2019Italia An della leader Giorgia Meloni (nella foto):\u201cLa speranza si rimette in cammino\u201d.<\/p>\n<p>&nbsp;<\/p>\n<fb:like href='https:\/\/www.leccecronaca.it\/index.php\/2015\/05\/13\/fratelli-d-italia-a-san-donato-e-galugnano\/' send='true' layout='button_count' show_faces='true' width='450' height='65' action='recommend' colorscheme='light' font='lucida grande'><\/fb:like><span class=\"fb_share\"><fb:like href=\"https:\/\/www.leccecronaca.it\/index.php\/2015\/05\/13\/fratelli-d-italia-a-san-donato-e-galugnano\/\" layout=\"button_count\"><\/fb:like><\/span>","protected":false},"excerpt":{"rendered":"<p>RICEVIAMO E VOLENTIERI PUBBLICHIAMO. Pino Montinaro ci scrive______ Nei giorni scorsi, al termine di un lavoro programmatico durato dodici mesi, \u00e8 stata ufficializzata la Costituente cittadina del Circolo Fratelli d\u2019Italia An di San Donato di Lecce e Galugnano. Un gruppo la cui guida, in qualit\u00e0 di portavoce della Costituente, \u00e8 stata affidata al dottor Andrea [&hellip;]<\/p>\n","protected":false},"author":4,"featured_media":50288,"comment_status":"open","ping_status":"closed","sticky":false,"template":"","format":"standard","meta":[],"categories":[36],"tags":[],"_links":{"self":[{"href":"https:\/\/www.leccecronaca.it\/index.php\/wp-json\/wp\/v2\/posts\/50285"}],"collection":[{"href":"https:\/\/www.leccecronaca.it\/index.php\/wp-json\/wp\/v2\/posts"}],"about":[{"href":"https:\/\/www.leccecronaca.it\/index.php\/wp-json\/wp\/v2\/types\/post"}],"author":[{"embeddable":true,"href":"https:\/\/www.leccecronaca.it\/index.php\/wp-json\/wp\/v2\/users\/4"}],"replies":[{"embeddable":true,"href":"https:\/\/www.leccecronaca.it\/index.php\/wp-json\/wp\/v2\/comments?post=50285"}],"version-history":[{"count":4,"href":"https:\/\/www.leccecronaca.it\/index.php\/wp-json\/wp\/v2\/posts\/50285\/revisions"}],"predecessor-version":[{"id":50289,"href":"https:\/\/www.leccecronaca.it\/index.php\/wp-json\/wp\/v2\/posts\/50285\/revisions\/50289"}],"wp:featuredmedia":[{"embeddable":true,"href":"https:\/\/www.leccecronaca.it\/index.php\/wp-json\/wp\/v2\/media\/50288"}],"wp:attachment":[{"href":"https:\/\/www.leccecronaca.it\/index.php\/wp-json\/wp\/v2\/media?parent=50285"}],"wp:term":[{"taxonomy":"category","embeddable":true,"href":"https:\/\/www.leccecronaca.it\/index.php\/wp-json\/wp\/v2\/categories?post=50285"},{"taxonomy":"post_tag","embeddable":true,"href":"https:\/\/www.leccecronaca.it\/index.php\/wp-json\/wp\/v2\/tags?post=50285"}],"curies":[{"name":"wp","href":"https:\/\/api.w.org\/{rel}","templated":true}]}}