{"id":50547,"date":"2015-05-15T18:18:13","date_gmt":"2015-05-15T16:18:13","guid":{"rendered":"http:\/\/www.leccecronaca.it\/?p=50547"},"modified":"2015-05-15T18:29:11","modified_gmt":"2015-05-15T16:29:11","slug":"le-celebrazioni-del-centenario-dell-entrata-dell-italia-nella-prima-guerra-mondiale-a-lecce-sabato-16-e-domenica-17","status":"publish","type":"post","link":"https:\/\/www.leccecronaca.it\/index.php\/2015\/05\/15\/le-celebrazioni-del-centenario-dell-entrata-dell-italia-nella-prima-guerra-mondiale-a-lecce-sabato-16-e-domenica-17\/","title":{"rendered":"LE CELEBRAZIONI ORGANIZZATE PER IL CENTENARIO DELL&#8217; ENTRATA DELL&#8217; ITALIA NELLA PRIMA GUERRA MONDIALE A LECCE SABATO 16 E DOMENICA 17"},"content":{"rendered":"<p><a href=\"https:\/\/www.leccecronaca.it\/wordpress\/wp-content\/uploads\/2015\/05\/guerra.jpg\"><img decoding=\"async\" loading=\"lazy\" width=\"516\" height=\"800\" title=\"guerra\" class=\"alignleft size-full wp-image-50548\" alt=\"\" src=\"https:\/\/www.leccecronaca.it\/wordpress\/wp-content\/uploads\/2015\/05\/guerra.jpg\" srcset=\"https:\/\/www.leccecronaca.it\/wordpress\/wp-content\/uploads\/2015\/05\/guerra.jpg 516w, https:\/\/www.leccecronaca.it\/wordpress\/wp-content\/uploads\/2015\/05\/guerra-193x300.jpg 193w\" sizes=\"(max-width: 516px) 100vw, 516px\" \/><\/a>Dagli organizzatori degli eventi, in particolare dalla Scuola di Cavalleria di Lecce, riceviamo il seguente comunicato______<\/p>\n<p>Partono anche da Lecce, i prossimi 16 e 17 maggio, le manifestazioni organizzate dall\u2019Esercito Italiano per il centenario dell\u2019ingresso dell\u2019Italia alla Prima Guerra Mondiale. Per tale occasione \u00e8 stato predisposto un progetto nazionale, \u201cL\u2019Esercito Marciava\u201d, quale momento commemorativo, di condivisione con la popolazione italiana dei valori, sentimenti, ideali ed umanit\u00e0 che hanno caratterizzato il sacrificio e le gesta di quegli avi, la cui memoria \u00e8 ancor viva negli attuali italiani in divisa.<\/p>\n<p>Il programma si articola in diverse fasi, statiche, promozionali e dinamiche e copre l\u2019intero territorio Nazionale. Le attivit\u00e0 previste a Lecce si articoleranno in due giorni, il 16 e 17 maggio.<\/p>\n<p>Sabato 16 maggio, con inizio dalle ore 09.00 in Piazza Sant\u2019Oronzo sar\u00e0 inaugurata una mostra con cimeli provenienti dall\u2019Ufficio Storico dello Stato Maggiore Esercito che si affiancheranno alla mostra statica dei moderni mezzi in dotazione all\u2019Arma di Cavalleria. Saranno inoltre presenti, per i due giorni di manifestazioni, info-teams promozionali ai reclutamenti nelle carriere della Forza Armata.<\/p>\n<p>A seguire, con inizio dalle ore 10.00, saranno consegnati i documenti matricolari dei giovani del \u201915 (1915 ndr) ai rispettivi pronipoti da parte delle pi\u00f9 alte Autorit\u00e0 Civili e Militari cittadine, con breve descrizione biografica degli avi, nonch\u00e9 delle vicende in cui son stati protagonisti. Subito dopo avverr\u00e0 la premiazione dei vincitori salentini del Concorso Nazionale Fotografico \u201cLa Via della Grande Guerra\u201d, promosso dall\u2019Esercito e dal Ministero dell\u2019Istruzione. Il concorso \u00e8 stato partecipato dagli studenti di tutte le scuole Italiane e, tra i 50 vincitori, tre sono salentini che giungeranno accompagnati dai referenti scolastici, dai propri genitori e da loro supporters. Alle ore 20.00, il palcoscenico di Piazza S. Oronzo ospiter\u00e0 la Banda della Brigata \u201cPinerolo\u201d il cui concerto in onore alla Citt\u00e0 di Lecce, si articoler\u00e0 in suggestivi brani a tema.<\/p>\n<p>Domenica 17 maggio, alle ore 11.00 partir\u00e0 da Piazza S.Oronzo il primo Tedoforo della dorsale adriatica della Staffetta Nazionale, il cui tricolore giunger\u00e0 il prossimo 24 maggio a Trieste. La staffetta attraverser\u00e0 le Citt\u00e0 di Brindisi, Ostuni e Fasano e giunger\u00e0 a Bari il giorno successivo alle ore 10.30 per cedere il testimone ai militari della Brigata \u201cPinerolo\u201d che proseguiranno l\u2019itinerario.<\/p>\n<p>L\u2019evento conclusivo dell\u2019intero programma nazionale \u00e8 previsto a Trieste il giorno 24 maggio, con l\u2019arrivo dell\u2019ultimo Tedoforo in Piazza Unit\u00e0 d\u2019Italia.<\/p>\n<p>Con il progetto \u201cL\u2019Esercito Marciava\u201d si \u00e8 voluto rispondere alle attese d\u2019identit\u00e0 valoriale, di riconoscimento culturale e di testimonianza fortemente sentiti dalla collettivit\u00e0 ed identificati in quello che fu lo strumento elitario di coesione sociale, l\u2019Esercito, oggi tramandato ai giovani attraverso i testi ufficiali dei propri nonni e bisnonni, attraverso la musica ed attraverso lo sport, di cui la staffetta ne \u00e8 l\u2019emblema. E\u2019 l\u2019occasione per condividere quello che fu il passaggio di tutta la societ\u00e0 civile dell\u2019epoca nei ranghi dell\u2019Esercito a difesa della neonata Nazione Italiana.<\/p>\n<p>&nbsp;<\/p>\n<fb:like href='https:\/\/www.leccecronaca.it\/index.php\/2015\/05\/15\/le-celebrazioni-del-centenario-dell-entrata-dell-italia-nella-prima-guerra-mondiale-a-lecce-sabato-16-e-domenica-17\/' send='true' layout='button_count' show_faces='true' width='450' height='65' action='recommend' colorscheme='light' font='lucida grande'><\/fb:like><span class=\"fb_share\"><fb:like href=\"https:\/\/www.leccecronaca.it\/index.php\/2015\/05\/15\/le-celebrazioni-del-centenario-dell-entrata-dell-italia-nella-prima-guerra-mondiale-a-lecce-sabato-16-e-domenica-17\/\" layout=\"button_count\"><\/fb:like><\/span>","protected":false},"excerpt":{"rendered":"<p>Dagli organizzatori degli eventi, in particolare dalla Scuola di Cavalleria di Lecce, riceviamo il seguente comunicato______ Partono anche da Lecce, i prossimi 16 e 17 maggio, le manifestazioni organizzate dall\u2019Esercito Italiano per il centenario dell\u2019ingresso dell\u2019Italia alla Prima Guerra Mondiale. Per tale occasione \u00e8 stato predisposto un progetto nazionale, \u201cL\u2019Esercito Marciava\u201d, quale momento commemorativo, di [&hellip;]<\/p>\n","protected":false},"author":4,"featured_media":50548,"comment_status":"open","ping_status":"closed","sticky":false,"template":"","format":"standard","meta":[],"categories":[36],"tags":[],"_links":{"self":[{"href":"https:\/\/www.leccecronaca.it\/index.php\/wp-json\/wp\/v2\/posts\/50547"}],"collection":[{"href":"https:\/\/www.leccecronaca.it\/index.php\/wp-json\/wp\/v2\/posts"}],"about":[{"href":"https:\/\/www.leccecronaca.it\/index.php\/wp-json\/wp\/v2\/types\/post"}],"author":[{"embeddable":true,"href":"https:\/\/www.leccecronaca.it\/index.php\/wp-json\/wp\/v2\/users\/4"}],"replies":[{"embeddable":true,"href":"https:\/\/www.leccecronaca.it\/index.php\/wp-json\/wp\/v2\/comments?post=50547"}],"version-history":[{"count":3,"href":"https:\/\/www.leccecronaca.it\/index.php\/wp-json\/wp\/v2\/posts\/50547\/revisions"}],"predecessor-version":[{"id":50550,"href":"https:\/\/www.leccecronaca.it\/index.php\/wp-json\/wp\/v2\/posts\/50547\/revisions\/50550"}],"wp:featuredmedia":[{"embeddable":true,"href":"https:\/\/www.leccecronaca.it\/index.php\/wp-json\/wp\/v2\/media\/50548"}],"wp:attachment":[{"href":"https:\/\/www.leccecronaca.it\/index.php\/wp-json\/wp\/v2\/media?parent=50547"}],"wp:term":[{"taxonomy":"category","embeddable":true,"href":"https:\/\/www.leccecronaca.it\/index.php\/wp-json\/wp\/v2\/categories?post=50547"},{"taxonomy":"post_tag","embeddable":true,"href":"https:\/\/www.leccecronaca.it\/index.php\/wp-json\/wp\/v2\/tags?post=50547"}],"curies":[{"name":"wp","href":"https:\/\/api.w.org\/{rel}","templated":true}]}}