{"id":50729,"date":"2015-05-19T11:53:05","date_gmt":"2015-05-19T09:53:05","guid":{"rendered":"http:\/\/www.leccecronaca.it\/?p=50729"},"modified":"2015-05-19T19:21:52","modified_gmt":"2015-05-19T17:21:52","slug":"lecce-savino-tesoro-chiarisce-in-conferenza-stampa-ad-oggi-nessuna-proposta-seria-per-lacquisto-della-societa","status":"publish","type":"post","link":"https:\/\/www.leccecronaca.it\/index.php\/2015\/05\/19\/lecce-savino-tesoro-chiarisce-in-conferenza-stampa-ad-oggi-nessuna-proposta-seria-per-lacquisto-della-societa\/","title":{"rendered":"LECCE, SAVINO TESORO CHIARISCE LA SITUAZIONE: &#8220;Voglio andarmene, per\u00f2 ad oggi non c&#8217;\u00e8 stata nessuna proposta seria per l&#8217;acquisto della societ\u00e0&#8221;"},"content":{"rendered":"<p style=\"text-align: justify;\"><a href=\"https:\/\/www.leccecronaca.it\/wordpress\/wp-content\/uploads\/2015\/05\/20150519_105821.jpg\"><img decoding=\"async\" loading=\"lazy\" width=\"300\" height=\"225\" title=\"20150519_105821\" class=\"alignleft size-medium wp-image-50730\" alt=\"\" src=\"https:\/\/www.leccecronaca.it\/wordpress\/wp-content\/uploads\/2015\/05\/20150519_105821-300x225.jpg\" srcset=\"https:\/\/www.leccecronaca.it\/wordpress\/wp-content\/uploads\/2015\/05\/20150519_105821-300x225.jpg 300w, https:\/\/www.leccecronaca.it\/wordpress\/wp-content\/uploads\/2015\/05\/20150519_105821-1024x768.jpg 1024w, https:\/\/www.leccecronaca.it\/wordpress\/wp-content\/uploads\/2015\/05\/20150519_105821.jpg 2048w\" sizes=\"(max-width: 300px) 100vw, 300px\" \/><\/a>di Laura Ricci_____<\/p>\n<p style=\"text-align: justify;\">Terminata la stagione agonistica con la permanenza dei giallorossi in Lega Pro, senza nemmeno accedere ai play off, si ricomincia a pensare al Lecce e al futuro che lo aspetta.<\/p>\n<p style=\"text-align: justify;\">Dopo la comunicazione ufficiale di addio da parte della famiglia Tesoro nel mese di Febbraio, questa mattina nella sala stampa del Via del Mare torna a parlare ai microfoni il presidente Savino Tesoro per chiarire quella che \u00e8 la situazione attuale della societ\u00e0 e per fare il punto sulle trattative in corso per quanto rigurda la cessione del Lecce.<\/p>\n<p style=\"text-align: justify;\"><em>&#8220;Avrei voluto congedarmi da questa citt\u00e0 regalando la serie b sopratutto per quei tifosi che hanno gioito quando abbiamo vinto, e si sono disperati quando abbiamo perso. In questa citt\u00e0 succede una cosa strana, appena si perde ci si dispera. Volevo regalarvi la promozione ma per una serie di motivi non ci siamo riusciti. Tre anni fa come adesso stavo trattando questa societ\u00e0 con i vecchi proprietari, sapendo che la squadra era in Lega Pro, categoria che non avevo mai avuto in mente di affrontare, ma alla fine l&#8217;ho fatto con entusiasmo e gioia.<\/em><\/p>\n<p style=\"text-align: justify;\"><em>I primi due anni abbiamo perso la finale di play off contro due squadre che ora sono salite in Serie A, questo vuol dire che la nostra squadra non era proprio scarsa.<\/em><\/p>\n<p style=\"text-align: justify;\"><em>Me ne vado perch\u00e8 al di l\u00e0 dei sacrifici economici ho profuso energie importanti, per dieci anni non si \u00e8 mai pagata la tassa dell&#8217;acqua e mi \u00e8 stato detto di dover riparare a un buco di circa 10.000 euro.&#8221;<\/em><\/p>\n<p style=\"text-align: justify;\">Il presidente del Lecce \u00e8 poi sceso nei particolari dell&#8217;obiettivo di questa conferenza stampa: &#8220;<em>Ad oggi l&#8217;unica persona concreta e proponibile che mi si \u00e8 presentata davanti per l&#8217;acquisto della societ\u00e0 \u00e8 stato Ferrero, presidente della Sampdoria, ma poi, dopo qualche telefonata, non si \u00e8 fatto pi\u00f9 sentire.<\/em><\/p>\n<p style=\"text-align: justify;\"><em>Non ho visto cordate leccesi interessate, tutte le proposte che ho ricevuto sono state portate avanti da persone dalle idee poco chiare che non ho preso in considerazione, proprio perch\u00e8 voglio vendere questa societ\u00e0 a delle persone serie.<\/em><\/p>\n<p style=\"text-align: justify;\"><em>Il fatto di chiedere di rilverarla a zero \u00e8 inaccettabile perch\u00e8 poi, una volta che acquistata, come la gestisci?<\/em><\/p>\n<p style=\"text-align: justify;\"><em>Il Lecce, proiettato al 30 giugno 2015, ha quasi cinque milioni di euro di debiti verso banca, fornitori, giocatori e Lega. I crediti corrispondono invece a quasi quattro milioni di euro. Alla luce di questo, io chiedo di fronteggiare solo due milioni per i debiti con la banca, non penso di chiedere qualcosa di assurdo.&#8221;<\/em><\/p>\n<p style=\"text-align: justify;\">Il presidente Tesoro ha poi concluso: <em>&#8220;La situazione \u00e8 questa, io gi\u00e0 da qualche mese ho chiarito il fatto di voler lasciare ma ancora siamo fermi. Non penso che il Lecce finir\u00e0 con il fallimento, voglio pensare che qualcun si far\u00e0 avanti seriamente.<\/em><\/p>\n<p style=\"text-align: justify;\"><em>Il nostro tempo qui \u00e8 finito, togliamo il disturbo a chi non ci voleva.&#8221;<\/em><\/p>\n<fb:like href='https:\/\/www.leccecronaca.it\/index.php\/2015\/05\/19\/lecce-savino-tesoro-chiarisce-in-conferenza-stampa-ad-oggi-nessuna-proposta-seria-per-lacquisto-della-societa\/' send='true' layout='button_count' show_faces='true' width='450' height='65' action='recommend' colorscheme='light' font='lucida grande'><\/fb:like><span class=\"fb_share\"><fb:like href=\"https:\/\/www.leccecronaca.it\/index.php\/2015\/05\/19\/lecce-savino-tesoro-chiarisce-in-conferenza-stampa-ad-oggi-nessuna-proposta-seria-per-lacquisto-della-societa\/\" layout=\"button_count\"><\/fb:like><\/span>","protected":false},"excerpt":{"rendered":"<p>di Laura Ricci_____ Terminata la stagione agonistica con la permanenza dei giallorossi in Lega Pro, senza nemmeno accedere ai play off, si ricomincia a pensare al Lecce e al futuro che lo aspetta. Dopo la comunicazione ufficiale di addio da parte della famiglia Tesoro nel mese di Febbraio, questa mattina nella sala stampa del Via [&hellip;]<\/p>\n","protected":false},"author":4,"featured_media":0,"comment_status":"open","ping_status":"closed","sticky":false,"template":"","format":"standard","meta":[],"categories":[28],"tags":[],"_links":{"self":[{"href":"https:\/\/www.leccecronaca.it\/index.php\/wp-json\/wp\/v2\/posts\/50729"}],"collection":[{"href":"https:\/\/www.leccecronaca.it\/index.php\/wp-json\/wp\/v2\/posts"}],"about":[{"href":"https:\/\/www.leccecronaca.it\/index.php\/wp-json\/wp\/v2\/types\/post"}],"author":[{"embeddable":true,"href":"https:\/\/www.leccecronaca.it\/index.php\/wp-json\/wp\/v2\/users\/4"}],"replies":[{"embeddable":true,"href":"https:\/\/www.leccecronaca.it\/index.php\/wp-json\/wp\/v2\/comments?post=50729"}],"version-history":[{"count":6,"href":"https:\/\/www.leccecronaca.it\/index.php\/wp-json\/wp\/v2\/posts\/50729\/revisions"}],"predecessor-version":[{"id":50770,"href":"https:\/\/www.leccecronaca.it\/index.php\/wp-json\/wp\/v2\/posts\/50729\/revisions\/50770"}],"wp:attachment":[{"href":"https:\/\/www.leccecronaca.it\/index.php\/wp-json\/wp\/v2\/media?parent=50729"}],"wp:term":[{"taxonomy":"category","embeddable":true,"href":"https:\/\/www.leccecronaca.it\/index.php\/wp-json\/wp\/v2\/categories?post=50729"},{"taxonomy":"post_tag","embeddable":true,"href":"https:\/\/www.leccecronaca.it\/index.php\/wp-json\/wp\/v2\/tags?post=50729"}],"curies":[{"name":"wp","href":"https:\/\/api.w.org\/{rel}","templated":true}]}}