{"id":50753,"date":"2015-05-19T05:50:40","date_gmt":"2015-05-19T03:50:40","guid":{"rendered":"http:\/\/www.leccecronaca.it\/?p=50753"},"modified":"2015-05-19T19:46:55","modified_gmt":"2015-05-19T17:46:55","slug":"nardo-dambrosio-del-m5s-incontra-i-cittadini","status":"publish","type":"post","link":"https:\/\/www.leccecronaca.it\/index.php\/2015\/05\/19\/nardo-dambrosio-del-m5s-incontra-i-cittadini\/","title":{"rendered":"MANIFESTAZIONI \/ GIUSEPPE D&#8217; AMBROSIO PER UN CONFRONTO COI CITTADINI A NARDO&#8217; MERCOLEDI&#8217; 20"},"content":{"rendered":"<p><a href=\"https:\/\/www.leccecronaca.it\/wordpress\/wp-content\/uploads\/2015\/05\/mfront_d_ambrosio.jpg\"><img decoding=\"async\" loading=\"lazy\" width=\"300\" height=\"200\" title=\"mfront_d_ambrosio\" class=\"alignleft size-full wp-image-50781\" alt=\"\" src=\"https:\/\/www.leccecronaca.it\/wordpress\/wp-content\/uploads\/2015\/05\/mfront_d_ambrosio.jpg\" \/><\/a>Mercoled\u00ec 20 maggio, sar\u00e0 ospite del &#8220;Meetup di Nard\u00f2 amici di Beppe Grillo&#8221; il portavoce alla Camera dei Deputati per il M5S Giuseppe D\u2019Ambrosio (nella foto), presidente della Giunta delle Elezioni.<br \/>\nIl Portavoce incontrer\u00e0 i cittadini per informarli della situazione in cui versa il nostro Paese a seguito anche delle recenti riforme costituzionali messe in piedi dal Governo Renzi.<br \/>\nLa serata inizier\u00e0 alle ore 17.00\u00a0presso il comitato del candidato al consiglio Regionale Cristian Casili, in via XX Settembre per poi\u00a0proseguire in Piazza Salandra con un confronto con i cittadin.<\/p>\n<fb:like href='https:\/\/www.leccecronaca.it\/index.php\/2015\/05\/19\/nardo-dambrosio-del-m5s-incontra-i-cittadini\/' send='true' layout='button_count' show_faces='true' width='450' height='65' action='recommend' colorscheme='light' font='lucida grande'><\/fb:like><span class=\"fb_share\"><fb:like href=\"https:\/\/www.leccecronaca.it\/index.php\/2015\/05\/19\/nardo-dambrosio-del-m5s-incontra-i-cittadini\/\" layout=\"button_count\"><\/fb:like><\/span>","protected":false},"excerpt":{"rendered":"<p>Mercoled\u00ec 20 maggio, sar\u00e0 ospite del &#8220;Meetup di Nard\u00f2 amici di Beppe Grillo&#8221; il portavoce alla Camera dei Deputati per il M5S Giuseppe D\u2019Ambrosio (nella foto), presidente della Giunta delle Elezioni. Il Portavoce incontrer\u00e0 i cittadini per informarli della situazione in cui versa il nostro Paese a seguito anche delle recenti riforme costituzionali messe in [&hellip;]<\/p>\n","protected":false},"author":4,"featured_media":50781,"comment_status":"open","ping_status":"closed","sticky":false,"template":"","format":"standard","meta":[],"categories":[75],"tags":[],"_links":{"self":[{"href":"https:\/\/www.leccecronaca.it\/index.php\/wp-json\/wp\/v2\/posts\/50753"}],"collection":[{"href":"https:\/\/www.leccecronaca.it\/index.php\/wp-json\/wp\/v2\/posts"}],"about":[{"href":"https:\/\/www.leccecronaca.it\/index.php\/wp-json\/wp\/v2\/types\/post"}],"author":[{"embeddable":true,"href":"https:\/\/www.leccecronaca.it\/index.php\/wp-json\/wp\/v2\/users\/4"}],"replies":[{"embeddable":true,"href":"https:\/\/www.leccecronaca.it\/index.php\/wp-json\/wp\/v2\/comments?post=50753"}],"version-history":[{"count":5,"href":"https:\/\/www.leccecronaca.it\/index.php\/wp-json\/wp\/v2\/posts\/50753\/revisions"}],"predecessor-version":[{"id":50784,"href":"https:\/\/www.leccecronaca.it\/index.php\/wp-json\/wp\/v2\/posts\/50753\/revisions\/50784"}],"wp:featuredmedia":[{"embeddable":true,"href":"https:\/\/www.leccecronaca.it\/index.php\/wp-json\/wp\/v2\/media\/50781"}],"wp:attachment":[{"href":"https:\/\/www.leccecronaca.it\/index.php\/wp-json\/wp\/v2\/media?parent=50753"}],"wp:term":[{"taxonomy":"category","embeddable":true,"href":"https:\/\/www.leccecronaca.it\/index.php\/wp-json\/wp\/v2\/categories?post=50753"},{"taxonomy":"post_tag","embeddable":true,"href":"https:\/\/www.leccecronaca.it\/index.php\/wp-json\/wp\/v2\/tags?post=50753"}],"curies":[{"name":"wp","href":"https:\/\/api.w.org\/{rel}","templated":true}]}}