{"id":50848,"date":"2015-05-21T11:15:23","date_gmt":"2015-05-21T09:15:23","guid":{"rendered":"http:\/\/www.leccecronaca.it\/?p=50848"},"modified":"2015-05-21T14:12:40","modified_gmt":"2015-05-21T12:12:40","slug":"cerimonia-della-polizia-di-stato-tra-attestati-e-polemiche","status":"publish","type":"post","link":"https:\/\/www.leccecronaca.it\/index.php\/2015\/05\/21\/cerimonia-della-polizia-di-stato-tra-attestati-e-polemiche\/","title":{"rendered":"LECCE: VENERDI&#8217; 22 LA CERIMONIA DELLA POLIZIA DI STATO, TRA ATTESTATI E POLEMICHE"},"content":{"rendered":"<p><a href=\"https:\/\/www.leccecronaca.it\/wordpress\/wp-content\/uploads\/2015\/05\/polizia-di-stato.jpg\"><img decoding=\"async\" loading=\"lazy\" width=\"300\" height=\"111\" title=\"polizia di stato\" class=\"alignleft size-medium wp-image-50849\" alt=\"\" src=\"https:\/\/www.leccecronaca.it\/wordpress\/wp-content\/uploads\/2015\/05\/polizia-di-stato-300x111.jpg\" srcset=\"https:\/\/www.leccecronaca.it\/wordpress\/wp-content\/uploads\/2015\/05\/polizia-di-stato-300x111.jpg 300w, https:\/\/www.leccecronaca.it\/wordpress\/wp-content\/uploads\/2015\/05\/polizia-di-stato.jpg 851w\" sizes=\"(max-width: 300px) 100vw, 300px\" \/><\/a>(v.m.)______Domani, venerd\u00ec 22 maggio \u00a0avr\u00e0 luogo anche in questa provincia la celebrazione del 163\u00b0 anniversario della Fondazione della Polizia di Stato. Quest\u2019anno la cerimonia il cui tema \u00e8 \u201cEsserci Sempre\u201d, si svolger\u00e0 secondo criteri uniformi in tutto il territorio nazionale e si terr\u00e0 nello stesso giorno sia a Roma che nelle altre provincie.<br \/>\nA Lecce avr\u00e0 luogo alle ore 10.30 nella Sala Convegni del Museo \u201cSigismondo Castromediano\u201d situato in viale Gallipoli, alla presenza di Autorit\u00e0 Istituzionali, dei dipendenti della Polizia di Stato della provincia e dei rappresentanti dell\u2019Associazione Nazionale della Polizia di stato. Invitati alla cerimonia, i familiari dei poliziotti vittime del terrorismo, della criminalit\u00e0 organizzata e del dovere.<\/p>\n<p>Prima dell\u2019inizio della celebrazione, alle ore 9.00 il Prefetto ed il Questore della provincia di Lecce renderanno gli onori ai caduti della Polizia di Stato con la deposizione di una corona d\u2019alloro alla lapide commemorativa situata presso gli uffici di Polizia di viale O. Quarta.<br \/>\nDopo la lettura dei messaggi inviati per l\u2019occasione dal Presidente della Repubblica e dalle altre Autorit\u00e0, il Questore della provincia di Lecce Pierluigi D\u2019Angelo rivolger\u00e0 il suo saluto ai presenti e consegner\u00e0 gli attestati di riconoscimento al personale che si \u00e8 distinto per meriti di servizio.<br \/>\nCi domandiamo se tra quegli attestati ci sono quelli ai poliziotti mandati nelle manifestazioni, a stare ore e ore infagottati fermi sotto il sole a prendersi sputi in faccia, uova e pietre in testa, a farsi picchiare senza poter reagire, da poveri dementi incappucciati, che confondono la libert\u00e0 con la licenziosit\u00e0.<\/p>\n<p>Dostoevskij scriveva: &#8220;<em>Nel mondo attuale per libert\u00e0 s&#8217;intende la licenza, mentre la vera libert\u00e0 consiste in un calmo dominio di se stessi. La licenza conduce solo alla schiavit\u00f9&#8221;.<\/em><\/p>\n<p>E visto che siamo in campagna elettorale per non far torto a nessuno citiamo anche Lenin: &#8220;\u00c8 proprio vero che la libert\u00e0 \u00e8 preziosa; cos\u00ec preziosa che dovrebbe essere razionata&#8221;.<\/p>\n<p>Ma noi crediamo che le razioni in tempo di pace non siano giustificate.<\/p>\n<p>&nbsp;<\/p>\n<p>&nbsp;<\/p>\n<fb:like href='https:\/\/www.leccecronaca.it\/index.php\/2015\/05\/21\/cerimonia-della-polizia-di-stato-tra-attestati-e-polemiche\/' send='true' layout='button_count' show_faces='true' width='450' height='65' action='recommend' colorscheme='light' font='lucida grande'><\/fb:like><span class=\"fb_share\"><fb:like href=\"https:\/\/www.leccecronaca.it\/index.php\/2015\/05\/21\/cerimonia-della-polizia-di-stato-tra-attestati-e-polemiche\/\" layout=\"button_count\"><\/fb:like><\/span>","protected":false},"excerpt":{"rendered":"<p>(v.m.)______Domani, venerd\u00ec 22 maggio \u00a0avr\u00e0 luogo anche in questa provincia la celebrazione del 163\u00b0 anniversario della Fondazione della Polizia di Stato. Quest\u2019anno la cerimonia il cui tema \u00e8 \u201cEsserci Sempre\u201d, si svolger\u00e0 secondo criteri uniformi in tutto il territorio nazionale e si terr\u00e0 nello stesso giorno sia a Roma che nelle altre provincie. A Lecce [&hellip;]<\/p>\n","protected":false},"author":4,"featured_media":50849,"comment_status":"open","ping_status":"closed","sticky":false,"template":"","format":"standard","meta":[],"categories":[1],"tags":[],"_links":{"self":[{"href":"https:\/\/www.leccecronaca.it\/index.php\/wp-json\/wp\/v2\/posts\/50848"}],"collection":[{"href":"https:\/\/www.leccecronaca.it\/index.php\/wp-json\/wp\/v2\/posts"}],"about":[{"href":"https:\/\/www.leccecronaca.it\/index.php\/wp-json\/wp\/v2\/types\/post"}],"author":[{"embeddable":true,"href":"https:\/\/www.leccecronaca.it\/index.php\/wp-json\/wp\/v2\/users\/4"}],"replies":[{"embeddable":true,"href":"https:\/\/www.leccecronaca.it\/index.php\/wp-json\/wp\/v2\/comments?post=50848"}],"version-history":[{"count":4,"href":"https:\/\/www.leccecronaca.it\/index.php\/wp-json\/wp\/v2\/posts\/50848\/revisions"}],"predecessor-version":[{"id":50854,"href":"https:\/\/www.leccecronaca.it\/index.php\/wp-json\/wp\/v2\/posts\/50848\/revisions\/50854"}],"wp:featuredmedia":[{"embeddable":true,"href":"https:\/\/www.leccecronaca.it\/index.php\/wp-json\/wp\/v2\/media\/50849"}],"wp:attachment":[{"href":"https:\/\/www.leccecronaca.it\/index.php\/wp-json\/wp\/v2\/media?parent=50848"}],"wp:term":[{"taxonomy":"category","embeddable":true,"href":"https:\/\/www.leccecronaca.it\/index.php\/wp-json\/wp\/v2\/categories?post=50848"},{"taxonomy":"post_tag","embeddable":true,"href":"https:\/\/www.leccecronaca.it\/index.php\/wp-json\/wp\/v2\/tags?post=50848"}],"curies":[{"name":"wp","href":"https:\/\/api.w.org\/{rel}","templated":true}]}}