{"id":50982,"date":"2015-05-22T23:29:39","date_gmt":"2015-05-22T21:29:39","guid":{"rendered":"http:\/\/www.leccecronaca.it\/?p=50982"},"modified":"2015-05-24T14:19:09","modified_gmt":"2015-05-24T12:19:09","slug":"emiliano-sui-migranti-la-lega-ha-ragione","status":"publish","type":"post","link":"https:\/\/www.leccecronaca.it\/index.php\/2015\/05\/22\/emiliano-sui-migranti-la-lega-ha-ragione\/","title":{"rendered":"..E ADESSO EMILIANO SUI MIGRANTI DA&#8217; RAGIONE A SALVINI"},"content":{"rendered":"<p><a href=\"https:\/\/www.leccecronaca.it\/wordpress\/wp-content\/uploads\/2015\/05\/extracomunitari.jpg\"><img decoding=\"async\" loading=\"lazy\" width=\"220\" height=\"300\" title=\"extracomunitari\" class=\"alignleft size-medium wp-image-50983\" alt=\"\" src=\"https:\/\/www.leccecronaca.it\/wordpress\/wp-content\/uploads\/2015\/05\/extracomunitari-220x300.jpg\" srcset=\"https:\/\/www.leccecronaca.it\/wordpress\/wp-content\/uploads\/2015\/05\/extracomunitari-220x300.jpg 220w, https:\/\/www.leccecronaca.it\/wordpress\/wp-content\/uploads\/2015\/05\/extracomunitari.jpg 610w\" sizes=\"(max-width: 220px) 100vw, 220px\" \/><\/a>(v.m.)______La sinistra, e non solo quella pugliese, si era mobilitata, aveva suonato le trombe e chiamato a raccolta, dall&#8217;Anpi ai Centri sociali avevano risposto all&#8217;appello, nessuno spazio alla Lega di Salvini, sono stati organizzati presidi, assaltati i comitati elettorali della &#8220;Lista Noi con Salvini&#8221; , vetrine distrutte, e adesso?<\/p>\n<p>Salvini, il razzista quello che parla alla pancia degli italiani, quello che fomenta lo scontro tra i poveri, perch\u00e8 chiede che si pensi prima agli italiani, \u00a0poi agli extracomunitari risorse permettendo, oggi riceve il plauso di Emiliano. E la sinistra, che\u00a0ha sempre sostenuto il contrario come si\u00a0pone ora?<\/p>\n<p>Un candidato del PD, autorevolissimo come Emiliano, che in piena campagna elettorale fa un giro di 360 gradi, dando ragione al Segretario della Lega Matteo Salvini qualche problema dovrebbe porlo a tutti e non solo alla sinistra.<br \/>\nCos&#8217;\u00e8 accaduto? Emiliano all&#8217;improvviso \u00e8 impazzito, \u00a0\u00e8 diventato razzista, fascista, leghista, o invece andando in giro per la campagna elettorale si \u00e8 reso conto che la gente di Puglia di questo governo e delle sue assurde leggi non ne pu\u00f2 pi\u00f9.<\/p>\n<p>E allora come fanno solitamente i politici, quando sentono che il vento sta cambiando, immediatamente cambiano rotta.<\/p>\n<p>Ed ecco cosa candidamente il Candidato governatore alla Regione Puglia del PD Michele Emiliano, gi\u00e0 sindaco di Bari dichiara:\u00a0&#8220;<em>Mi divide tutto da Salvini, ma devo riconoscere che egli coglie un aspetto cruciale quando dice che gli immigrati non devono essere trattati meglio degli italiani.\u00a0Trovo che sia ingiusto, e perfino incostituzionale, immaginare di riservare agli immigrati un trattamento superiore rispetto a quello garantito ai cittadini italiani&#8221;. Lo ha detto il candidato governatore del centrosinistra in Puglia, Michele Emiliano, intervenuto al forum con i lettori del &#8216;Corriere del Mezzogiorno&#8217;.<\/em><\/p>\n<p>Nei prossimi giorni ne sentiremo delle belle.<\/p>\n<fb:like href='https:\/\/www.leccecronaca.it\/index.php\/2015\/05\/22\/emiliano-sui-migranti-la-lega-ha-ragione\/' send='true' layout='button_count' show_faces='true' width='450' height='65' action='recommend' colorscheme='light' font='lucida grande'><\/fb:like><span class=\"fb_share\"><fb:like href=\"https:\/\/www.leccecronaca.it\/index.php\/2015\/05\/22\/emiliano-sui-migranti-la-lega-ha-ragione\/\" layout=\"button_count\"><\/fb:like><\/span>","protected":false},"excerpt":{"rendered":"<p>(v.m.)______La sinistra, e non solo quella pugliese, si era mobilitata, aveva suonato le trombe e chiamato a raccolta, dall&#8217;Anpi ai Centri sociali avevano risposto all&#8217;appello, nessuno spazio alla Lega di Salvini, sono stati organizzati presidi, assaltati i comitati elettorali della &#8220;Lista Noi con Salvini&#8221; , vetrine distrutte, e adesso? Salvini, il razzista quello che parla [&hellip;]<\/p>\n","protected":false},"author":4,"featured_media":50983,"comment_status":"open","ping_status":"closed","sticky":false,"template":"","format":"standard","meta":[],"categories":[76],"tags":[],"_links":{"self":[{"href":"https:\/\/www.leccecronaca.it\/index.php\/wp-json\/wp\/v2\/posts\/50982"}],"collection":[{"href":"https:\/\/www.leccecronaca.it\/index.php\/wp-json\/wp\/v2\/posts"}],"about":[{"href":"https:\/\/www.leccecronaca.it\/index.php\/wp-json\/wp\/v2\/types\/post"}],"author":[{"embeddable":true,"href":"https:\/\/www.leccecronaca.it\/index.php\/wp-json\/wp\/v2\/users\/4"}],"replies":[{"embeddable":true,"href":"https:\/\/www.leccecronaca.it\/index.php\/wp-json\/wp\/v2\/comments?post=50982"}],"version-history":[{"count":4,"href":"https:\/\/www.leccecronaca.it\/index.php\/wp-json\/wp\/v2\/posts\/50982\/revisions"}],"predecessor-version":[{"id":50985,"href":"https:\/\/www.leccecronaca.it\/index.php\/wp-json\/wp\/v2\/posts\/50982\/revisions\/50985"}],"wp:featuredmedia":[{"embeddable":true,"href":"https:\/\/www.leccecronaca.it\/index.php\/wp-json\/wp\/v2\/media\/50983"}],"wp:attachment":[{"href":"https:\/\/www.leccecronaca.it\/index.php\/wp-json\/wp\/v2\/media?parent=50982"}],"wp:term":[{"taxonomy":"category","embeddable":true,"href":"https:\/\/www.leccecronaca.it\/index.php\/wp-json\/wp\/v2\/categories?post=50982"},{"taxonomy":"post_tag","embeddable":true,"href":"https:\/\/www.leccecronaca.it\/index.php\/wp-json\/wp\/v2\/tags?post=50982"}],"curies":[{"name":"wp","href":"https:\/\/api.w.org\/{rel}","templated":true}]}}