{"id":51364,"date":"2015-05-28T17:39:03","date_gmt":"2015-05-28T15:39:03","guid":{"rendered":"http:\/\/www.leccecronaca.it\/?p=51364"},"modified":"2015-05-28T17:39:03","modified_gmt":"2015-05-28T15:39:03","slug":"i-soliti-ignoti-a-melendugno","status":"publish","type":"post","link":"https:\/\/www.leccecronaca.it\/index.php\/2015\/05\/28\/i-soliti-ignoti-a-melendugno\/","title":{"rendered":"I SOLITI IGNOTI A MELENDUGNO"},"content":{"rendered":"<p><a href=\"https:\/\/www.leccecronaca.it\/wordpress\/wp-content\/uploads\/2015\/05\/1258462566065.jpg\"><img decoding=\"async\" loading=\"lazy\" width=\"150\" height=\"150\" title=\"1258462566065\" class=\"alignleft size-thumbnail wp-image-51368\" alt=\"\" src=\"https:\/\/www.leccecronaca.it\/wordpress\/wp-content\/uploads\/2015\/05\/1258462566065-150x150.jpg\" \/><\/a>(t.l.)______Quattro\u00a0&#8220;topi d&#8217; appartamento&#8221;,\u00a0D.M.L. 48 anni e\u00a0P.L.M. 47 anni,\u00a0di Melendugno, D.A.F. 39 anni, di Martignano, e P.N. 37 anni, di Catania, ma domiciliato a Martignano, sono stati scoperti\u00a0dai carabinieri\u00a0e denunciati per furto aggravato e continuato in abitazione.<\/p>\n<p>Numerosi i &#8220;colpi&#8221; messi a segno in abitazioni momentaneamente incustodite negli ultimi cinque mesi.<\/p>\n<p>Ingente la refurtiva recuperata, parte della quale \u00e8 stata gi\u00e0 restituita ai proprietari: ma ce n&#8217;\u00e8 dell&#8217; altra e i carabinieri invitano coloro i quali abbiano subito un furto nella zona di Melendugno e abbiano presentato la relativa denuncia, a recarsi in caserma, per riconoscere quanto loro sottratto e ritornarne in possesso.<\/p>\n<p>&nbsp;<\/p>\n<p>&nbsp;<\/p>\n<fb:like href='https:\/\/www.leccecronaca.it\/index.php\/2015\/05\/28\/i-soliti-ignoti-a-melendugno\/' send='true' layout='button_count' show_faces='true' width='450' height='65' action='recommend' colorscheme='light' font='lucida grande'><\/fb:like><span class=\"fb_share\"><fb:like href=\"https:\/\/www.leccecronaca.it\/index.php\/2015\/05\/28\/i-soliti-ignoti-a-melendugno\/\" layout=\"button_count\"><\/fb:like><\/span>","protected":false},"excerpt":{"rendered":"<p>(t.l.)______Quattro\u00a0&#8220;topi d&#8217; appartamento&#8221;,\u00a0D.M.L. 48 anni e\u00a0P.L.M. 47 anni,\u00a0di Melendugno, D.A.F. 39 anni, di Martignano, e P.N. 37 anni, di Catania, ma domiciliato a Martignano, sono stati scoperti\u00a0dai carabinieri\u00a0e denunciati per furto aggravato e continuato in abitazione. Numerosi i &#8220;colpi&#8221; messi a segno in abitazioni momentaneamente incustodite negli ultimi cinque mesi. Ingente la refurtiva recuperata, parte [&hellip;]<\/p>\n","protected":false},"author":4,"featured_media":51368,"comment_status":"open","ping_status":"closed","sticky":false,"template":"","format":"standard","meta":[],"categories":[69],"tags":[],"_links":{"self":[{"href":"https:\/\/www.leccecronaca.it\/index.php\/wp-json\/wp\/v2\/posts\/51364"}],"collection":[{"href":"https:\/\/www.leccecronaca.it\/index.php\/wp-json\/wp\/v2\/posts"}],"about":[{"href":"https:\/\/www.leccecronaca.it\/index.php\/wp-json\/wp\/v2\/types\/post"}],"author":[{"embeddable":true,"href":"https:\/\/www.leccecronaca.it\/index.php\/wp-json\/wp\/v2\/users\/4"}],"replies":[{"embeddable":true,"href":"https:\/\/www.leccecronaca.it\/index.php\/wp-json\/wp\/v2\/comments?post=51364"}],"version-history":[{"count":2,"href":"https:\/\/www.leccecronaca.it\/index.php\/wp-json\/wp\/v2\/posts\/51364\/revisions"}],"predecessor-version":[{"id":51370,"href":"https:\/\/www.leccecronaca.it\/index.php\/wp-json\/wp\/v2\/posts\/51364\/revisions\/51370"}],"wp:featuredmedia":[{"embeddable":true,"href":"https:\/\/www.leccecronaca.it\/index.php\/wp-json\/wp\/v2\/media\/51368"}],"wp:attachment":[{"href":"https:\/\/www.leccecronaca.it\/index.php\/wp-json\/wp\/v2\/media?parent=51364"}],"wp:term":[{"taxonomy":"category","embeddable":true,"href":"https:\/\/www.leccecronaca.it\/index.php\/wp-json\/wp\/v2\/categories?post=51364"},{"taxonomy":"post_tag","embeddable":true,"href":"https:\/\/www.leccecronaca.it\/index.php\/wp-json\/wp\/v2\/tags?post=51364"}],"curies":[{"name":"wp","href":"https:\/\/api.w.org\/{rel}","templated":true}]}}