{"id":52148,"date":"2015-06-13T06:00:48","date_gmt":"2015-06-13T04:00:48","guid":{"rendered":"http:\/\/www.leccecronaca.it\/?p=52148"},"modified":"2015-06-11T18:17:14","modified_gmt":"2015-06-11T16:17:14","slug":"manifestazioni-la-cultura-del-riuso-e-della-condivisione-a-manduria-domenica-14","status":"publish","type":"post","link":"https:\/\/www.leccecronaca.it\/index.php\/2015\/06\/13\/manifestazioni-la-cultura-del-riuso-e-della-condivisione-a-manduria-domenica-14\/","title":{"rendered":"MANIFESTAZIONI \/ LA CULTURA DEL RIUSO E DELLA CONDIVISIONE A MANDURIA DOMENICA 14"},"content":{"rendered":"<p><a href=\"https:\/\/www.leccecronaca.it\/wordpress\/wp-content\/uploads\/2015\/06\/corso-xx-settembre-250x221.png\"><img decoding=\"async\" loading=\"lazy\" width=\"250\" height=\"221\" title=\"corso-xx-settembre-250x221\" class=\"alignleft size-full wp-image-52149\" alt=\"\" src=\"https:\/\/www.leccecronaca.it\/wordpress\/wp-content\/uploads\/2015\/06\/corso-xx-settembre-250x221.png\" \/><\/a>Domenica 14 giugno,\u00a0alle ore 20.00, a Manduria,\u00a0in corso XX settembre (nella foto)\u00a0ci sar\u00e0 una manifestazione\u00a0denominata &#8220;Prendi un libro, ne proti un altro&#8221;, organizzata dalle associazioni &#8220;Gruppo 0&#8221; , &#8220;Riprendiamoci il pianeta&#8221; e &#8220;Amo San Pietro a Bevagna&#8221;<\/p>\n<p>per diffondere l\u2019educazione verso le generazioni future sul recupero, il riuso e il riciclo delle cose usate, cos\u00ec da contenere la produzione di rifiuti ed educarle al rispetto delle cose;<\/p>\n<p>per diffondere la consapevolezza che per produrre manufatti si consumano energie e risorse naturali;<\/p>\n<p>per diffondere nei giovani la consapevolezza di vivere in una comunit\u00e0 ed esserne parte integrante;<\/p>\n<p>per diffondere l\u2019abitudine e il piacere alla lettura di un libro;<\/p>\n<p>per diffondere l\u2019abitudine alla condivisione di eventi pubblici che permettono uno scambio culturale tra i cittadini;<\/p>\n<p>per creare un punto di riferimento nella comunit\u00e0 attraverso la disponibilit\u00e0 e la fruizione della biblioteca comunale;<\/p>\n<p>per una nuova idea di societ\u00e0 alla portata dei cittadini che riescano a pretendere una politica virtuosa, per la chiusura del ciclo dei rifiuti, che possano nascere le comunit\u00e0 del riuso, che insieme alle comunit\u00e0 dell&#8217;energia e alle comunit\u00e0 del cibo possono diventare la pietra angolare di una nuova economia dal basso in cui la cittadinanza raggiunge la sovranit\u00e0 energetica, alimentare ed economica.<\/p>\n<fb:like href='https:\/\/www.leccecronaca.it\/index.php\/2015\/06\/13\/manifestazioni-la-cultura-del-riuso-e-della-condivisione-a-manduria-domenica-14\/' send='true' layout='button_count' show_faces='true' width='450' height='65' action='recommend' colorscheme='light' font='lucida grande'><\/fb:like><span class=\"fb_share\"><fb:like href=\"https:\/\/www.leccecronaca.it\/index.php\/2015\/06\/13\/manifestazioni-la-cultura-del-riuso-e-della-condivisione-a-manduria-domenica-14\/\" layout=\"button_count\"><\/fb:like><\/span>","protected":false},"excerpt":{"rendered":"<p>Domenica 14 giugno,\u00a0alle ore 20.00, a Manduria,\u00a0in corso XX settembre (nella foto)\u00a0ci sar\u00e0 una manifestazione\u00a0denominata &#8220;Prendi un libro, ne proti un altro&#8221;, organizzata dalle associazioni &#8220;Gruppo 0&#8221; , &#8220;Riprendiamoci il pianeta&#8221; e &#8220;Amo San Pietro a Bevagna&#8221; per diffondere l\u2019educazione verso le generazioni future sul recupero, il riuso e il riciclo delle cose usate, cos\u00ec [&hellip;]<\/p>\n","protected":false},"author":4,"featured_media":52149,"comment_status":"open","ping_status":"closed","sticky":false,"template":"","format":"standard","meta":[],"categories":[75],"tags":[],"_links":{"self":[{"href":"https:\/\/www.leccecronaca.it\/index.php\/wp-json\/wp\/v2\/posts\/52148"}],"collection":[{"href":"https:\/\/www.leccecronaca.it\/index.php\/wp-json\/wp\/v2\/posts"}],"about":[{"href":"https:\/\/www.leccecronaca.it\/index.php\/wp-json\/wp\/v2\/types\/post"}],"author":[{"embeddable":true,"href":"https:\/\/www.leccecronaca.it\/index.php\/wp-json\/wp\/v2\/users\/4"}],"replies":[{"embeddable":true,"href":"https:\/\/www.leccecronaca.it\/index.php\/wp-json\/wp\/v2\/comments?post=52148"}],"version-history":[{"count":2,"href":"https:\/\/www.leccecronaca.it\/index.php\/wp-json\/wp\/v2\/posts\/52148\/revisions"}],"predecessor-version":[{"id":52428,"href":"https:\/\/www.leccecronaca.it\/index.php\/wp-json\/wp\/v2\/posts\/52148\/revisions\/52428"}],"wp:featuredmedia":[{"embeddable":true,"href":"https:\/\/www.leccecronaca.it\/index.php\/wp-json\/wp\/v2\/media\/52149"}],"wp:attachment":[{"href":"https:\/\/www.leccecronaca.it\/index.php\/wp-json\/wp\/v2\/media?parent=52148"}],"wp:term":[{"taxonomy":"category","embeddable":true,"href":"https:\/\/www.leccecronaca.it\/index.php\/wp-json\/wp\/v2\/categories?post=52148"},{"taxonomy":"post_tag","embeddable":true,"href":"https:\/\/www.leccecronaca.it\/index.php\/wp-json\/wp\/v2\/tags?post=52148"}],"curies":[{"name":"wp","href":"https:\/\/api.w.org\/{rel}","templated":true}]}}