{"id":52473,"date":"2015-06-13T04:44:08","date_gmt":"2015-06-13T02:44:08","guid":{"rendered":"http:\/\/www.leccecronaca.it\/?p=52473"},"modified":"2015-06-13T11:53:38","modified_gmt":"2015-06-13T09:53:38","slug":"proverbio-salentino-di-oggi-sabato-13-giugno","status":"publish","type":"post","link":"https:\/\/www.leccecronaca.it\/index.php\/2015\/06\/13\/proverbio-salentino-di-oggi-sabato-13-giugno\/","title":{"rendered":"PROVERBIO SALENTINO DI OGGI SABATO 13 GIUGNO"},"content":{"rendered":"<dl>\n<dd>\n<dl>\n<dd>\n<p style=\"text-align: left;\"><a href=\"https:\/\/www.leccecronaca.it\/wordpress\/wp-content\/uploads\/2015\/06\/s-antonio-da-padova.jpeg\"><img decoding=\"async\" loading=\"lazy\" width=\"232\" height=\"300\" title=\"s antonio da padova\" class=\"alignleft size-full wp-image-52480\" alt=\"\" src=\"https:\/\/www.leccecronaca.it\/wordpress\/wp-content\/uploads\/2015\/06\/s-antonio-da-padova.jpeg\" \/><\/a>La Chiesa cattolica oggi sabato 13 giugno festeggia <strong>Sant&#8217;Antonio di Padova<\/strong>, Sacerdote e Dottore della Chiesa.<\/p>\n<p style=\"text-align: left;\">Alcuni aspetti della sua mistica anticipano le teorie di San Giovanni della Croce sulla notte mistica dei sensi. Sant&#8217;Antonio asserisce che l&#8217;oggetto primario della contemplazione \u00e8 l&#8217;Unit\u00e0 e Trinit\u00e0 di Dio, secondario, ma spesso primario in ordine di tempo &#8211; e quasi esercizio per ascendere all&#8217;antecedente &#8211; l&#8217;Umanit\u00e0 del Cristo mediatore. Complessivamente, Sant&#8217;Antonio incarna l&#8217;ideale di contemplazione e azione degli Ordini mendicanti del suo secolo e quello di maestro e predicatore popolare.<\/p>\n<p style=\"text-align: left;\">Spinto da necessit\u00e0 altrui a scrivere, egli si rivel\u00f2 provvisto per questo compito di una vasta cultura nelle scienze sacre, che filtr\u00f2 accuratamente, evitando discussioni di scuola, e adatt\u00f2 in stile personale, ma sempre comprensibile a chi doveva usare i suoi sermoni. Nell&#8217;oratoria sacra egli ha realizzato il felice innesto della prima predicazione francescana, semplice, cordiale, rivolta ad inculcare al popolo precetti morali, con quella dotta, retorica, regolata da precetti d&#8217;arte dei maestri in teologia del suo tempo. Della prima mantenne il calore affettuoso e l&#8217;amore agli insegnamenti pratici, dalla seconda mutu\u00f2 la tessitura dello schema, la ricca argomentazione d&#8217;autorit\u00e0 e la forza apologetica contro gli eretici.<\/p>\n<p>\u00a0Proverbio salentino del giorno: <strong>A DDU MANGIANU QUATTRU, MANGIANU CINQUE.<\/strong><\/p>\n<p>Dove mangiano quattro, mangiano cinque. E se un simile proverbio pu\u00f2 sembrare ovvio, oggi che i nostri frigo sono pieni di cibo, cos\u00ec scontato non lo era quando la famiglia faceva fatica a far saziare coloro che la componevano, ma ci\u00f2 nonostante un piatto non lo si negava a nessuno.<br \/>\nQuesto era il mondo della Tradizione, dove l&#8217;accoglienza, a cominciare da quella del proprio vicino. era reale e praticata quotidianamente con purezza di cuore, e non come oggi che quanti ci invitano ad accogliere, per\u00f2 solo quelli che vengono da lontano, lo fanno per ingrassarsi a spese dello Stato sulla pelle dei migranti, e con i nostri soldi.<\/p>\n<p>&nbsp;<\/p>\n<p>&nbsp;<\/p>\n<p><a href=\"https:\/\/www.leccecronaca.it\/wordpress\/wp-content\/uploads\/2015\/06\/Fernando-Pessoa.jpg\"><img decoding=\"async\" loading=\"lazy\" width=\"276\" height=\"300\" title=\"Fernando-Pessoa\" class=\"alignleft size-medium wp-image-52485\" alt=\"\" src=\"https:\/\/www.leccecronaca.it\/wordpress\/wp-content\/uploads\/2015\/06\/Fernando-Pessoa-276x300.jpg\" srcset=\"https:\/\/www.leccecronaca.it\/wordpress\/wp-content\/uploads\/2015\/06\/Fernando-Pessoa-276x300.jpg 276w, https:\/\/www.leccecronaca.it\/wordpress\/wp-content\/uploads\/2015\/06\/Fernando-Pessoa.jpg 435w\" sizes=\"(max-width: 276px) 100vw, 276px\" \/><\/a>Il 13 giugno 1888 nasce a Lisbona <strong>Fernando Ant\u00f3nio Nogueira Pessoa<\/strong>, poeta, scrittore e aforista portoghese.<\/p>\n<p>\u00c8 considerato uno dei maggiori poeti di lingua portoghese. E&#8217; stato definito, accanto a Pablo Neruda, il poeta pi\u00f9 rappresentativo del XX secolo.<\/p>\n<p>Anticomunista, antisocialista.<br \/>\nAppartenente ad un Nazionalismo mistico guidato da questo motto \u00abTutto per l&#8217;Umanit\u00e0, niente contro la Nazione\u00bb.<\/p>\n<p>Sosteneva di avere sempre nella memoria il martire Jacques de Molay, gran Maestro dell&#8217;Ordine dei Templari, e che bisognava combattere sempre e dappertutto i suoi tre assassini: l&#8217;Ignoranza, il Fanatismo e la Tirannia.<\/p>\n<p>Non prese mai moglie, a chi gli chiedeva quale fosse la sua professione rispondeva : La designazione pi\u00f9 corretta sarebbe \u00abtraduttore\u00bb, la pi\u00f9 esatta \u00abcorrispondente straniero in imprese commerciali\u00bb. Essere poeta e scrittore non costituisce professione, ma vocazione. Conservatore di stile inglese, cio\u00e8 con libert\u00e0 nel conservatorismo, e assolutamente antireazionario.<\/p>\n<p>&nbsp;<\/p>\n<p>&nbsp;<\/p>\n<\/dd>\n<\/dl>\n<\/dd>\n<\/dl>\n<fb:like href='https:\/\/www.leccecronaca.it\/index.php\/2015\/06\/13\/proverbio-salentino-di-oggi-sabato-13-giugno\/' send='true' layout='button_count' show_faces='true' width='450' height='65' action='recommend' colorscheme='light' font='lucida grande'><\/fb:like><span class=\"fb_share\"><fb:like href=\"https:\/\/www.leccecronaca.it\/index.php\/2015\/06\/13\/proverbio-salentino-di-oggi-sabato-13-giugno\/\" layout=\"button_count\"><\/fb:like><\/span>","protected":false},"excerpt":{"rendered":"<p>La Chiesa cattolica oggi sabato 13 giugno festeggia Sant&#8217;Antonio di Padova, Sacerdote e Dottore della Chiesa. Alcuni aspetti della sua mistica anticipano le teorie di San Giovanni della Croce sulla notte mistica dei sensi. Sant&#8217;Antonio asserisce che l&#8217;oggetto primario della contemplazione \u00e8 l&#8217;Unit\u00e0 e Trinit\u00e0 di Dio, secondario, ma spesso primario in ordine di tempo [&hellip;]<\/p>\n","protected":false},"author":4,"featured_media":52485,"comment_status":"open","ping_status":"closed","sticky":false,"template":"","format":"standard","meta":[],"categories":[31],"tags":[],"_links":{"self":[{"href":"https:\/\/www.leccecronaca.it\/index.php\/wp-json\/wp\/v2\/posts\/52473"}],"collection":[{"href":"https:\/\/www.leccecronaca.it\/index.php\/wp-json\/wp\/v2\/posts"}],"about":[{"href":"https:\/\/www.leccecronaca.it\/index.php\/wp-json\/wp\/v2\/types\/post"}],"author":[{"embeddable":true,"href":"https:\/\/www.leccecronaca.it\/index.php\/wp-json\/wp\/v2\/users\/4"}],"replies":[{"embeddable":true,"href":"https:\/\/www.leccecronaca.it\/index.php\/wp-json\/wp\/v2\/comments?post=52473"}],"version-history":[{"count":7,"href":"https:\/\/www.leccecronaca.it\/index.php\/wp-json\/wp\/v2\/posts\/52473\/revisions"}],"predecessor-version":[{"id":52556,"href":"https:\/\/www.leccecronaca.it\/index.php\/wp-json\/wp\/v2\/posts\/52473\/revisions\/52556"}],"wp:featuredmedia":[{"embeddable":true,"href":"https:\/\/www.leccecronaca.it\/index.php\/wp-json\/wp\/v2\/media\/52485"}],"wp:attachment":[{"href":"https:\/\/www.leccecronaca.it\/index.php\/wp-json\/wp\/v2\/media?parent=52473"}],"wp:term":[{"taxonomy":"category","embeddable":true,"href":"https:\/\/www.leccecronaca.it\/index.php\/wp-json\/wp\/v2\/categories?post=52473"},{"taxonomy":"post_tag","embeddable":true,"href":"https:\/\/www.leccecronaca.it\/index.php\/wp-json\/wp\/v2\/tags?post=52473"}],"curies":[{"name":"wp","href":"https:\/\/api.w.org\/{rel}","templated":true}]}}