{"id":52572,"date":"2015-06-13T14:25:09","date_gmt":"2015-06-13T12:25:09","guid":{"rendered":"http:\/\/www.leccecronaca.it\/?p=52572"},"modified":"2015-06-13T16:03:24","modified_gmt":"2015-06-13T14:03:24","slug":"darsena-di-san-cataldo-specchio-del-fallimento-dellamministrazione-perrone","status":"publish","type":"post","link":"https:\/\/www.leccecronaca.it\/index.php\/2015\/06\/13\/darsena-di-san-cataldo-specchio-del-fallimento-dellamministrazione-perrone\/","title":{"rendered":"SEMPRE PIU&#8217; GRAVE LA SITUAZIONE DELLA DARSENA DI SAN CATALDO, SPECCHIO DEI FALLIMENTI DEL SINDACO"},"content":{"rendered":"<p>&nbsp;<\/p>\n<p><a href=\"https:\/\/www.leccecronaca.it\/wordpress\/wp-content\/uploads\/2015\/06\/darsena-ratto.jpg\"><img decoding=\"async\" loading=\"lazy\" src=\"https:\/\/www.leccecronaca.it\/wordpress\/wp-content\/uploads\/2015\/06\/darsena-ratto.jpg\" alt=\"\" title=\"darsena ratto\" width=\"607\" height=\"419\" class=\"alignleft size-full wp-image-52615\" srcset=\"https:\/\/www.leccecronaca.it\/wordpress\/wp-content\/uploads\/2015\/06\/darsena-ratto.jpg 607w, https:\/\/www.leccecronaca.it\/wordpress\/wp-content\/uploads\/2015\/06\/darsena-ratto-300x207.jpg 300w\" sizes=\"(max-width: 607px) 100vw, 607px\" \/><\/a>Riceviamo e volentieri pubblichiamo. Il presidente dell&#8217; associazione &#8216;Sportello dei diritti&#8217; Giovanni D&#8217; Agata ci scrive______<\/p>\n<p>Darsena di San Cataldo di Lecce \u00e8 lo specchio (di mare) del fallimento dell&#8217;amministrazione comunale. Dopo la chiusura le alghe si accumulano, acqua stant\u00eca, fetore e ratti la fanno da padrone. Non solo l&#8217;immagine della marina, ma anche gravi problemi per l&#8217;igiene pubblica impongono una seria riflessione ed una inversione di rotta, oppure le dimissioni del sindaco.<\/p>\n<p>Dopo la chiusura della darsena di San Cataldo ai diportisti &#8211; di per s\u00e9 gi\u00e0 uno scandalo che avrebbe meritato maggiore attenzione da parte dei media e dell&#8217;opinione pubblica per i riflessi sia sull&#8217;occupazione dei dipendenti che per l&#8217;economia di una citt\u00e0 &#8211; che rappresenta la fine di un&#8217;era durata decine e decine d&#8217;anni, si sta compiendo l&#8217;ennesimo scempio per la marina, che come noto ricade nel feudo del territorio del comune capoluogo.<\/p>\n<p>L&#8217;abbandono totale in cui versa lo specchio d&#8217;acqua in cui per lustri e lustri venivano ormeggiate le barche da diporto degli appassionati del mare, la maggior parte residenti a Lecce, ma anche tranquillo approdo per piccole imbarcazioni che si fermavano per una sosta lungo il Canale d&#8217;Otranto, \u00e8 arrivato ad un limite che riguarda soprattutto l&#8217;igiene pubblica dell&#8217;intera marina (nella foto)<\/p>\n<p>L&#8217; accumulo d&#8217;alghe e le acque stagnanti hanno determinato olezzi di ogni tipo ed il richiamo di ratti di grosse dimensioni che costituiscono, per l&#8217;appunto un serio problema di salute collettiva specie nel periodo di maggior afflusso di concittadini e turisti nelle residenze estive.<\/p>\n<p>E&#8217; lo specchio, quindi, di un vero e proprio fallimento per l&#8217;intera amministrazione leccese che nonostante le promesse di soluzioni definitive non \u00e8 pervenuta a nulla e l&#8217;estate 2015 verr\u00e0 ricordata negli annali della comunit\u00e0 leccese come la prima stagione senza la &#8220;Darsena&#8221;.<\/p>\n<p>Si tratta di una vergogna che merita un intervento immediato ed in prima persona del primo cittadino, o le sue dimissioni in caso di ulteriore silenzio o false promesse.<\/p>\n<p>&nbsp;<\/p>\n<p>&nbsp;<\/p>\n<p>&nbsp;<\/p>\n<p>&nbsp;<\/p>\n<p>&nbsp;<\/p>\n<p>&nbsp;<\/p>\n<p>&nbsp;<\/p>\n<fb:like href='https:\/\/www.leccecronaca.it\/index.php\/2015\/06\/13\/darsena-di-san-cataldo-specchio-del-fallimento-dellamministrazione-perrone\/' send='true' layout='button_count' show_faces='true' width='450' height='65' action='recommend' colorscheme='light' font='lucida grande'><\/fb:like><span class=\"fb_share\"><fb:like href=\"https:\/\/www.leccecronaca.it\/index.php\/2015\/06\/13\/darsena-di-san-cataldo-specchio-del-fallimento-dellamministrazione-perrone\/\" layout=\"button_count\"><\/fb:like><\/span>","protected":false},"excerpt":{"rendered":"<p>&nbsp; Riceviamo e volentieri pubblichiamo. Il presidente dell&#8217; associazione &#8216;Sportello dei diritti&#8217; Giovanni D&#8217; Agata ci scrive______ Darsena di San Cataldo di Lecce \u00e8 lo specchio (di mare) del fallimento dell&#8217;amministrazione comunale. Dopo la chiusura le alghe si accumulano, acqua stant\u00eca, fetore e ratti la fanno da padrone. Non solo l&#8217;immagine della marina, ma anche [&hellip;]<\/p>\n","protected":false},"author":4,"featured_media":52615,"comment_status":"open","ping_status":"closed","sticky":false,"template":"","format":"standard","meta":[],"categories":[36],"tags":[],"_links":{"self":[{"href":"https:\/\/www.leccecronaca.it\/index.php\/wp-json\/wp\/v2\/posts\/52572"}],"collection":[{"href":"https:\/\/www.leccecronaca.it\/index.php\/wp-json\/wp\/v2\/posts"}],"about":[{"href":"https:\/\/www.leccecronaca.it\/index.php\/wp-json\/wp\/v2\/types\/post"}],"author":[{"embeddable":true,"href":"https:\/\/www.leccecronaca.it\/index.php\/wp-json\/wp\/v2\/users\/4"}],"replies":[{"embeddable":true,"href":"https:\/\/www.leccecronaca.it\/index.php\/wp-json\/wp\/v2\/comments?post=52572"}],"version-history":[{"count":9,"href":"https:\/\/www.leccecronaca.it\/index.php\/wp-json\/wp\/v2\/posts\/52572\/revisions"}],"predecessor-version":[{"id":52616,"href":"https:\/\/www.leccecronaca.it\/index.php\/wp-json\/wp\/v2\/posts\/52572\/revisions\/52616"}],"wp:featuredmedia":[{"embeddable":true,"href":"https:\/\/www.leccecronaca.it\/index.php\/wp-json\/wp\/v2\/media\/52615"}],"wp:attachment":[{"href":"https:\/\/www.leccecronaca.it\/index.php\/wp-json\/wp\/v2\/media?parent=52572"}],"wp:term":[{"taxonomy":"category","embeddable":true,"href":"https:\/\/www.leccecronaca.it\/index.php\/wp-json\/wp\/v2\/categories?post=52572"},{"taxonomy":"post_tag","embeddable":true,"href":"https:\/\/www.leccecronaca.it\/index.php\/wp-json\/wp\/v2\/tags?post=52572"}],"curies":[{"name":"wp","href":"https:\/\/api.w.org\/{rel}","templated":true}]}}