{"id":52580,"date":"2015-06-13T14:43:46","date_gmt":"2015-06-13T12:43:46","guid":{"rendered":"http:\/\/www.leccecronaca.it\/?p=52580"},"modified":"2015-06-13T15:46:49","modified_gmt":"2015-06-13T13:46:49","slug":"la-tasi-sulla-prima-casa-a-lecce-e-la-piu-alta-in-puglia","status":"publish","type":"post","link":"https:\/\/www.leccecronaca.it\/index.php\/2015\/06\/13\/la-tasi-sulla-prima-casa-a-lecce-e-la-piu-alta-in-puglia\/","title":{"rendered":"UNA DENUNCIA DELLA UIL \/ LA TASI SULLA PRIMA CASA A LECCE E&#8217; LA PIU&#8217; ALTA DELLA PUGLIA"},"content":{"rendered":"<p style=\"text-align: left;\" align=\"center\"><a href=\"https:\/\/www.leccecronaca.it\/wordpress\/wp-content\/uploads\/2015\/06\/Salvatore-Giannetto1.jpg\"><img decoding=\"async\" loading=\"lazy\" width=\"150\" height=\"150\" title=\"Salvatore Giannetto\" class=\"alignleft size-thumbnail wp-image-52604\" alt=\"\" src=\"https:\/\/www.leccecronaca.it\/wordpress\/wp-content\/uploads\/2015\/06\/Salvatore-Giannetto1-150x150.jpg\" \/><\/a>Riceviamo e volentieri pubblichiamo. Il segretario generale della Uil di Lecce, Salvatore Giannetto (nella foto), ci scrive______<\/p>\n<p style=\"text-align: left;\" align=\"center\">Il pagamento della Tasi e dell\u2019Imu, da versare entro il 16 giugno prossimo, continua a costituire un grande peso per le famiglie salentine. A Lecce il costo medio dell&#8217;acconto Tasi \u00e8 tra i pi\u00f9 alti fra i capoluoghi di provincia pugliesi.<br \/>\nSecondo i dati del II Rapporto Uil su Imu e Tasi elaborato dalla Uil &#8211; Servizio politiche territoriali, infatti, a <strong>Lecce<\/strong> la spesa media annua per la Tasi sulla prima casa \u00e8 di 203 euro (102 euro acconto) per effetto dell&#8217;aliquota 2,5 per mille e delle detrazioni di 50 euro (per abitazioni accatastate in A\/3) e di 100 euro (per abitazioni accatastate in A\/4 e A\/5). Questa detrazioni sono raddoppiate in caso di nuclei familiari in cui \u00e8 presente un portatore di handicap in situazione di gravit\u00e0, titolare di indennit\u00e0 di accompagnamento.<\/p>\n<p>\u00a0A <strong>Bari<\/strong>, il costo annuo medio per la Tasi sulla prima casa \u00e8 di 338 euro (169 euro di acconto) per effetto dell&#8217;aliquota 3,3 per mille (esenzione fino a 10 mila euro di ISEE; ISEE da 10 mila a 15 mila detrazione fissa di 100 euro.); a <strong>Brindisi<\/strong> di 134 euro (67 euro acconto) con aliquota 1,5 per mille (nessuna detrazione); a <strong>Taranto<\/strong> \u00e8 di 188 euro (94 euro acconto) con aliquota 2 per mille (nessuna detrazione); a <strong>Foggia<\/strong> di 326 euro (163 euro acconto) con aliquota 3,3 per mille, ma sono previste detrazioni ed esenzioni (rendita inferiore o uguale a 250 euro: esenzione totale; da 251 a 350 euro: detrazione di 100 euro; da 351 a 450 euro: detrazione di 50 euro; rendite da 451 euro ed oltre: nessuna detrazione; tutte detrazioni che si applicano in presenza di un reddito Isee inferiore o uguale a 15 mila euro).<\/p>\n<p>\u00c8 vero che nella spesa pubblica degli enti territoriali ci sono margini di razionalizzazione, ma il Governo centrale non pu\u00f2 continuare nei tagli lineari ai Comuni, le cui conseguenze negativi si ripercuotono inevitabilmente\u00a0 sui cittadini. E lo stesso Governo non pu\u00f2 certo girare la testa dall&#8217;altra parte quando la pressione fiscale a livello locale aumenta per effetto di minori trasferimenti.<\/p>\n<p>Sul fisco locale servono certezze. Ad oggi \u00e8 difficile fare delle proiezioni per capire se nel 2015 con la Tasi la pressione fiscale delle famiglie, rispetto al 2014 aumenter\u00e0. Molto dipende dalle scelte del Governo centrale, se confermer\u00e0 o meno per quest\u2019anno i <strong>625 milioni<\/strong> di euro di trasferimenti ai Comuni quale \u201cristoro\u201d IMU-TASI.\u00a0 Inoltre, gi\u00e0 da adesso il Governo ha annunciato che nel 2016 si cambier\u00e0 nuovamente il modello di tassazione degli immobili, con l\u2019introduzione della Local Tax, ma la nostra impressione \u00e8 che si cambiano i nomi ma non la sostanza delle imposte locali.<\/p>\n<p>Se davvero il Governo vuole riformare il fisco comunale abbia il coraggio quantomeno di andare verso il vero superamento e non accentramento delle addizionali comunali Irpef, che colpiscono direttamente il reddito dei lavoratori dipendenti e pensionati. \u00c8 questa la riforma che ci aspettiamo&#8221;.<\/p>\n<fb:like href='https:\/\/www.leccecronaca.it\/index.php\/2015\/06\/13\/la-tasi-sulla-prima-casa-a-lecce-e-la-piu-alta-in-puglia\/' send='true' layout='button_count' show_faces='true' width='450' height='65' action='recommend' colorscheme='light' font='lucida grande'><\/fb:like><span class=\"fb_share\"><fb:like href=\"https:\/\/www.leccecronaca.it\/index.php\/2015\/06\/13\/la-tasi-sulla-prima-casa-a-lecce-e-la-piu-alta-in-puglia\/\" layout=\"button_count\"><\/fb:like><\/span>","protected":false},"excerpt":{"rendered":"<p>Riceviamo e volentieri pubblichiamo. Il segretario generale della Uil di Lecce, Salvatore Giannetto (nella foto), ci scrive______ Il pagamento della Tasi e dell\u2019Imu, da versare entro il 16 giugno prossimo, continua a costituire un grande peso per le famiglie salentine. A Lecce il costo medio dell&#8217;acconto Tasi \u00e8 tra i pi\u00f9 alti fra i capoluoghi [&hellip;]<\/p>\n","protected":false},"author":4,"featured_media":52604,"comment_status":"open","ping_status":"closed","sticky":false,"template":"","format":"standard","meta":[],"categories":[36],"tags":[],"_links":{"self":[{"href":"https:\/\/www.leccecronaca.it\/index.php\/wp-json\/wp\/v2\/posts\/52580"}],"collection":[{"href":"https:\/\/www.leccecronaca.it\/index.php\/wp-json\/wp\/v2\/posts"}],"about":[{"href":"https:\/\/www.leccecronaca.it\/index.php\/wp-json\/wp\/v2\/types\/post"}],"author":[{"embeddable":true,"href":"https:\/\/www.leccecronaca.it\/index.php\/wp-json\/wp\/v2\/users\/4"}],"replies":[{"embeddable":true,"href":"https:\/\/www.leccecronaca.it\/index.php\/wp-json\/wp\/v2\/comments?post=52580"}],"version-history":[{"count":4,"href":"https:\/\/www.leccecronaca.it\/index.php\/wp-json\/wp\/v2\/posts\/52580\/revisions"}],"predecessor-version":[{"id":52606,"href":"https:\/\/www.leccecronaca.it\/index.php\/wp-json\/wp\/v2\/posts\/52580\/revisions\/52606"}],"wp:featuredmedia":[{"embeddable":true,"href":"https:\/\/www.leccecronaca.it\/index.php\/wp-json\/wp\/v2\/media\/52604"}],"wp:attachment":[{"href":"https:\/\/www.leccecronaca.it\/index.php\/wp-json\/wp\/v2\/media?parent=52580"}],"wp:term":[{"taxonomy":"category","embeddable":true,"href":"https:\/\/www.leccecronaca.it\/index.php\/wp-json\/wp\/v2\/categories?post=52580"},{"taxonomy":"post_tag","embeddable":true,"href":"https:\/\/www.leccecronaca.it\/index.php\/wp-json\/wp\/v2\/tags?post=52580"}],"curies":[{"name":"wp","href":"https:\/\/api.w.org\/{rel}","templated":true}]}}