{"id":52715,"date":"2015-06-19T05:42:17","date_gmt":"2015-06-19T03:42:17","guid":{"rendered":"http:\/\/www.leccecronaca.it\/?p=52715"},"modified":"2015-06-15T10:49:57","modified_gmt":"2015-06-15T08:49:57","slug":"feste-popolari-fede-tradizione-cultura-a-calimera-sabato-20-e-domenica-21","status":"publish","type":"post","link":"https:\/\/www.leccecronaca.it\/index.php\/2015\/06\/19\/feste-popolari-fede-tradizione-cultura-a-calimera-sabato-20-e-domenica-21\/","title":{"rendered":"FESTE POPOLARI \/ FEDE, TRADIZIONE, CULTURA A CALIMERA SABATO 20 E DOMENICA 21"},"content":{"rendered":"<p><a href=\"https:\/\/www.leccecronaca.it\/wordpress\/wp-content\/uploads\/2015\/06\/festa-dei-lampioni-calimera1.jpg\"><img decoding=\"async\" loading=\"lazy\" width=\"300\" height=\"137\" title=\"festa-dei-lampioni-calimera1\" class=\"alignleft size-medium wp-image-52716\" alt=\"\" src=\"https:\/\/www.leccecronaca.it\/wordpress\/wp-content\/uploads\/2015\/06\/festa-dei-lampioni-calimera1-300x137.jpg\" srcset=\"https:\/\/www.leccecronaca.it\/wordpress\/wp-content\/uploads\/2015\/06\/festa-dei-lampioni-calimera1-300x137.jpg 300w, https:\/\/www.leccecronaca.it\/wordpress\/wp-content\/uploads\/2015\/06\/festa-dei-lampioni-calimera1.jpg 700w\" sizes=\"(max-width: 300px) 100vw, 300px\" \/><\/a>Sabato 20 e domenica 21 giugno, ci sar\u00e0 a Calimera la Festa dei Lampioni in occasione della celebrazione dei festeggiamenti per San Luigi.<\/p>\n<p>Il paese della Grec\u00eca salentina sar\u00e0 attraversato da lampioni realizzati nelle pi\u00f9 svariate forme e dimensioni. Una magia dalla quale neanche il pizzico della realt\u00e0 disturba l\u2019incanto. La coreografia di luci che ne viene fuori ogni anno incornicia le vie del paese tanto da trasformale in sfolgoranti corridoi fiabeschi. Le sculture luminose vengono appese per le strade del centro storico creando cos\u00ec una suggestiva atmosfera. Gli artisti del cielo colorato con le loro creazioni sprigioneranno emozioni sulla base della combinazione di luci e traccia artistica scelta per una festa che illumina lo sguardo.<\/p>\n<p>A Calimera si vuol salutare il solstizio d\u2019estate riprendendo un\u2019antica tradizione in un percorso tra devozione per il sacro ed approvazione per il profano tanto da rendere spettacolare l\u2019usanza dei lampioni realizzati con materiali poveri.<\/p>\n<p>Fede, memoria, musica, voci e racconti ruotano sabato 20 e domenica 21 attorno alla vita di Calimera, dove la tradizione dal ritmo accelerato accende la meraviglia che morde l\u2019anima senza riserva alcuna (nella foto, un&#8217; immagine della festa dell&#8217; anno scorso).<\/p>\n<p>L\u2019Accademia dei Volonterosi presieduta da Giusi Portaluri, associazione che ha a cuore il ripristino delle tradizioni salentine e la promozione dei prodotti locali, sar\u00e0 presente nella due giorni nello storico Palazzo Sabella Tommasi, in piazza del Sole, con \u201cCreativit\u00e0 in mostra\u201d. In esposizione articoli dell\u2019artigianato locale, dall\u2019abbigliamento agli accessori moda \u2013 mare, ai bijoux, ai tricot, agli elementi d\u2019arredo.<\/p>\n<p>Il mercatino, che ospiter\u00e0 alcune fantasiose creazioni luminose &#8211; opere degli artigiani della Pro Loco di Calimera e del Circolo Culturale Ghetonia \u2013 fa parte del percorso \u201cViaggio nella tradizione\u201d promosso dall\u2019Accademia dei Volenterosi.<\/p>\n<p>E sabato alle ore 20:00 nel giardino della dimora storica sar\u00e0 presentato il libro \u201cMena\u201d, Il Raggio Verde edizioni, della giornalista Lucia Accoto. Moderer\u00e0 l\u2019incontro il direttore responsabile Antonietta Fulvio. In \u201cMena\u201d si tracciano storie del Sud come se fossero scorci imbastiti sulla tela di un racconto fatto di strade, di profumi, di speranze, di folate di vento.<\/p>\n<p>&nbsp;<\/p>\n<p>&nbsp;<\/p>\n<p>&nbsp;<\/p>\n<p>&nbsp;<\/p>\n<fb:like href='https:\/\/www.leccecronaca.it\/index.php\/2015\/06\/19\/feste-popolari-fede-tradizione-cultura-a-calimera-sabato-20-e-domenica-21\/' send='true' layout='button_count' show_faces='true' width='450' height='65' action='recommend' colorscheme='light' font='lucida grande'><\/fb:like><span class=\"fb_share\"><fb:like href=\"https:\/\/www.leccecronaca.it\/index.php\/2015\/06\/19\/feste-popolari-fede-tradizione-cultura-a-calimera-sabato-20-e-domenica-21\/\" layout=\"button_count\"><\/fb:like><\/span>","protected":false},"excerpt":{"rendered":"<p>Sabato 20 e domenica 21 giugno, ci sar\u00e0 a Calimera la Festa dei Lampioni in occasione della celebrazione dei festeggiamenti per San Luigi. Il paese della Grec\u00eca salentina sar\u00e0 attraversato da lampioni realizzati nelle pi\u00f9 svariate forme e dimensioni. Una magia dalla quale neanche il pizzico della realt\u00e0 disturba l\u2019incanto. La coreografia di luci che [&hellip;]<\/p>\n","protected":false},"author":4,"featured_media":52716,"comment_status":"open","ping_status":"closed","sticky":false,"template":"","format":"standard","meta":[],"categories":[75],"tags":[],"_links":{"self":[{"href":"https:\/\/www.leccecronaca.it\/index.php\/wp-json\/wp\/v2\/posts\/52715"}],"collection":[{"href":"https:\/\/www.leccecronaca.it\/index.php\/wp-json\/wp\/v2\/posts"}],"about":[{"href":"https:\/\/www.leccecronaca.it\/index.php\/wp-json\/wp\/v2\/types\/post"}],"author":[{"embeddable":true,"href":"https:\/\/www.leccecronaca.it\/index.php\/wp-json\/wp\/v2\/users\/4"}],"replies":[{"embeddable":true,"href":"https:\/\/www.leccecronaca.it\/index.php\/wp-json\/wp\/v2\/comments?post=52715"}],"version-history":[{"count":1,"href":"https:\/\/www.leccecronaca.it\/index.php\/wp-json\/wp\/v2\/posts\/52715\/revisions"}],"predecessor-version":[{"id":52717,"href":"https:\/\/www.leccecronaca.it\/index.php\/wp-json\/wp\/v2\/posts\/52715\/revisions\/52717"}],"wp:featuredmedia":[{"embeddable":true,"href":"https:\/\/www.leccecronaca.it\/index.php\/wp-json\/wp\/v2\/media\/52716"}],"wp:attachment":[{"href":"https:\/\/www.leccecronaca.it\/index.php\/wp-json\/wp\/v2\/media?parent=52715"}],"wp:term":[{"taxonomy":"category","embeddable":true,"href":"https:\/\/www.leccecronaca.it\/index.php\/wp-json\/wp\/v2\/categories?post=52715"},{"taxonomy":"post_tag","embeddable":true,"href":"https:\/\/www.leccecronaca.it\/index.php\/wp-json\/wp\/v2\/tags?post=52715"}],"curies":[{"name":"wp","href":"https:\/\/api.w.org\/{rel}","templated":true}]}}