{"id":52979,"date":"2015-06-17T17:12:14","date_gmt":"2015-06-17T15:12:14","guid":{"rendered":"http:\/\/www.leccecronaca.it\/?p=52979"},"modified":"2015-06-17T17:13:54","modified_gmt":"2015-06-17T15:13:54","slug":"la-conferenza-organizzativa-della-cgil-salvatore-arnesano-aumentare-la-rappresentanza-diminuire-le-diseguaglianza","status":"publish","type":"post","link":"https:\/\/www.leccecronaca.it\/index.php\/2015\/06\/17\/la-conferenza-organizzativa-della-cgil-salvatore-arnesano-aumentare-la-rappresentanza-diminuire-le-diseguaglianza\/","title":{"rendered":"LA CONFERENZA ORGANIZZATIVA DELLA CGIL \/ IL SEGRETARIO GENERALE SALVATORE ARNESANO: &#8220;Aumentare la rappresentanza, diminuire la diseguaglianza&#8221;"},"content":{"rendered":"<p><a href=\"https:\/\/www.leccecronaca.it\/wordpress\/wp-content\/uploads\/2015\/06\/04-conferenza-organizzazione-cgil-170615-sm.jpg\"><img decoding=\"async\" loading=\"lazy\" width=\"1024\" height=\"576\" title=\"04 conferenza organizzazione cgil 170615 sm\" class=\"alignleft size-large wp-image-52981\" alt=\"\" src=\"https:\/\/www.leccecronaca.it\/wordpress\/wp-content\/uploads\/2015\/06\/04-conferenza-organizzazione-cgil-170615-sm-1024x576.jpg\" srcset=\"https:\/\/www.leccecronaca.it\/wordpress\/wp-content\/uploads\/2015\/06\/04-conferenza-organizzazione-cgil-170615-sm-1024x576.jpg 1024w, https:\/\/www.leccecronaca.it\/wordpress\/wp-content\/uploads\/2015\/06\/04-conferenza-organizzazione-cgil-170615-sm-300x168.jpg 300w, https:\/\/www.leccecronaca.it\/wordpress\/wp-content\/uploads\/2015\/06\/04-conferenza-organizzazione-cgil-170615-sm.jpg 1200w\" sizes=\"(max-width: 1024px) 100vw, 1024px\" \/><\/a>(Rdl)______<strong>Sono in corso di svolgimento all&#8217; hotel Hilton di Lecce i lavori \u00a0della conferenza organizzativa territoriale della Cgil (nella foto). Pubblichiamo qui di seguito una sintesi dell&#8217; intervento svolto dal segretario generale Salvatore Arnesano______<\/strong><\/p>\n<p>Nell\u2019ultimi dieci anni il mondo del lavoro e, con esso la cultura stessa del lavoro e la sua percezione, hanno subito profondi cambiamenti. Sono cambiate le regole su scala internazionale, la tecnologia ha accelerato e mutato i processi produttivi. Gli orizzonti su questi mutamenti sono in parte difficili da prevedere e gestire; ma una sola cosa, tuttavia, \u00e8 certa: a fronte di tutti questi cambiamenti, non c\u2019\u00e8 nessun miglioramento sui diritti dei lavoratori e delle lavoratrici! Sono aumentate le disuguaglianze e le iniquit\u00e0, producendo gravi e becere guerre tra poveri: tra lavoratori di serie A e lavoratori di serie B, tra precari e dipendenti, tra cassintegrati e disoccupati, tra lavoratori migranti e residenti!<\/p>\n<p>Le aspettative tradite non sono solo quelle dei figli, ma anche quelle dei padri che hanno lottato e si sono sacrificati per affidare un futuro di diritti e benessere alle generazioni successive.<\/p>\n<p>Chi dice che noi siamo stati immobili mentre fuori tutto cambiava, dice &#8211; consapevolmente &#8211; il falso!<\/p>\n<p>Da qui l\u2019obiettivo di fondo che il Documento nazionale indica per questa Conferenza: allargare la rappresentanza e i confini della contrattazione. Se la crisi economica nel nostro Paese deve rappresentare un\u2019opportunit\u00e0, come dicono alcuni, lo deve essere innanzi tutto per estendere diritti e tutele a chi non li ha, per affermare l\u2019uguaglianza.<\/p>\n<p>REGIONE PUGLIA:<\/p>\n<p>Rivolgiamo al neoeletto Presidente della Regione Puglia i nostri migliori auguri di buon lavoro. Sono tante le aspettative riposte nel nuovo governo regionale: auspichiamo che esso riesca a rispondervi con concretezza. A tale proposito le Segreterie Regionali di Cgil-Cisl-Uil hanno gi\u00e0 chiesto un incontro per affrontare le tante emergenze della regione. Il clima di sfiducia tra le persone \u00e8 evidente e la bassa partecipazione al voto \u00e8 un segnale preoccupante che deve essere colto con urgenza.<\/p>\n<p>Purtroppo la ripresa economica, proclamata ogni anno per l\u2019anno successivo, non si intravede. E intanto si rafforzano rabbia e sfiducia nelle persone, soprattutto perch\u00e9 la questione occupazione \u00e8 tutt\u2019altro che risolta.<\/p>\n<p>NORD E SUD: \u201cLE DUE ECONOMIE\u201d<\/p>\n<p>Con un tasso di disoccupazione giovanile vicino al 50%, questo Paese si permette di far fallire misure come Garanzia giovani e di non investire su politiche per il Mezzogiorno. \u201cLe due economie italiane\u201d: i giornali italiani hanno ripreso tutti l\u2019analisi inglese dell\u2019Economist sul divario crescente tra il Nord e il Sud del nostro Paese. Negli ultimi sette anni quasi un milione di persone ha perso lavoro: di questi il 70% vive al Sud. Tra il 2001 e il 2013 sono emigrate, dal Sud al Nord Italia, pi\u00f9 di 700mila persone: di queste, il 70% ha un\u2019et\u00e0 tra i 15 e i 34 anni e pi\u00f9 di un quarto sono laureati. Finch\u00e9 non si trover\u00e0 un modo per ridurre questo enorme divario tra il Nord e il Sud, l\u2019economia del nostro Paese non ripartir\u00e0 e rester\u00e0 indietro rispetto al resto d\u2019Europa.<\/p>\n<p>RIFORMA DELRIO E JOBS ACT, LE CONSEGUENZE SUL TERRITORIO:<\/p>\n<p>Legge Delrio e la Legge di Stabilit\u00e0 stanno stravolgendo e gettando nella disperazione la vita di centinaia di lavoratrici e di lavoratori. Penso alle vertenze in corso per Alba Service, Nuova Salento Energia, Axa, Ico, Dipendenti Provincia, senza alcuna certezza per il futuro. Senza dimenticare le vertenze Ipercoop, dipendenti ex BAT, Palumbo, ecc.<\/p>\n<p>Il cosiddetto Jobs Act, che doveva favorire l\u2019occupazione di giovani e donne nell\u2019occupazione, sta di fatto dando il via libera a comportamenti vessatori e ricattatori nei luoghi di lavoro! Prima ancora che fossero ufficializzati i decreti attuativi, sono gi\u00e0 stati proposti ai lavoratori accordi per il demansionamento. Ci chiediamo quali siano i vantaggi economici per le aziende, utilizzando questo tipo di strumento che, a nostro avviso, \u00e8 soltanto lesivo della libert\u00e0 dei diritti sindacali dei lavoratori.<\/p>\n<p>Il segno positivo sulle assunzioni a tempo indeterminato, di cui si sta dando notizia in queste settimane, va letto con attenzione. Perch\u00e9 non siamo di fronte a occupazione aggiuntiva, ma a trasformazioni di contratti a termine gi\u00e0 presenti anche strutturalmente nelle aziende. A questo si aggiunge che il saldo positivo delle assunzioni \u00e8 ancora costituito da una maggioranza di contratti a termine e precari.<\/p>\n<p>CONTRASTARE JOBS ACT E NUOVO STATUTO DEI LAVORATORI: CONTRATTAZIONE<\/p>\n<p>La CGIL ha deciso un percorso per contrastare il Jobs Act, sta elaborando una proposta per un Nuovo Statuto delle Lavoratrici e dei Lavoratori (inclusivo), rimane in piedi il percorso unitario su fisco e previdenza. Nel contempo dobbiamo continuare a lavorare per favorire crescita e occupazione.<\/p>\n<p>A livello Regionale, abbiamo condiviso una Piattaforma Unitaria che parla di lavoro, sviluppo e qualit\u00e0 della vita. Cos\u00ec come abbiamo sottoscritto, sempre unitariamente, un Protocollo d\u2019intesa e un Documento sulla politica industriale con Confindustria Puglia per rilanciare la ripresa e il sistema produttivo pugliese. Abbiamo una nostra piattaforma, una nostra agenda che ha come obiettivo la crescita e lo sviluppo del Salento. A partire da: Turismo, Agro-Alimentare, Welfare, Credito e Manifatturiero. L\u2019obiettivo \u00e8 avanzare proposte per contrastare la desertificazione delle nostre aree industriali con la costruzione di condizioni che creino nuova e buona occupazione.<\/p>\n<p>A questo proposito stiamo lavorando per la sottoscrizione di un Protocollo D\u2019intesa con le associazioni datoriali delle PMI su un percorso di internalizzazione per incoraggiare la creazione di occupazione vera nel settore. Cos\u00ec come non \u00e8 pi\u00f9 rinviabile la cantierizzazione di alcune opere importanti sotto l\u2019aspetto infrastrutturale, ma soprattutto occupazionale.<\/p>\n<p>XYLELLA<\/p>\n<p>Stiamo vivendo una emergenza drammatica che si chiama Xylella. Per noi significa bomba sociale. Si continua a parlare degli ulivi e poco dei lavoratori coinvolti che sono tantissimi, abbiamo stimato in quasi 8.000 lavoratori, il numero di persone che non avranno la garanzia occupazionale. Noi chiediamo che allo stato di emergenza sia dichiarato lo stato di calamit\u00e0 per consentire a quei lavoratori di poter usufruire delle provvidenze economiche.<\/p>\n<p>I TEMI DELLA CONFERENZA DI ORGANIZZAZIONE:<\/p>\n<p>Contrattazione inclusiva; Democrazia e partecipazione; Territorio e strutture; Profilo identitario e formazione sindacale.<\/p>\n<p>Per un sindacato come la Cgil, la contrattazione rappresenta il cuore del proprio agire. Un sindacato vince questa sfida se \u00e8 in grado, innanzitutto, di agire con la contrattazione per intercettare e dare risposte ai bisogni reali del mondo del lavoro. \u00c8 questo l\u2019elemento che ci ha consentito, fino ad ora, di resistere all\u2019onda che ha spazzato via i partiti che hanno perso la capacit\u00e0 di rispondere alle istanze reali delle persone. Le innovazioni, proposte con la contrattazione inclusiva e di sito, rispondono all\u2019esigenza di intervenire in quel mondo del lavoro che, oramai da troppo tempo, sfugge al sindacato, nella rappresentanza come nella contrattazione.<\/p>\n<p>Importante l\u2019aver messo al centro dell\u2019azione contrattuale la questione degli appalti, attraverso i quali si sono operate gravi destrutturazioni dei processi produttivi e le conseguenti espulsioni di lavoratori. Con le modifiche avvenute, c\u2019\u00e8 il rischio che i lavoratori non abbiano pi\u00f9 le garanzie di un passaggio da un appalto ad un altro. Noi dobbiamo pretendere la clausola sociale per i lavoratori! Un aspetto quasi scontato, fino a oggi, ma che con il Jobs Act non lo \u00e8 pi\u00f9.<\/p>\n<p>Il territorio, le Camere del Lavoro e i luoghi di lavoro devono rappresentare il baricentro della nostra contrattazione inclusiva e sociale per dare dignit\u00e0 al lavoro e alle condizioni di donne e uomini, giovani, pensionati, migranti che vogliamo rappresentare. Devono essere luoghi di partecipazione che \u201cincontrano-ascoltano-organizzano\u201d.<\/p>\n<p>Nell\u2019ottica di ridare centralit\u00e0 al territorio, dobbiamo tutti lavorare perch\u00e9 sia potenziata la politica dei servizi. Tagliando risorse ai Patronati da parte del Governo, le conseguenze sulla tutela dei diritti dei cittadini rischiano di essere gravissime. Non potremmo pi\u00f9 garantire un servizio gratuito a discapito dei lavoratori, disoccupati, pensionati, immigrati. Non vorremmo che, proprio nel 70\u00b0 anniversario dalla fondazione dell\u2019INCA, venisse cancellata l\u2019uguaglianza all\u2019accesso ai diritti.<\/p>\n<p>Se ogni anno poi il Governo ci costringe a tempi sempre pi\u00f9 ristretti per poter fornire l\u2019assistenza fiscale, questo non \u00e8 tanto un problema di natura organizzativa delle nostre societ\u00e0 fiscali, quanto e soprattutto una lesione del diritto di milioni di lavoratori e pensionati a ricevere un\u2019assistenza qualificata e competente a costi molto contenuti.<\/p>\n<p>Ripartendo dal territorio, con una prospettiva effettiva di cambiamento, dobbiamo restituire la dignit\u00e0 al lavoro e, per fare fronte ai mutamenti imposti dalla complessit\u00e0 della societ\u00e0, dobbiamo impegnarci nella contrattazione decentrata, territoriale e sociale inclusiva.<\/p>\n<p>\u00c8 necessario valorizzare adeguatamente percorso della contrattazione territoriale, molto di pi\u00f9 di quanto non si sia fatto finora, organizzando, quando si ritenga opportuno, assemblee unitarie che coinvolgano e informino la cittadinanza sui risultati positivi e anche negativi della negoziazione sociale. C\u2019\u00e8 tanto lavoro infatti che spesso non viene conosciuto e riconosciuto<\/p>\n<p>Le disuguaglianze lavorative richiedono di ricomporre il lavoro, rafforzando la contrattazione di secondo livello, di sito, di filiera, unificando nella rappresentanza e nella tutela le diverse figure lavorative che vi operano, per una maggiore inclusivit\u00e0.<\/p>\n<p>&nbsp;<\/p>\n<fb:like href='https:\/\/www.leccecronaca.it\/index.php\/2015\/06\/17\/la-conferenza-organizzativa-della-cgil-salvatore-arnesano-aumentare-la-rappresentanza-diminuire-le-diseguaglianza\/' send='true' layout='button_count' show_faces='true' width='450' height='65' action='recommend' colorscheme='light' font='lucida grande'><\/fb:like><span class=\"fb_share\"><fb:like href=\"https:\/\/www.leccecronaca.it\/index.php\/2015\/06\/17\/la-conferenza-organizzativa-della-cgil-salvatore-arnesano-aumentare-la-rappresentanza-diminuire-le-diseguaglianza\/\" layout=\"button_count\"><\/fb:like><\/span>","protected":false},"excerpt":{"rendered":"<p>(Rdl)______Sono in corso di svolgimento all&#8217; hotel Hilton di Lecce i lavori \u00a0della conferenza organizzativa territoriale della Cgil (nella foto). Pubblichiamo qui di seguito una sintesi dell&#8217; intervento svolto dal segretario generale Salvatore Arnesano______ Nell\u2019ultimi dieci anni il mondo del lavoro e, con esso la cultura stessa del lavoro e la sua percezione, hanno subito [&hellip;]<\/p>\n","protected":false},"author":4,"featured_media":52981,"comment_status":"open","ping_status":"closed","sticky":false,"template":"","format":"standard","meta":[],"categories":[76],"tags":[],"_links":{"self":[{"href":"https:\/\/www.leccecronaca.it\/index.php\/wp-json\/wp\/v2\/posts\/52979"}],"collection":[{"href":"https:\/\/www.leccecronaca.it\/index.php\/wp-json\/wp\/v2\/posts"}],"about":[{"href":"https:\/\/www.leccecronaca.it\/index.php\/wp-json\/wp\/v2\/types\/post"}],"author":[{"embeddable":true,"href":"https:\/\/www.leccecronaca.it\/index.php\/wp-json\/wp\/v2\/users\/4"}],"replies":[{"embeddable":true,"href":"https:\/\/www.leccecronaca.it\/index.php\/wp-json\/wp\/v2\/comments?post=52979"}],"version-history":[{"count":4,"href":"https:\/\/www.leccecronaca.it\/index.php\/wp-json\/wp\/v2\/posts\/52979\/revisions"}],"predecessor-version":[{"id":52985,"href":"https:\/\/www.leccecronaca.it\/index.php\/wp-json\/wp\/v2\/posts\/52979\/revisions\/52985"}],"wp:featuredmedia":[{"embeddable":true,"href":"https:\/\/www.leccecronaca.it\/index.php\/wp-json\/wp\/v2\/media\/52981"}],"wp:attachment":[{"href":"https:\/\/www.leccecronaca.it\/index.php\/wp-json\/wp\/v2\/media?parent=52979"}],"wp:term":[{"taxonomy":"category","embeddable":true,"href":"https:\/\/www.leccecronaca.it\/index.php\/wp-json\/wp\/v2\/categories?post=52979"},{"taxonomy":"post_tag","embeddable":true,"href":"https:\/\/www.leccecronaca.it\/index.php\/wp-json\/wp\/v2\/tags?post=52979"}],"curies":[{"name":"wp","href":"https:\/\/api.w.org\/{rel}","templated":true}]}}