{"id":53161,"date":"2015-06-20T14:11:25","date_gmt":"2015-06-20T12:11:25","guid":{"rendered":"http:\/\/www.leccecronaca.it\/?p=53161"},"modified":"2015-06-20T15:12:31","modified_gmt":"2015-06-20T13:12:31","slug":"fermato-dai-magistrati-un-altoforno-al-mostro-di-taranto-rosa-d-amato-ora-chiudiamo-l-intero-stabilimento-e-avviamo-una-riconversione-di-sviluppo-sostenibile","status":"publish","type":"post","link":"https:\/\/www.leccecronaca.it\/index.php\/2015\/06\/20\/fermato-dai-magistrati-un-altoforno-al-mostro-di-taranto-rosa-d-amato-ora-chiudiamo-l-intero-stabilimento-e-avviamo-una-riconversione-di-sviluppo-sostenibile\/","title":{"rendered":"FERMATO DAI MAGISTRATI UN ALTOFORNO AL MOSTRO DI TARANTO \/ ROSA D&#8217; AMATO: &#8220;Ora chiudiamo l&#8217; intero stabilimento e avviamo una riconversione di sviluppo sostenibile per tutto il territorio&#8221;"},"content":{"rendered":"<p><a href=\"https:\/\/www.leccecronaca.it\/wordpress\/wp-content\/uploads\/2015\/06\/11401342_10207084895230312_4847113302851269597_n.jpg\"><img decoding=\"async\" loading=\"lazy\" width=\"528\" height=\"960\" title=\"11401342_10207084895230312_4847113302851269597_n\" class=\"alignleft size-full wp-image-53168\" alt=\"\" src=\"https:\/\/www.leccecronaca.it\/wordpress\/wp-content\/uploads\/2015\/06\/11401342_10207084895230312_4847113302851269597_n.jpg\" srcset=\"https:\/\/www.leccecronaca.it\/wordpress\/wp-content\/uploads\/2015\/06\/11401342_10207084895230312_4847113302851269597_n.jpg 528w, https:\/\/www.leccecronaca.it\/wordpress\/wp-content\/uploads\/2015\/06\/11401342_10207084895230312_4847113302851269597_n-165x300.jpg 165w\" sizes=\"(max-width: 528px) 100vw, 528px\" \/><\/a>Dalla portavoce del M5S al parlamento europeo di Bruxelles (nella foto)\u00a0Rosa D&#8217; Amato riceviamo e volentieri pubblichiamo______<\/p>\n<p>Lo stabilimento Ilva di Taranto \u00e8 vicino al blocco. Il sequestro dell&#8217;altoforno, in cui \u00e8 avvenuto l&#8217;ultimo di una serie di incidenti mortali a danno dei lavoratori, (<strong>su leccecronaca.it abbiamo dato puntualmente pi\u00f9 notizie in merito nei giorni scorsi, ndr<\/strong>) potrebbe dare il colpo di grazia a un mostro che ha solo prodotto morte e inquinamento. Il governo Renzi ne prenda atto e fermi l&#8217;inutile e dispendioso piano &#8216;salva Ilva&#8217;. La cappa di impunit\u00e0 concessa da Renzi \u00e8 servita solo a mettere a rischio la vita di operai e il futuro della citt\u00e0. Se il governo ha davvero intenzione di destinare risorse per il bene di Taranto, chiuda lo stabilimento \u00e8 avvii un piano di riconversione industriale serio, incentrato sullo sviluppo sostenibile e sulle potenzialit\u00e0 del territorio.<\/p>\n<p>Il report Martin sul piano acciaio in discussione in commissione al parlamento\u00a0dell&#8217; Unione Europea\u00a0\u00e8 deficitario di una parte importante, quella relativa al rispetto delle direttive europee e dei trattati sulle emissioni inquinanti che gli impianti siderurgici devono rispettare pessidequamente essendo ad alto impatto su salute e sulle altre economie. Tale rispetto include anche scelte drastiche, ma necessarie di dismissioni degli impianti vetusti ed insostenibili sia dal punto i vista economico, sia da quello ambientale.<\/p>\n<p>Se davvero l`Europa vuole cambiare modello di sviluppo e non mirare sempre e solo alla crescita esponenziale dei consumi, delle merci, dei consumi energetici ma anche di consumi delle risorse naturali bisogna puntare su un modello di produzione energetica distribuita e non centralizzata e sempre da fonti rinnovabili, e quindi sempre pi\u00f9 avvezza all&#8217;uso di materiali innovativi e basata sull`economia circolare e sulla sharing economy in modo intenso.<\/p>\n<p>Usciamo dalla Seconda rivoluzione e abbracciamo con seriet\u00e0 e coraggio la Terza rivoluzione industriale.<\/p>\n<p>&nbsp;<\/p>\n<p>&nbsp;<\/p>\n<fb:like href='https:\/\/www.leccecronaca.it\/index.php\/2015\/06\/20\/fermato-dai-magistrati-un-altoforno-al-mostro-di-taranto-rosa-d-amato-ora-chiudiamo-l-intero-stabilimento-e-avviamo-una-riconversione-di-sviluppo-sostenibile\/' send='true' layout='button_count' show_faces='true' width='450' height='65' action='recommend' colorscheme='light' font='lucida grande'><\/fb:like><span class=\"fb_share\"><fb:like href=\"https:\/\/www.leccecronaca.it\/index.php\/2015\/06\/20\/fermato-dai-magistrati-un-altoforno-al-mostro-di-taranto-rosa-d-amato-ora-chiudiamo-l-intero-stabilimento-e-avviamo-una-riconversione-di-sviluppo-sostenibile\/\" layout=\"button_count\"><\/fb:like><\/span>","protected":false},"excerpt":{"rendered":"<p>Dalla portavoce del M5S al parlamento europeo di Bruxelles (nella foto)\u00a0Rosa D&#8217; Amato riceviamo e volentieri pubblichiamo______ Lo stabilimento Ilva di Taranto \u00e8 vicino al blocco. Il sequestro dell&#8217;altoforno, in cui \u00e8 avvenuto l&#8217;ultimo di una serie di incidenti mortali a danno dei lavoratori, (su leccecronaca.it abbiamo dato puntualmente pi\u00f9 notizie in merito nei giorni [&hellip;]<\/p>\n","protected":false},"author":4,"featured_media":53168,"comment_status":"open","ping_status":"closed","sticky":false,"template":"","format":"standard","meta":[],"categories":[36],"tags":[],"_links":{"self":[{"href":"https:\/\/www.leccecronaca.it\/index.php\/wp-json\/wp\/v2\/posts\/53161"}],"collection":[{"href":"https:\/\/www.leccecronaca.it\/index.php\/wp-json\/wp\/v2\/posts"}],"about":[{"href":"https:\/\/www.leccecronaca.it\/index.php\/wp-json\/wp\/v2\/types\/post"}],"author":[{"embeddable":true,"href":"https:\/\/www.leccecronaca.it\/index.php\/wp-json\/wp\/v2\/users\/4"}],"replies":[{"embeddable":true,"href":"https:\/\/www.leccecronaca.it\/index.php\/wp-json\/wp\/v2\/comments?post=53161"}],"version-history":[{"count":5,"href":"https:\/\/www.leccecronaca.it\/index.php\/wp-json\/wp\/v2\/posts\/53161\/revisions"}],"predecessor-version":[{"id":53167,"href":"https:\/\/www.leccecronaca.it\/index.php\/wp-json\/wp\/v2\/posts\/53161\/revisions\/53167"}],"wp:featuredmedia":[{"embeddable":true,"href":"https:\/\/www.leccecronaca.it\/index.php\/wp-json\/wp\/v2\/media\/53168"}],"wp:attachment":[{"href":"https:\/\/www.leccecronaca.it\/index.php\/wp-json\/wp\/v2\/media?parent=53161"}],"wp:term":[{"taxonomy":"category","embeddable":true,"href":"https:\/\/www.leccecronaca.it\/index.php\/wp-json\/wp\/v2\/categories?post=53161"},{"taxonomy":"post_tag","embeddable":true,"href":"https:\/\/www.leccecronaca.it\/index.php\/wp-json\/wp\/v2\/tags?post=53161"}],"curies":[{"name":"wp","href":"https:\/\/api.w.org\/{rel}","templated":true}]}}