{"id":53225,"date":"2015-06-26T09:56:30","date_gmt":"2015-06-26T07:56:30","guid":{"rendered":"http:\/\/www.leccecronaca.it\/?p=53225"},"modified":"2015-06-26T09:59:31","modified_gmt":"2015-06-26T07:59:31","slug":"quando-la-notte-non-e-fatta-per-dormire-ovvero-la-movida-che-disturba","status":"publish","type":"post","link":"https:\/\/www.leccecronaca.it\/index.php\/2015\/06\/26\/quando-la-notte-non-e-fatta-per-dormire-ovvero-la-movida-che-disturba\/","title":{"rendered":"QUANDO LA NOTTE NON E&#8217; FATTA PER DORMIRE. QUALCHE CONSIDERAZIONE SULLA &#8220;MOVIDA&#8221; CHE DISTURBA"},"content":{"rendered":"<p style=\"text-align: left;\" align=\"center\"><a href=\"https:\/\/www.leccecronaca.it\/wordpress\/wp-content\/uploads\/2015\/06\/foto-movida-parma-2.jpg\"><img decoding=\"async\" loading=\"lazy\" width=\"800\" height=\"600\" title=\"foto movida parma-2\" class=\"alignleft size-full wp-image-52886\" alt=\"\" src=\"https:\/\/www.leccecronaca.it\/wordpress\/wp-content\/uploads\/2015\/06\/foto-movida-parma-2.jpg\" srcset=\"https:\/\/www.leccecronaca.it\/wordpress\/wp-content\/uploads\/2015\/06\/foto-movida-parma-2.jpg 800w, https:\/\/www.leccecronaca.it\/wordpress\/wp-content\/uploads\/2015\/06\/foto-movida-parma-2-300x225.jpg 300w\" sizes=\"(max-width: 800px) 100vw, 800px\" \/><\/a>di <strong>Stefania Isola________<\/strong><br \/>\nEd ecco che ci risiamo.<br \/>\nCon l\u2019approssimarsi della bella stagione (ma anche molto prima direi) ritorna prepotente l\u2019annoso problema della difficile convivenza tra i residenti del centro storico e la movida della citt\u00e0 di Lecce.<\/p>\n<p>Inutile, perch\u00e9 ormai noto, ricordare il caso dell\u2019attore Gerard Depardieu che, dopo aver acquistato un appartamento nel cuore del centro storico, si \u00e8 visto costretto a presentare un esposto alla Procura della Repubblica causa dei rumori molesti che provenivano dai locali sottostanti, nonch\u00e9 l\u2019esistenza di un comitato di residenti il centro storico\u00a0 che hanno consegnato sia al Sindaco Paolo Perrone che al Prefetto Giuliana Perrotta (senza\u00a0 considerare le numerose richieste di intervento fatte al Comando di Polizia Municipale)<strong> <\/strong>un&#8217;istanza contro la movida incontrollata ed i danni fisici e psichici che subiscono quotidianamente.<\/p>\n<p>Fiumi di parole sono state spese, incontri tra<strong>\u00a0<\/strong>i residenti del centro storico di Lecce, amministrazione comunale, gestori dei locali riuniti in coordinamento autonomo e Confcommercio Lecce, durante i quali l\u2019unico unico punto fermo \u00e8 che le leggi ci sono ma \u00e8 necessario che le stesse vengano rispettate o fatte rispettare da chi \u00e8 preposto al controllo.<\/p>\n<p>A proposito delle leggi basti pensare allo stesso regolamento del Comune di Lecce inerente la vivibilit\u00e0, l\u2019igiene ed il pubblico decoro ( approvato con delibera del Consiglio comunale n. 100 del 18 dicembre 2014) che all\u2019articolo 5 stabilisce espressamente che \u201c<em>Per finalit\u00e0 di tutela della quiete pubblica e contenimento dell\u2019impatto acustico esterno e, fatte salve eventuali ulteriori limitazioni disposte dalla regolazione comunale settoriale, nell\u2019ambito del centro storico e nelle aree a prevalenza residenziale, come delimitate dalla vigente strumentazione urbanistica comunale, ogni esercente \u00e8 tenuto ad assicurare che i locali nei quali si svolge l&#8217;attivit\u00e0 siano strutturati in modo tale da evitare che suoni e rumori siano udibili all&#8217;esterno e che gli stessi siano contenuti nei limiti di legge. <strong>Laddove godano legittimamente di concessioni di suolo pubblico, si assicureranno che la clientela non tenga un atteggiamento rumoroso e pregiudizievole per la quiete. (\u2026\u2026..omissis).<\/strong> Gli orari di apertura e chiusura delle attivit\u00e0 commerciali e di somministrazione di alimenti e bevande, sono rimessi alla libera determinazione degli esercenti\u2026\u2026.. Tali orari, fatto salvo quanto specificato nel successivo comma 4, nell\u2019ambito dell\u2019area monumentale storica centrale, come delimitata dalla vigente strumentazione urbanistica (zone A1 e A2 NTA al PRG vigente), non potranno superare le ore 02,00 dalla domenica al gioved\u00ec e le ore 03.00 il venerd\u00ec, il sabato e i prefestivi.\u201d<\/em><\/p>\n<p>Lo stesso sembrerebbe non potersi dire dei controlli che nella maggior parte dei casi sono inefficienti o inesistenti dal momento che, come riferito da alcuni residenti, la risposta da parte della Polizia Municipale alle legittime chiamate di intervento (decisione che, alcuni hanno cominciato a chiedere dopo aver fatto diretti e quanto vani tentativi di dialogo con alcuni gestori di alcuni locali)\u00a0 \u00e8 da anni sempre la stessa \u201c<em>L\u2019unica pattuglia a disposizione \u00e8 impegnata<\/em>\u201d.<\/p>\n<p>Sia chiaro \u00e8 sacrosanto quanto affermato dal Prefetto Giuliana Perrotta, la quale, nell\u2019unico incontro concesso dalle istituzioni, ha dichiarato che la movida \u00a0\u00e8 la principale risorsa economica della citt\u00e0 ma \u00e8 anche sacrosanto garantire a chi vive nel centro storico che dai locali notturni (o meglio da quelli che non rispettano le regole) non derivino danni psico-fisici dovuti alla perdita del sonno e del riposo e di stati di stress e disturbi auricolari che <strong>potrebbero e dovrebbero<\/strong> preoccupare e <strong>non poco<\/strong> le istituzioni nel caso in cui le stesse non dovessero intervenire (si pensi ad un\u2019eventuale azione di risarcimento danni con relativa denunci per omissione).<\/p>\n<p>L\u2019annoso questione va avanti ormai da diversi anni ma sembra che nessuno voglia intervenire concretamente nonostante all\u2019orizzonte si profilino, almeno per quanto \u00e8 a conoscenza dell&#8217; <strong>Associazione di Consumatori<\/strong>, una serie di azioni, (in primis denunce penali \u201calla Gerard Depardieu\u201d)\u00a0 individuali e collettive da parte di alcuni residenti, che potrebbero trovare pacifico accoglimento in considerazione di un recente orientamento della Cassazione Civile (che guarda caso parte proprio da una denuncia presentata da un residente della provincia di Lecce) secondo il quale, \u201c<em>ai fini della configurabilit\u00e0 della contravvenzione di cui all\u2019art. 659 comma 1 cp. \u00e8 necessario che le emissioni sonore siano potenzialmente idonee a disturbare il riposo o le occupazioni di un numero indeterminato di persone anche prescindendo da un eventuale consulenza fonometrica s\u00ec che risulti che, per le modalit\u00e0 di propagazione, la fonte sonora emetta rumori fastidiosi di intensit\u00e0 tale da superare i limiti di normale tollerabilit\u00e0, riferita alle media sensibilit\u00e0 delle persone che vivono nell\u2019ambiente, in contrasto con la tutela delle tranquillit\u00e0 pubblica costituzionalmente protetta.<\/em>\u201d<\/p>\n<p>Tempi duri quindi si preannunciano per i gestori i pubblici esercenti del centro storico anche se un po\u2019 di comprensione e di rispetto delle norme, in primis di civilt\u00e0, farebbe risparmiare a tutti tempo, soldi e carte bollate.<\/p>\n<p>&nbsp;<\/p>\n<p>&nbsp;<\/p>\n<p>&nbsp;<\/p>\n<p>&nbsp;<\/p>\n<fb:like href='https:\/\/www.leccecronaca.it\/index.php\/2015\/06\/26\/quando-la-notte-non-e-fatta-per-dormire-ovvero-la-movida-che-disturba\/' send='true' layout='button_count' show_faces='true' width='450' height='65' action='recommend' colorscheme='light' font='lucida grande'><\/fb:like><span class=\"fb_share\"><fb:like href=\"https:\/\/www.leccecronaca.it\/index.php\/2015\/06\/26\/quando-la-notte-non-e-fatta-per-dormire-ovvero-la-movida-che-disturba\/\" layout=\"button_count\"><\/fb:like><\/span>","protected":false},"excerpt":{"rendered":"<p>di Stefania Isola________ Ed ecco che ci risiamo. Con l\u2019approssimarsi della bella stagione (ma anche molto prima direi) ritorna prepotente l\u2019annoso problema della difficile convivenza tra i residenti del centro storico e la movida della citt\u00e0 di Lecce. Inutile, perch\u00e9 ormai noto, ricordare il caso dell\u2019attore Gerard Depardieu che, dopo aver acquistato un appartamento nel [&hellip;]<\/p>\n","protected":false},"author":4,"featured_media":52886,"comment_status":"open","ping_status":"closed","sticky":false,"template":"","format":"standard","meta":[],"categories":[1],"tags":[],"_links":{"self":[{"href":"https:\/\/www.leccecronaca.it\/index.php\/wp-json\/wp\/v2\/posts\/53225"}],"collection":[{"href":"https:\/\/www.leccecronaca.it\/index.php\/wp-json\/wp\/v2\/posts"}],"about":[{"href":"https:\/\/www.leccecronaca.it\/index.php\/wp-json\/wp\/v2\/types\/post"}],"author":[{"embeddable":true,"href":"https:\/\/www.leccecronaca.it\/index.php\/wp-json\/wp\/v2\/users\/4"}],"replies":[{"embeddable":true,"href":"https:\/\/www.leccecronaca.it\/index.php\/wp-json\/wp\/v2\/comments?post=53225"}],"version-history":[{"count":6,"href":"https:\/\/www.leccecronaca.it\/index.php\/wp-json\/wp\/v2\/posts\/53225\/revisions"}],"predecessor-version":[{"id":53227,"href":"https:\/\/www.leccecronaca.it\/index.php\/wp-json\/wp\/v2\/posts\/53225\/revisions\/53227"}],"wp:featuredmedia":[{"embeddable":true,"href":"https:\/\/www.leccecronaca.it\/index.php\/wp-json\/wp\/v2\/media\/52886"}],"wp:attachment":[{"href":"https:\/\/www.leccecronaca.it\/index.php\/wp-json\/wp\/v2\/media?parent=53225"}],"wp:term":[{"taxonomy":"category","embeddable":true,"href":"https:\/\/www.leccecronaca.it\/index.php\/wp-json\/wp\/v2\/categories?post=53225"},{"taxonomy":"post_tag","embeddable":true,"href":"https:\/\/www.leccecronaca.it\/index.php\/wp-json\/wp\/v2\/tags?post=53225"}],"curies":[{"name":"wp","href":"https:\/\/api.w.org\/{rel}","templated":true}]}}