{"id":53566,"date":"2015-06-25T13:44:59","date_gmt":"2015-06-25T11:44:59","guid":{"rendered":"http:\/\/www.leccecronaca.it\/?p=53566"},"modified":"2015-06-26T09:28:54","modified_gmt":"2015-06-26T07:28:54","slug":"per-salvare-le-palme-mobilitazione-contro-il-monopolio-di-syngenta","status":"publish","type":"post","link":"https:\/\/www.leccecronaca.it\/index.php\/2015\/06\/25\/per-salvare-le-palme-mobilitazione-contro-il-monopolio-di-syngenta\/","title":{"rendered":"UNA RIUNIONE IN FRANCIA: &#8220;Per salvare le palme, mobilitazione contro il monopolio di Syngenta&#8221;"},"content":{"rendered":"<p><span style=\"font-family: 'Times New Roman'; font-size: small;\"><a href=\"https:\/\/www.leccecronaca.it\/wordpress\/wp-content\/uploads\/2015\/06\/punteruolo-rosso.jpg\"><img decoding=\"async\" loading=\"lazy\" width=\"260\" height=\"300\" title=\"punteruolo-rosso\" class=\"alignleft size-medium wp-image-53567\" alt=\"\" src=\"https:\/\/www.leccecronaca.it\/wordpress\/wp-content\/uploads\/2015\/06\/punteruolo-rosso-260x300.jpg\" srcset=\"https:\/\/www.leccecronaca.it\/wordpress\/wp-content\/uploads\/2015\/06\/punteruolo-rosso-260x300.jpg 260w, https:\/\/www.leccecronaca.it\/wordpress\/wp-content\/uploads\/2015\/06\/punteruolo-rosso.jpg 500w\" sizes=\"(max-width: 260px) 100vw, 260px\" \/><\/a><\/span><\/p>\n<p>Riceviamo e volentieri pubblichiamo______Venerd\u00ec 26 giugno si terr\u00e0 a Hy\u00e8res Les Palmiers, in Francia, sulla Costa Azzurra (Chapiteau de la Villette, Espace 3000, Rond Point du 18 Juin 1940) un&#8217;importante riunione &#8211; mobilitazione per riuscire a mettere finalmente in atto una strategia di lotta integrata per l&#8217;eradicazione del punteruolo rosso della Palma, che sta devastando il paesaggio storico inestimabile della riviera franco italiana.<\/p>\n<p>&nbsp;<\/p>\n<p>Alle 17 Michel Ferry (INRA France), massimo esperto in materia, presenter\u00e0 la strategia e le tecniche da lui messe a punto presso la stazione Phoenix di Elche e spiegher\u00e0 le ragioni della mobilitazione contro la multinazionale Syngenta, che detiene il monopolio sul trattamento.<\/p>\n<p>&nbsp;<\/p>\n<p>La riunione \u00e8 organizzata dal &#8220;collectif m\u00e9diterran\u00e9en pour la sauvegarde des palmiers&#8221; una rete transfrontaliera, fondata a Hy\u00e8res, che per ora vede presenze da Francia, Italia, Spagna e Tunisia.<\/p>\n<p>Presidente ad honorem del collettivo \u00e8 Pierre Berg\u00e9, fondazione Pierre Berg\u00e9- Yves Saint Laurent.<\/p>\n<p>&nbsp;<\/p>\n<p>&nbsp;<\/p>\n<p>Alla riunione interverr\u00e0 anche Giovanni D&#8217;Agata, presidente dell&#8217; associazione &#8216;Sportello dei diritti&#8217;, che aprir\u00e0 un&#8217;importante finestra sulla salvaguardia degli ulivi alla luce di quanto sta accadendo nel Salento ed in Puglia per combattere il male silenzioso che sta facendo disseccare quello che \u00e8 considerato un vero e proprio patrimonio di un intero territorio: l&#8217;albero di ulivo.<\/p>\n<p>&nbsp;<\/p>\n<p>&nbsp;<\/p>\n<fb:like href='https:\/\/www.leccecronaca.it\/index.php\/2015\/06\/25\/per-salvare-le-palme-mobilitazione-contro-il-monopolio-di-syngenta\/' send='true' layout='button_count' show_faces='true' width='450' height='65' action='recommend' colorscheme='light' font='lucida grande'><\/fb:like><span class=\"fb_share\"><fb:like href=\"https:\/\/www.leccecronaca.it\/index.php\/2015\/06\/25\/per-salvare-le-palme-mobilitazione-contro-il-monopolio-di-syngenta\/\" layout=\"button_count\"><\/fb:like><\/span>","protected":false},"excerpt":{"rendered":"<p>Riceviamo e volentieri pubblichiamo______Venerd\u00ec 26 giugno si terr\u00e0 a Hy\u00e8res Les Palmiers, in Francia, sulla Costa Azzurra (Chapiteau de la Villette, Espace 3000, Rond Point du 18 Juin 1940) un&#8217;importante riunione &#8211; mobilitazione per riuscire a mettere finalmente in atto una strategia di lotta integrata per l&#8217;eradicazione del punteruolo rosso della Palma, che sta devastando [&hellip;]<\/p>\n","protected":false},"author":4,"featured_media":53567,"comment_status":"open","ping_status":"closed","sticky":false,"template":"","format":"standard","meta":[],"categories":[36],"tags":[],"_links":{"self":[{"href":"https:\/\/www.leccecronaca.it\/index.php\/wp-json\/wp\/v2\/posts\/53566"}],"collection":[{"href":"https:\/\/www.leccecronaca.it\/index.php\/wp-json\/wp\/v2\/posts"}],"about":[{"href":"https:\/\/www.leccecronaca.it\/index.php\/wp-json\/wp\/v2\/types\/post"}],"author":[{"embeddable":true,"href":"https:\/\/www.leccecronaca.it\/index.php\/wp-json\/wp\/v2\/users\/4"}],"replies":[{"embeddable":true,"href":"https:\/\/www.leccecronaca.it\/index.php\/wp-json\/wp\/v2\/comments?post=53566"}],"version-history":[{"count":3,"href":"https:\/\/www.leccecronaca.it\/index.php\/wp-json\/wp\/v2\/posts\/53566\/revisions"}],"predecessor-version":[{"id":53636,"href":"https:\/\/www.leccecronaca.it\/index.php\/wp-json\/wp\/v2\/posts\/53566\/revisions\/53636"}],"wp:featuredmedia":[{"embeddable":true,"href":"https:\/\/www.leccecronaca.it\/index.php\/wp-json\/wp\/v2\/media\/53567"}],"wp:attachment":[{"href":"https:\/\/www.leccecronaca.it\/index.php\/wp-json\/wp\/v2\/media?parent=53566"}],"wp:term":[{"taxonomy":"category","embeddable":true,"href":"https:\/\/www.leccecronaca.it\/index.php\/wp-json\/wp\/v2\/categories?post=53566"},{"taxonomy":"post_tag","embeddable":true,"href":"https:\/\/www.leccecronaca.it\/index.php\/wp-json\/wp\/v2\/tags?post=53566"}],"curies":[{"name":"wp","href":"https:\/\/api.w.org\/{rel}","templated":true}]}}