{"id":53758,"date":"2015-06-26T19:27:12","date_gmt":"2015-06-26T17:27:12","guid":{"rendered":"http:\/\/www.leccecronaca.it\/?p=53758"},"modified":"2015-06-26T19:31:30","modified_gmt":"2015-06-26T17:31:30","slug":"o-klama-di-calimera-per-la-morte-di-franco-corliano","status":"publish","type":"post","link":"https:\/\/www.leccecronaca.it\/index.php\/2015\/06\/26\/o-klama-di-calimera-per-la-morte-di-franco-corliano\/","title":{"rendered":"O KLAMA DI CALIMERA PER LA MORTE DI FRANCO CORLIANO&#8217;, STUDIOSO E POETA DEL GRIKO \/ IL VOCABOLARIO LA SUA OPERA PIU&#8217; IMPORTANTE, UNA CANZONE PICCOLA TRAGEDIA QUELLA PIU&#8217; FAMOSA"},"content":{"rendered":"<p><a href=\"https:\/\/www.leccecronaca.it\/wordpress\/wp-content\/uploads\/2015\/06\/1.jpg\"><img decoding=\"async\" loading=\"lazy\" width=\"320\" height=\"240\" title=\"1\" class=\"alignleft size-full wp-image-53759\" alt=\"\" src=\"https:\/\/www.leccecronaca.it\/wordpress\/wp-content\/uploads\/2015\/06\/1.jpg\" srcset=\"https:\/\/www.leccecronaca.it\/wordpress\/wp-content\/uploads\/2015\/06\/1.jpg 320w, https:\/\/www.leccecronaca.it\/wordpress\/wp-content\/uploads\/2015\/06\/1-300x225.jpg 300w\" sizes=\"(max-width: 320px) 100vw, 320px\" \/><\/a>(Rdl)______E&#8217; morto oggi a Calimera, dopo breve malattia, Franco Corlian\u00f2. Aveva 67 anni. Di lavoro, macchinista ferroviere, in arte poeta e pittore salentino di lingua &#8220;griko&#8221;. Esperto traduttore, a lui si deve il vocabolario specifico,\u00a0testimonianza fondamentale.\u00a0Fu attivo anche nella raccolta di materiale linguistico della tradizione popolare come canti, proverbi e racconti.<\/p>\n<p>L&#8217; amministrazione comunale ha proclamato il lutto cittadino.<\/p>\n<p>I funerali avranno luogo sabato alle 16.30 alla Chiesa Madre______<\/p>\n<p>&nbsp;<\/p>\n<p><a href=\"https:\/\/www.leccecronaca.it\/wordpress\/wp-content\/uploads\/2015\/06\/klama.jpg\"><img decoding=\"async\" loading=\"lazy\" width=\"400\" height=\"338\" title=\"klama\" class=\"alignleft size-full wp-image-53760\" alt=\"\" src=\"https:\/\/www.leccecronaca.it\/wordpress\/wp-content\/uploads\/2015\/06\/klama.jpg\" srcset=\"https:\/\/www.leccecronaca.it\/wordpress\/wp-content\/uploads\/2015\/06\/klama.jpg 400w, https:\/\/www.leccecronaca.it\/wordpress\/wp-content\/uploads\/2015\/06\/klama-300x253.jpg 300w\" sizes=\"(max-width: 400px) 100vw, 400px\" \/><\/a>Ecco il suo testo pi\u00f9 famoso. (nella foto, il relativo dipinto che\u00a0egli stesso ne\u00a0ricav\u00f2). Si chiama &#8220;O klama i jineka u emigrantu&#8221;, ovvero &#8220;Il pianto\u00a0della moglie dell&#8217;emigrante&#8221;; ma, comunemente, il titolo \u00e8 abbreviato in &#8220;Klama&#8221; e tutti la conoscono come &#8220;Andramu pai&#8221;, cio\u00e8 &#8220;Mio marito se ne va&#8221;.<\/p>\n<p>La canta la moglie di un emigrante (Partono gli emigranti, partono per l&#8217;Europa; Mio padre aveva un treno, e terra dove andare&#8230;).<\/p>\n<p>Un &#8220;tra\u00f9di&#8221; (greco standard: \u03c4\u03c1\u03b1\u03b3\u03bf\u03cd\u03b4\u03b9, canzone, dall&#8217;antico \u03c4\u03c1\u03b1\u03b3\u1ff3\u03b4\u03af\u03bf\u03bd; in greco una &#8220;canzone&#8221; \u00e8 una &#8220;piccola tragedia&#8221; in s\u00e9, piccola non come aspetto, ma come dimensioni metriche) che ebbe un grande successo non solo nel Salento, ma persino in Grecia stessa. La riprese e la cant\u00f2 una delle pi\u00f9 grandi cantanti di quel paese, Maria Farandouri.<\/p>\n<p>Telo na mbriakeft\u00f2.. na mi&#8217; ppensefso,<\/p>\n<p>na klafso ce na jelaso telo artevr\u00e0i;<\/p>\n<p>ma mali rr\u00e0ggia ev\u00f2 e&#8217; nna kantaliso,<\/p>\n<p>sto fengo e&#8217; nna fonaso: o andramu pai!<\/p>\n<p>Fsunn\u00ecsete, fsunn\u00ecsete, jin\u00e8ke!<\/p>\n<p>Dell\u00e0ste ett\u00f9 na kl\u00e0fsete ma mena!<\/p>\n<p>M\u00ecnamo manech\u00e8-mma, di\u00e0ike o A&#8217; Vrizie<\/p>\n<p>Ce e antr\u00f2pi ste&#8217; mas pane ess&#8217;ena ss&#8217;ena!<\/p>\n<p>E antr\u00f2pi ste&#8217; mas pane, ste&#8217; ttar\u00e0ssune!<\/p>\n<p>N&#8217;arti kal\u00ec &#8216;us tor\u00f9me ett\u00f9 s&#8217;ena chrono!<\/p>\n<p>\u00e8&#8217; tui e zo\u00ec-mma? \u00e8&#8217; tui e zo\u00ec, Krist\u00e8-mu?<\/p>\n<p>Mas pa&#8217; &#8216;c\u00ec sti Germania kl\u00e8onta ma pono!<\/p>\n<p>Mara &#8216;s emena, ttech\u00f9ddhia itta ped\u00e0cia<\/p>\n<p>Tor\u00f9 to tata mia for\u00e0 to chrono:<\/p>\n<p>&#8211; Tata, jat\u00ec ste&#8217; klei? Ene o A&#8217; Vrizio!<\/p>\n<p>Kuse ti banda, kuse ti \u00f2rrio sono!<\/p>\n<p>-Ste kuo ti banda ce ste kuo itto sono,<\/p>\n<p>steo ett\u00f9 ma &#8216;s\u00e0 ce ste penseo sto treno,<\/p>\n<p>penseo sto skotin\u00f2 citti miniera<\/p>\n<p>pu polem\u00f2nta ec\u00ec peseni o jeno!<\/p>\n<p>-Tata, jat\u00ec e&#8217; nna pai? Pemma, jat\u00ec<\/p>\n<p>-Jat\u00ec tui ene e zo\u00ec, mara ped\u00eca:<\/p>\n<p>O ttech\u00f9ddhi polem\u00e0 ce tronni<\/p>\n<p>na lipariasi &#8216;us patrunu m&#8217;utti fat\u00eca!<\/p>\n<p>Mara &#8216;sem\u00e0, dellaste ett\u00f9 ped\u00eca,<\/p>\n<p>dellaste, ngotanizzome ttum\u00e8sa;<\/p>\n<p>o tata pirte ce &#8216;m\u00ec prakalume<\/p>\n<p>na ftasi lion lustro puru ja &#8216;m\u00e0!<\/p>\n<p>PIANTO<\/p>\n<p>[Mio marito se ne va]<\/p>\n<p>Voglio ubriacarmi&#8230; per non pensare,<\/p>\n<p>piangere e ridere voglio stasera,<\/p>\n<p>con grande rabbia io devo cantare,<\/p>\n<p>alla luna devo gridare: mio marito se ne va!<\/p>\n<p>Svegliatevi, donne, svegliatevi!<\/p>\n<p>Venite a piangere con me!<\/p>\n<p>Siamo rimaste sole, la festa di San Brizio \u00e8 passata<\/p>\n<p>e gli uomini se ne vanno uno ad uno!<\/p>\n<p>Gli uomini se ne vanno, stanno partendo!<\/p>\n<p>Se andr\u00e0 bene li rivedremo fra un anno!<\/p>\n<p>\u00e8 questa la vita nostra? Questa \u00e8 vita, mio Dio?<\/p>\n<p>Vanno in Germania piangendo con dolore!<\/p>\n<p>Povera me, poveri quei bambini!<\/p>\n<p>Vedono il loro pap\u00e0 una volta all&#8217;anno:<\/p>\n<p>&#8211; Perch\u00e9 piangi pap\u00e0? E&#8217; San Brizio!<\/p>\n<p>Senti la banda, senti che bel suono!<\/p>\n<p>&#8211; Sento la banda e sento questa musica,<\/p>\n<p>sto qui con voi ma penso al treno,<\/p>\n<p>penso al buio di quella miniera,<\/p>\n<p>l\u00e0 dove la gente muore al lavoro.<\/p>\n<p>&#8211; Pap\u00e0, perch\u00e9 devi andare? Dimmi, perch\u00e9?<\/p>\n<p>&#8211; Perch\u00e9 questa \u00e8 la vita, poveri ragazzi:<\/p>\n<p>il poverello lavora e suda<\/p>\n<p>per ingrassare i padroni con il suo lavoro!<\/p>\n<p>&#8211; Poveri noi, venite qui bambini,<\/p>\n<p>venite, inginocchiamoci a terra;<\/p>\n<p>il pap\u00e0 \u00e8 andato via e noi preghiamo<\/p>\n<p>che arrivi un po&#8217; di luce anche per noi!<\/p>\n<p>&nbsp;<\/p>\n<fb:like href='https:\/\/www.leccecronaca.it\/index.php\/2015\/06\/26\/o-klama-di-calimera-per-la-morte-di-franco-corliano\/' send='true' layout='button_count' show_faces='true' width='450' height='65' action='recommend' colorscheme='light' font='lucida grande'><\/fb:like><span class=\"fb_share\"><fb:like href=\"https:\/\/www.leccecronaca.it\/index.php\/2015\/06\/26\/o-klama-di-calimera-per-la-morte-di-franco-corliano\/\" layout=\"button_count\"><\/fb:like><\/span>","protected":false},"excerpt":{"rendered":"<p>(Rdl)______E&#8217; morto oggi a Calimera, dopo breve malattia, Franco Corlian\u00f2. Aveva 67 anni. Di lavoro, macchinista ferroviere, in arte poeta e pittore salentino di lingua &#8220;griko&#8221;. Esperto traduttore, a lui si deve il vocabolario specifico,\u00a0testimonianza fondamentale.\u00a0Fu attivo anche nella raccolta di materiale linguistico della tradizione popolare come canti, proverbi e racconti. L&#8217; amministrazione comunale ha [&hellip;]<\/p>\n","protected":false},"author":4,"featured_media":0,"comment_status":"open","ping_status":"closed","sticky":false,"template":"","format":"standard","meta":[],"categories":[31],"tags":[],"_links":{"self":[{"href":"https:\/\/www.leccecronaca.it\/index.php\/wp-json\/wp\/v2\/posts\/53758"}],"collection":[{"href":"https:\/\/www.leccecronaca.it\/index.php\/wp-json\/wp\/v2\/posts"}],"about":[{"href":"https:\/\/www.leccecronaca.it\/index.php\/wp-json\/wp\/v2\/types\/post"}],"author":[{"embeddable":true,"href":"https:\/\/www.leccecronaca.it\/index.php\/wp-json\/wp\/v2\/users\/4"}],"replies":[{"embeddable":true,"href":"https:\/\/www.leccecronaca.it\/index.php\/wp-json\/wp\/v2\/comments?post=53758"}],"version-history":[{"count":5,"href":"https:\/\/www.leccecronaca.it\/index.php\/wp-json\/wp\/v2\/posts\/53758\/revisions"}],"predecessor-version":[{"id":53763,"href":"https:\/\/www.leccecronaca.it\/index.php\/wp-json\/wp\/v2\/posts\/53758\/revisions\/53763"}],"wp:attachment":[{"href":"https:\/\/www.leccecronaca.it\/index.php\/wp-json\/wp\/v2\/media?parent=53758"}],"wp:term":[{"taxonomy":"category","embeddable":true,"href":"https:\/\/www.leccecronaca.it\/index.php\/wp-json\/wp\/v2\/categories?post=53758"},{"taxonomy":"post_tag","embeddable":true,"href":"https:\/\/www.leccecronaca.it\/index.php\/wp-json\/wp\/v2\/tags?post=53758"}],"curies":[{"name":"wp","href":"https:\/\/api.w.org\/{rel}","templated":true}]}}