{"id":53850,"date":"2015-06-28T20:40:35","date_gmt":"2015-06-28T18:40:35","guid":{"rendered":"http:\/\/www.leccecronaca.it\/?p=53850"},"modified":"2015-06-28T20:41:26","modified_gmt":"2015-06-28T18:41:26","slug":"taranto-di-nuovo-in-piazza-contro-il-mostro","status":"publish","type":"post","link":"https:\/\/www.leccecronaca.it\/index.php\/2015\/06\/28\/taranto-di-nuovo-in-piazza-contro-il-mostro\/","title":{"rendered":"TARANTO DI NUOVO IN PIAZZA CONTRO IL MOSTRO"},"content":{"rendered":"<p><a href=\"https:\/\/www.leccecronaca.it\/wordpress\/wp-content\/uploads\/2015\/06\/img1024-700_dettaglio2_Ilva-Taranto1.jpg\"><img decoding=\"async\" loading=\"lazy\" width=\"300\" height=\"225\" title=\"img1024-700_dettaglio2_Ilva-Taranto\" class=\"alignleft size-medium wp-image-53852\" alt=\"\" src=\"https:\/\/www.leccecronaca.it\/wordpress\/wp-content\/uploads\/2015\/06\/img1024-700_dettaglio2_Ilva-Taranto1-300x225.jpg\" srcset=\"https:\/\/www.leccecronaca.it\/wordpress\/wp-content\/uploads\/2015\/06\/img1024-700_dettaglio2_Ilva-Taranto1-300x225.jpg 300w, https:\/\/www.leccecronaca.it\/wordpress\/wp-content\/uploads\/2015\/06\/img1024-700_dettaglio2_Ilva-Taranto1.jpg 1024w\" sizes=\"(max-width: 300px) 100vw, 300px\" \/><\/a>(Rdl)______<strong>Marted\u00ec 30 giugno, alle ore 19.30, a Taranto,<\/strong> con partenza da <strong>piazza Democrate<\/strong>, ci sar\u00e0 una fiaccolata di protesta contro il &#8220;mostro&#8221;. Le ragioni della manifestazione sono espresse in una nota diffusa dall&#8217; associazione <strong>&#8220;Officine tarantine<\/strong>&#8220;, che qui di seguito riportiamo integralmente______<\/p>\n<p>La Procura di Taranto ha disposto il sequestro, senza facolt\u00e0 d&#8217;uso, dell&#8217;altoforno 2 dell&#8217;Ilva, il reparto in cui l&#8217;8 giugno scorso ha subito un terribile incidente, mentre misurava la temperatura della ghisa, l&#8217;operaio 35enne Alessandro Morricella, morto dopo quattro giorni per le gravi ustioni riportate sul 90 per cento del corpo.<\/p>\n<p>Questo provvedimento \u00e8 indicativo della condizione di insostenibilit\u00e0 nella quale versa lo stabilimento, sia dal punto di vista della sicurezza dei lavoratori, che per quanto riguarda la qualit\u00e0 della vita degli abitanti della citt\u00e0. La morte di Alessandro \u00e8 la quinta avvenuta dentro lo stabilimento negli ultimi tre anni, dai giorni del sequestro del Luglio 2012: Angelo Iodice, Claudio Marsella, Ciro Moccia e Francesco Zaccaria rappresentano altri omicidi di Stato.<\/p>\n<p>In una situazione nella quale l\u2019esposizione a rischi e danni ambientali e sanitari \u00e8 tutt\u2019ora presente, sia per chi lavora all\u2019interno della fabbrica che per chi vive a Taranto e nei territori circostanti, \u00e8 necessario che la citt\u00e0 torni protagonista delle scelte che la riguardano.<\/p>\n<p>Sarebbe infatti intollerabile che l\u2019ennesimo incidente mortale che ha coinvolto l\u2019ennesima giovane vita travolta da questo sistema di produzione insostenibile e ingiusto rimanga sotto silenzio.<\/p>\n<p>I decreti disposti in questi anni, con il beneplacito della Corte Costituzionale, sono stati fatti solo a garanzia produttiva per i creditori dello stabilimento, banche in primis. Nel frattempo solo briciole per Taranto rispetto agli 8 miliardi di euro previsti per bonificare. Anche l&#8217;eventuale e improbabile realizzazione dell&#8217;Aia aumenter\u00e0 il rischio sanitario per 12 mila persone.<\/p>\n<p>Qual \u00e8 il prezzo in vite umane, dentro e fuori la fabbrica, che la citt\u00e0 di Taranto deve ancora pagare? Non esiste una soglia, neppur minima, di danno ambientale e sociale che riteniamo accettabile. Bisogna, con forza, azzerare ogni tipo di rischio ambientale che circonda la citt\u00e0: \u00e8 troppo alto il prezzo pagato, in questi lunghi decenni, dalla popolazione e dai lavoratori. Esigiamo interventi veloci, netti e irreversibili, che fermino gli impianti e la produzione, nell\u2019ottica dell\u2019azzeramento delle fonti inquinanti e di un processo di riconversione ecologica della citt\u00e0, che consenta alla fasce pi\u00f9 emarginate ed impoverite della popolazione di avere finalmente un livello di vita dignitoso.<\/p>\n<p>Non \u00e8 pi\u00f9 tollerabile che fondamentali provvedimenti che ci riguardino vengano decisi senza interpellare la citt\u00e0, al fine di conseguire interessi incompatibili con la qualit\u00e0 della vita delle cittadine e dei cittadini.<\/p>\n<p>Quante morti e quanti incidenti sono ancora necessarie per rendersi conto che il futuro di questa citt\u00e0 \u00e8 incompatibile con questa fabbrica? Quante malattie e sofferenza devono ancora essere tributate al mostro d\u2019acciaio prima di congedarsi definitivamente con questo modello di sviluppo inumano e insostenibile?<\/p>\n<p>Azzerare l\u2019esposizione ai rischi e danni ambientali, chiudere tutte le fonti inquinanti, bonificare dentro e fuori lo stabilimento con il controllo della popolazione, mobilitarsi per pretendere un futuro dignitoso per tutti coloro che vivono in citt\u00e0 e per chi lavora in fabbrica: \u00e8 questo l\u2019unico programma di intervento politico compatibile con la qualit\u00e0 della vita e le legittime aspettative di chi ha gi\u00e0 troppo sofferto per le ragioni della produzione nazionale.<\/p>\n<p>&nbsp;<\/p>\n<p>Diamo appuntamento a tutti i cittadini Marted\u00ec 30 Giugno alle ore 19.30 presso Piazzale Democrate, per una fiaccolata che si diriger\u00e0 verso l&#8217;ingresso dello stabilimento Ilva con l&#8217;intento di prendere parola e confrontarsi con i lavoratori.<\/p>\n<p>Crediamo quella data sia simbolica perch\u00e9 precede l&#8217;udienza preliminare del processo Ambiente Svenduto di Mercoled\u00ec 1 Luglio, la prima dopo il recente arresto di Fabio Riva.<\/p>\n<p>&nbsp;<\/p>\n<fb:like href='https:\/\/www.leccecronaca.it\/index.php\/2015\/06\/28\/taranto-di-nuovo-in-piazza-contro-il-mostro\/' send='true' layout='button_count' show_faces='true' width='450' height='65' action='recommend' colorscheme='light' font='lucida grande'><\/fb:like><span class=\"fb_share\"><fb:like href=\"https:\/\/www.leccecronaca.it\/index.php\/2015\/06\/28\/taranto-di-nuovo-in-piazza-contro-il-mostro\/\" layout=\"button_count\"><\/fb:like><\/span>","protected":false},"excerpt":{"rendered":"<p>(Rdl)______Marted\u00ec 30 giugno, alle ore 19.30, a Taranto, con partenza da piazza Democrate, ci sar\u00e0 una fiaccolata di protesta contro il &#8220;mostro&#8221;. Le ragioni della manifestazione sono espresse in una nota diffusa dall&#8217; associazione &#8220;Officine tarantine&#8220;, che qui di seguito riportiamo integralmente______ La Procura di Taranto ha disposto il sequestro, senza facolt\u00e0 d&#8217;uso, dell&#8217;altoforno 2 [&hellip;]<\/p>\n","protected":false},"author":4,"featured_media":53852,"comment_status":"open","ping_status":"closed","sticky":false,"template":"","format":"standard","meta":[],"categories":[69],"tags":[],"_links":{"self":[{"href":"https:\/\/www.leccecronaca.it\/index.php\/wp-json\/wp\/v2\/posts\/53850"}],"collection":[{"href":"https:\/\/www.leccecronaca.it\/index.php\/wp-json\/wp\/v2\/posts"}],"about":[{"href":"https:\/\/www.leccecronaca.it\/index.php\/wp-json\/wp\/v2\/types\/post"}],"author":[{"embeddable":true,"href":"https:\/\/www.leccecronaca.it\/index.php\/wp-json\/wp\/v2\/users\/4"}],"replies":[{"embeddable":true,"href":"https:\/\/www.leccecronaca.it\/index.php\/wp-json\/wp\/v2\/comments?post=53850"}],"version-history":[{"count":2,"href":"https:\/\/www.leccecronaca.it\/index.php\/wp-json\/wp\/v2\/posts\/53850\/revisions"}],"predecessor-version":[{"id":53854,"href":"https:\/\/www.leccecronaca.it\/index.php\/wp-json\/wp\/v2\/posts\/53850\/revisions\/53854"}],"wp:featuredmedia":[{"embeddable":true,"href":"https:\/\/www.leccecronaca.it\/index.php\/wp-json\/wp\/v2\/media\/53852"}],"wp:attachment":[{"href":"https:\/\/www.leccecronaca.it\/index.php\/wp-json\/wp\/v2\/media?parent=53850"}],"wp:term":[{"taxonomy":"category","embeddable":true,"href":"https:\/\/www.leccecronaca.it\/index.php\/wp-json\/wp\/v2\/categories?post=53850"},{"taxonomy":"post_tag","embeddable":true,"href":"https:\/\/www.leccecronaca.it\/index.php\/wp-json\/wp\/v2\/tags?post=53850"}],"curies":[{"name":"wp","href":"https:\/\/api.w.org\/{rel}","templated":true}]}}