{"id":54499,"date":"2015-07-04T18:03:51","date_gmt":"2015-07-04T16:03:51","guid":{"rendered":"http:\/\/www.leccecronaca.it\/?p=54499"},"modified":"2015-07-04T18:09:56","modified_gmt":"2015-07-04T16:09:56","slug":"incredibile-la-dea-minerva-ritorna-alla-luce-forse-e-un-monito-per-chi-vorrebbe-distruggere-i-suoi-ulivi-suggestioni-mitologiche-a-parte-di-sicuro-e-la-confrma-che-mancava-fu-proprio-cast","status":"publish","type":"post","link":"https:\/\/www.leccecronaca.it\/index.php\/2015\/07\/04\/incredibile-la-dea-minerva-ritorna-alla-luce-forse-e-un-monito-per-chi-vorrebbe-distruggere-i-suoi-ulivi-suggestioni-mitologiche-a-parte-di-sicuro-e-la-confrma-che-mancava-fu-proprio-cast\/","title":{"rendered":"INCREDIBILE. LA DEA MINERVA RITORNA ALLA LUCE: UN MONITO PER CHI VORREBBE DISTRUGGERE I &#8216;SUOI&#8217; ULIVI? SIMBOLOGIA A PARTE, DI SICURO E&#8217; LA CONFERMA: FU PROPRIO CASTRO IL PRIMO APPRODO DI ENEA IN ITALIA. UNA SCOPERTA ECCEZIONALE, CON IMPORTANTISSIME RIPERCUSSIONI PER LA STORIA, MA PURE PER LE PROSPETTIVE TURISTICHE FUTURE DEL NOSTRO SALENTO"},"content":{"rendered":"<p><a href=\"https:\/\/www.leccecronaca.it\/wordpress\/wp-content\/uploads\/2015\/07\/11403127_10207260265373848_8945703947565407270_n.jpg\"><img decoding=\"async\" loading=\"lazy\" width=\"222\" height=\"395\" title=\"11403127_10207260265373848_8945703947565407270_n\" class=\"alignleft size-full wp-image-54501\" alt=\"\" src=\"https:\/\/www.leccecronaca.it\/wordpress\/wp-content\/uploads\/2015\/07\/11403127_10207260265373848_8945703947565407270_n.jpg\" srcset=\"https:\/\/www.leccecronaca.it\/wordpress\/wp-content\/uploads\/2015\/07\/11403127_10207260265373848_8945703947565407270_n.jpg 222w, https:\/\/www.leccecronaca.it\/wordpress\/wp-content\/uploads\/2015\/07\/11403127_10207260265373848_8945703947565407270_n-168x300.jpg 168w\" sizes=\"(max-width: 222px) 100vw, 222px\" \/><\/a>(Rdl)______Eccezionale scoperta archeologica. Nel corso di scavi condotti in collaborazione con la soprintendenza dei Beni archeologici, l&#8217;Universit\u00e0 del Salento e il Comune di Castro nel centro del paese, tre metri sottoterra \u00e8 stata ritrovata una statua raffigurante\u00a0il busto di una statua di donna, dal raffinato drappeggio, di proporzioni doppie rispetto a quelle naturali.<\/p>\n<p>La statua \u00e8 priva della testa e di altri dettagli anatomici, ma riporta eccezionali tracce di rosso porpora. Le scoperte per\u00f2 proseguono: gli archeologi hanno rinvenuto anche la falange di un dito, e un braccio, pertanto\u00a0c&#8217;\u00e8 la fondata speranza di poter\u00a0trovare anche gli altri elementi mancanti. Se si riuscisse a ricomporla, la statua risulterebbe alta almeno quattro metri.<\/p>\n<p>Si tratta con tutta probabilit\u00e0 della dea Minerva, dea romana della lealt\u00e0, delle grandi virt\u00f9, della &#8220;guerra giusta&#8221;, della strategia, delle tessitura e la protettrice degli artigiani, trasfigurazione della dea greca Atena: ci\u00f2 conferma l&#8217; esistenza in loco di un tempio dedicato alla dea. Sempre con sufficiente margine di approssimazione, l&#8217; opera \u00e8 databile IV secolo avanti Cristo.<\/p>\n<p>Il sindaco di Castro, Alfonso Capraro, ha gi\u00e0 dichiarato che conta di esporla al pubblico gi\u00e0 il prossimo inverno.<\/p>\n<p>A dare ancora\u00a0maggiore valore alla scoperta di oggi, la presumibile conferma che \u00e8 proprio Castro il luogo dell&#8217; approdo di Enea in Italia, secondo la mitologia e soprattutto la poesia di Virgilio.<\/p>\n<p>Secondo quanto si legge nell&#8217; Eneide, al libro III, ai versi 530, 532, nel racconto di Enea,\u00a0il suo primo approdo in Italia \u00e8 cos\u00ec descritto:<\/p>\n<p>&#8220;<em>Crebrescunt optatae aurae portusque patescit<\/em><\/p>\n<p><em>iam propior, templumque adparet in arce Minervae.<\/em><\/p>\n<p><em>Vela legunt socii et proras ad litora torquent<\/em>&#8221;<\/p>\n<p>vale a dire: &#8220;Si gonfiano i venti tanto desiderati e gi\u00e0\u00a0il porto si rivela vicino, appare il tempio sulla rocca di Minerva. I compagni legano le vele e volgono le prue verso la spiaggia&#8221;.<\/p>\n<p>Molti documenti dell&#8217; antichit\u00e0 attestano che quel porto descritto da Virgilio al riparo, curvato ad arco fra le rocce battute dai venti e dai flutti, sia quello dell&#8217; antico presidio ( &#8220;castrum&#8221;)\u00a0dei Messapi, circondato da alte mura, pi\u00f9 volte distrutte e ricostruite, comunque con tracce evidenti ancora oggi.<\/p>\n<p>Ne parla la pi\u00f9 antica carta geografica propriamente detta del mondo antico, la tavola peutingeriana, copia del XIII secolo di un antico documento di epoca romana risalente al IV secolo d. C.<\/p>\n<p>Ancora prima, nel I secolo a. C. l&#8217; erudito Marco Terenzio Varrone aveva attestato in un passo rimasto delle sue opere che Enea era sbarcato in Italia &#8220;in castrum Minervae nobilissimum&#8221;, in un nobilissimo luogo fortificato per la dea Minerva.<\/p>\n<p>Il professor Franco D&#8217; Andria, docente di Archeologia all\u2019Universit\u00e0 del Salento e direttore dell\u2019Istituto dei beni archeologico e monumentali del Consiglio nazionale delle ricerche, aveva anche descritto anche i resti di un tempio alla dea Minerva alto sette metri precedentemente rilevati dai suoi archeologi.<\/p>\n<p>Il ritrovamento di oggi \u00e8 dunque la prova decisiva, che dovrebbe assegnare a Castro in maniera definitiva questo &#8220;primato&#8221; conteso da altre localit\u00e0, sia pugliesi, sia di altre regioni, importanti per tanti motivi, non solamente culturali propriamente detti, ma pure turistici e commerciali.<\/p>\n<p>Sono in molti a sostenere che si tratti di una scoperta destinata a cambiare la Storia dell&#8217; intero Salento.<\/p>\n<p>L&#8217; artista Tania Pagliara ci vede\u00a0 poi un risvolto simbolico di stringente attualit\u00e0: &#8220;<em>Atena svela il suo tempio ed il suo busto a Castro, mentre gli umani distruggono le sue sacre creature: gli ulivi&#8221;.<\/em><\/p>\n<p>Infatti, \u00e8 utile ricordare che gli ulivi erano piante sacre nella Grecia classica, ed erano considerate protette dalla dea Atena, alla quale erano dedicate. Come detto, nella mitologia romana la dea Minerva era la trasposizione della dea Atena. Insomma, che sia riapparsa proprio ora sulle nostre terre assume un valore simbolico, una specie di monito sacro a chi gli ulivi vorrebbe distruggere, con la &#8220;scusa&#8221; della Xylella.<\/p>\n<p><a href=\"https:\/\/www.leccecronaca.it\/wordpress\/wp-content\/uploads\/2015\/07\/DEAM.jpg\"><img decoding=\"async\" loading=\"lazy\" width=\"960\" height=\"540\" title=\"DEAM\" class=\"alignleft size-full wp-image-54502\" alt=\"\" src=\"https:\/\/www.leccecronaca.it\/wordpress\/wp-content\/uploads\/2015\/07\/DEAM.jpg\" srcset=\"https:\/\/www.leccecronaca.it\/wordpress\/wp-content\/uploads\/2015\/07\/DEAM.jpg 960w, https:\/\/www.leccecronaca.it\/wordpress\/wp-content\/uploads\/2015\/07\/DEAM-300x168.jpg 300w\" sizes=\"(max-width: 960px) 100vw, 960px\" \/><\/a><\/p>\n<p>&nbsp;<\/p>\n<p>&nbsp;<\/p>\n<fb:like href='https:\/\/www.leccecronaca.it\/index.php\/2015\/07\/04\/incredibile-la-dea-minerva-ritorna-alla-luce-forse-e-un-monito-per-chi-vorrebbe-distruggere-i-suoi-ulivi-suggestioni-mitologiche-a-parte-di-sicuro-e-la-confrma-che-mancava-fu-proprio-cast\/' send='true' layout='button_count' show_faces='true' width='450' height='65' action='recommend' colorscheme='light' font='lucida grande'><\/fb:like><span class=\"fb_share\"><fb:like href=\"https:\/\/www.leccecronaca.it\/index.php\/2015\/07\/04\/incredibile-la-dea-minerva-ritorna-alla-luce-forse-e-un-monito-per-chi-vorrebbe-distruggere-i-suoi-ulivi-suggestioni-mitologiche-a-parte-di-sicuro-e-la-confrma-che-mancava-fu-proprio-cast\/\" layout=\"button_count\"><\/fb:like><\/span>","protected":false},"excerpt":{"rendered":"<p>(Rdl)______Eccezionale scoperta archeologica. Nel corso di scavi condotti in collaborazione con la soprintendenza dei Beni archeologici, l&#8217;Universit\u00e0 del Salento e il Comune di Castro nel centro del paese, tre metri sottoterra \u00e8 stata ritrovata una statua raffigurante\u00a0il busto di una statua di donna, dal raffinato drappeggio, di proporzioni doppie rispetto a quelle naturali. La statua [&hellip;]<\/p>\n","protected":false},"author":4,"featured_media":0,"comment_status":"open","ping_status":"closed","sticky":false,"template":"","format":"standard","meta":[],"categories":[69],"tags":[],"_links":{"self":[{"href":"https:\/\/www.leccecronaca.it\/index.php\/wp-json\/wp\/v2\/posts\/54499"}],"collection":[{"href":"https:\/\/www.leccecronaca.it\/index.php\/wp-json\/wp\/v2\/posts"}],"about":[{"href":"https:\/\/www.leccecronaca.it\/index.php\/wp-json\/wp\/v2\/types\/post"}],"author":[{"embeddable":true,"href":"https:\/\/www.leccecronaca.it\/index.php\/wp-json\/wp\/v2\/users\/4"}],"replies":[{"embeddable":true,"href":"https:\/\/www.leccecronaca.it\/index.php\/wp-json\/wp\/v2\/comments?post=54499"}],"version-history":[{"count":6,"href":"https:\/\/www.leccecronaca.it\/index.php\/wp-json\/wp\/v2\/posts\/54499\/revisions"}],"predecessor-version":[{"id":54504,"href":"https:\/\/www.leccecronaca.it\/index.php\/wp-json\/wp\/v2\/posts\/54499\/revisions\/54504"}],"wp:attachment":[{"href":"https:\/\/www.leccecronaca.it\/index.php\/wp-json\/wp\/v2\/media?parent=54499"}],"wp:term":[{"taxonomy":"category","embeddable":true,"href":"https:\/\/www.leccecronaca.it\/index.php\/wp-json\/wp\/v2\/categories?post=54499"},{"taxonomy":"post_tag","embeddable":true,"href":"https:\/\/www.leccecronaca.it\/index.php\/wp-json\/wp\/v2\/tags?post=54499"}],"curies":[{"name":"wp","href":"https:\/\/api.w.org\/{rel}","templated":true}]}}