{"id":54977,"date":"2015-07-09T15:28:34","date_gmt":"2015-07-09T13:28:34","guid":{"rendered":"http:\/\/www.leccecronaca.it\/?p=54977"},"modified":"2015-07-09T15:28:55","modified_gmt":"2015-07-09T13:28:55","slug":"e-latitante-in-germania-ma-non-rinuncia-al-salento-arrestato","status":"publish","type":"post","link":"https:\/\/www.leccecronaca.it\/index.php\/2015\/07\/09\/e-latitante-in-germania-ma-non-rinuncia-al-salento-arrestato\/","title":{"rendered":"A BORGO SAN NICOLA, INVECE CHE AL MARE DI TORRE RINALDA, L&#8217; AMARA &#8216;VACANZA&#8217; DI UN EMIGRATO IN GERMANIA CHE, TORNATO NEL SALENTO PER LE FERIE, DOVEVA SCONTARE UNA PENA PER RICETTAZIONE"},"content":{"rendered":"<p><a href=\"https:\/\/www.leccecronaca.it\/wordpress\/wp-content\/uploads\/2015\/07\/giovane-salvatore-vincenzo.jpg\"><img decoding=\"async\" loading=\"lazy\" width=\"221\" height=\"339\" title=\"giovane salvatore vincenzo\" class=\"alignright size-full wp-image-54979\" alt=\"\" src=\"https:\/\/www.leccecronaca.it\/wordpress\/wp-content\/uploads\/2015\/07\/giovane-salvatore-vincenzo.jpg\" srcset=\"https:\/\/www.leccecronaca.it\/wordpress\/wp-content\/uploads\/2015\/07\/giovane-salvatore-vincenzo.jpg 221w, https:\/\/www.leccecronaca.it\/wordpress\/wp-content\/uploads\/2015\/07\/giovane-salvatore-vincenzo-195x300.jpg 195w\" sizes=\"(max-width: 221px) 100vw, 221px\" \/><\/a>(t.l.)______Si era trasferito\u00a0in Germania da oltre cinque anni, da quando\u00a0il Tribunale di Lecce aveva emesso nei suoi confronti l\u2019ordinanza di\u00a0custodia in carcere\u00a0per il reato di ricettazione, per cui era stato condannato a un anno e quattro mesi.<\/p>\n<p>Anche la lieve entit\u00e0 della pena, che non prevede il mandato di arresto europeo, aveva consentito a Salvatore Vincenzo Giovane (nella foto), 62 anni, di Castrignano dei Greci, di rimanere tranquillo per tutto questo periodo.<\/p>\n<p>Per\u00f2 quest&#8217; estate aveva deciso di passare le ferie nel Salento e questa leggerezza gli \u00e8\u00a0stata fatale.<\/p>\n<p>I carabinieri di Martano lo hanno riconosciuto e ieri lo hanno arrestato nell&#8217; abitazione di Torre Rinalda presa in affitto con i famigliari. Si trova ora a Borgo San Nicola.<\/p>\n<p>Ma il legame con il Salento \u00e8 forte, ed \u00e8 proprio per questo che decide di venire a trascorrere le vacanze estive a Lecce, precisamente in una abitazione estiva di Torre Rinalda, presa in affitto, dove viene trovato in compagnia dei familiari. Nella tarda serata di ieri \u00e8 avvenuta la cattura, scaturita a seguito di una serie di servizi di appostamento ed osservazione, che hanno consentito ai Carabinieri di Martano di individuare e riconoscere con assoluta certezza il fuggiasco. Dopo le formalit\u00e0 di rito, Giovane \u00e8 stato accompagnato presso la Casa Circondariale di Borgo San Nicola, ove espier\u00e0 finalmente la pena.<\/p>\n<p>&nbsp;<\/p>\n<p>&nbsp;<\/p>\n<p>&nbsp;<\/p>\n<p>&nbsp;<\/p>\n<p>&nbsp;<\/p>\n<p>&nbsp;<\/p>\n<p>&nbsp;<\/p>\n<p>&nbsp;<\/p>\n<p>&nbsp;<\/p>\n<p>&nbsp;<\/p>\n<p>&nbsp;<\/p>\n<fb:like href='https:\/\/www.leccecronaca.it\/index.php\/2015\/07\/09\/e-latitante-in-germania-ma-non-rinuncia-al-salento-arrestato\/' send='true' layout='button_count' show_faces='true' width='450' height='65' action='recommend' colorscheme='light' font='lucida grande'><\/fb:like><span class=\"fb_share\"><fb:like href=\"https:\/\/www.leccecronaca.it\/index.php\/2015\/07\/09\/e-latitante-in-germania-ma-non-rinuncia-al-salento-arrestato\/\" layout=\"button_count\"><\/fb:like><\/span>","protected":false},"excerpt":{"rendered":"<p>(t.l.)______Si era trasferito\u00a0in Germania da oltre cinque anni, da quando\u00a0il Tribunale di Lecce aveva emesso nei suoi confronti l\u2019ordinanza di\u00a0custodia in carcere\u00a0per il reato di ricettazione, per cui era stato condannato a un anno e quattro mesi. Anche la lieve entit\u00e0 della pena, che non prevede il mandato di arresto europeo, aveva consentito a Salvatore [&hellip;]<\/p>\n","protected":false},"author":4,"featured_media":54979,"comment_status":"open","ping_status":"closed","sticky":false,"template":"","format":"standard","meta":[],"categories":[69],"tags":[],"_links":{"self":[{"href":"https:\/\/www.leccecronaca.it\/index.php\/wp-json\/wp\/v2\/posts\/54977"}],"collection":[{"href":"https:\/\/www.leccecronaca.it\/index.php\/wp-json\/wp\/v2\/posts"}],"about":[{"href":"https:\/\/www.leccecronaca.it\/index.php\/wp-json\/wp\/v2\/types\/post"}],"author":[{"embeddable":true,"href":"https:\/\/www.leccecronaca.it\/index.php\/wp-json\/wp\/v2\/users\/4"}],"replies":[{"embeddable":true,"href":"https:\/\/www.leccecronaca.it\/index.php\/wp-json\/wp\/v2\/comments?post=54977"}],"version-history":[{"count":6,"href":"https:\/\/www.leccecronaca.it\/index.php\/wp-json\/wp\/v2\/posts\/54977\/revisions"}],"predecessor-version":[{"id":54982,"href":"https:\/\/www.leccecronaca.it\/index.php\/wp-json\/wp\/v2\/posts\/54977\/revisions\/54982"}],"wp:featuredmedia":[{"embeddable":true,"href":"https:\/\/www.leccecronaca.it\/index.php\/wp-json\/wp\/v2\/media\/54979"}],"wp:attachment":[{"href":"https:\/\/www.leccecronaca.it\/index.php\/wp-json\/wp\/v2\/media?parent=54977"}],"wp:term":[{"taxonomy":"category","embeddable":true,"href":"https:\/\/www.leccecronaca.it\/index.php\/wp-json\/wp\/v2\/categories?post=54977"},{"taxonomy":"post_tag","embeddable":true,"href":"https:\/\/www.leccecronaca.it\/index.php\/wp-json\/wp\/v2\/tags?post=54977"}],"curies":[{"name":"wp","href":"https:\/\/api.w.org\/{rel}","templated":true}]}}