{"id":55383,"date":"2015-07-13T16:33:17","date_gmt":"2015-07-13T14:33:17","guid":{"rendered":"http:\/\/www.leccecronaca.it\/?p=55383"},"modified":"2015-07-13T17:03:35","modified_gmt":"2015-07-13T15:03:35","slug":"pittella-1-gianni-minibiografia-non-autorizzata-a-cura-di-piernicola-pedicini-la-storia-inquitante-di-una-famiglia-di-potere","status":"publish","type":"post","link":"https:\/\/www.leccecronaca.it\/index.php\/2015\/07\/13\/pittella-1-gianni-minibiografia-non-autorizzata-a-cura-di-piernicola-pedicini-la-storia-inquitante-di-una-famiglia-di-potere\/","title":{"rendered":"PITTELLA 1 (GIANNI) \/ MINIBIOGRAFIA NON AUTORIZZATA, A CURA DI PIERNICOLA PEDICINI. LA STORIA INQUITANTE DI UNA FAMIGLIA DI POTERE TARGATA PD"},"content":{"rendered":"<p><a href=\"https:\/\/www.leccecronaca.it\/wordpress\/wp-content\/uploads\/2015\/07\/GP.png\"><img decoding=\"async\" loading=\"lazy\" width=\"232\" height=\"180\" title=\"GP\" class=\"alignright size-full wp-image-55384\" alt=\"\" src=\"https:\/\/www.leccecronaca.it\/wordpress\/wp-content\/uploads\/2015\/07\/GP.png\" \/><\/a>Riceviamo e volentieri pubblichiamo. Da Bruxelles, il portavoce del M5S al parlamento europeo, Piernicola Pedicini, ci scrive______<\/p>\n<p>LE STRATEGIE DELL&#8217;UNIONE EUROPEA NELLE MANI DI GIANNI PITTELLA: CHI C&#8217;E&#8217; DIETRO AL POTENTE POLITICO ITALIANO FIGLIO DI UN EX SENATORE CONDANNATO PER BANDA ARMATA E FRATELLO DEL GOVERNATORE DELLA BASILICATA?<\/p>\n<p>In questi giorni in cui le vicende europee e la crisi greca sono al centro dell&#8217;attenzione planetaria e polarizzano l&#8217;interesse anche dei cittadini pi\u00f9 distratti, \u00e8 bene capire chi c&#8217;\u00e8 dietro a tutto questo e chi muove i fili di scelte politiche che riguardano il futuro di tutti noi.<\/p>\n<p>Fa accapponare la pelle leggere che, secondo alcuni commentatori, l&#8217;esponente italiano pi\u00f9 potente a Bruxelles, che deciderebbe e agirebbe insieme a quattro autorevoli colleghi esteri, sia Gianni Pittella (nella foto), del Pd, presidente del gruppo\u00a0&#8220;Socialisti e democrtici&#8217;\u00a0al Parlamento europeo. Pittella, che \u00e8 un politico di lungo corso proveniente dalla piccola e povera Basilicata (la mia stessa regione), almeno una volta al mese si incontrerebbe, in via riservata, con il lussemburghese Juncker, presidente della Commissione europea, con il tedesco Schulz presidente del Parlamento europeo, con l&#8217;olandese Timmermans, primo vice presidente di Juncker, e con il tedesco Weber, presidente del Ppe al Parlamento europeo. Con loro tesserebbe le strategie che poi verrebbero adottate dalla Commissione e dal Parlamento europeo in accordo e in stretta sintonia con l'&#8221;azionista di maggioranza&#8221;, la signora Merkel.<\/p>\n<p>Ma chi \u00e8 questo personaggio cos\u00ec potente che, dal 1999, spadroneggia nei palazzi della Ue?<\/p>\n<p>Agli occhi degli sprovveduti potrebbe sembrare un politico come tanti che, per varie congiunture, \u00e8 arrivato fin l\u00ec, quasi per caso. Non \u00e8 cos\u00ec. Esaminando la storia di Pittella, appare subito chiaro che non copre quell&#8217;incarico per le sue doti di statista, per la sua carriera di politico illuminato o per meriti acquisiti grazie a risultati tangibili, ma per ragioni che sono tutte da chiarire.<\/p>\n<p>Agli atti il suo percorso \u00e8 pressoch\u00e9 insignificante. Ci sono, per\u00f2, centinaia di migliaia di preferenze che puntualmente incassa quando si candida e c&#8217;\u00e8 la sorprendente deroga ottenuta da Renzi l&#8217;anno scorso quando si \u00e8 ricandidato per la quarta volta a Bruxelles.<\/p>\n<p>Vediamo i dettagli della sua performance: Gianni Pittella inizia la sua fulminante e, nello stesso tempo, vuota carriera nel 1979 come consigliere comunale a Lauria, un piccolo paese a cavallo tra Basilicata e Calabria. L\u00ec viveva col padre, il potente e amato don Mim\u00ec, dal 1972 e fino al 1983 senatore del Psi. Nel 1980, Gianni, a soli 22 anni, diventa assessore regionale del Psi lucano. Nel 1996 viene eletto deputato laburista nell&#8217;Ulivo, sempre in Basilicata. Nel 1999 approda per la prima volta al Parlamento europeo.<\/p>\n<p>Nel corso degli anni e fino ad oggi, unico caso in Italia, Pittella, come per incanto, evita qualsiasi ostacolo che si frappone tra lui e la sua ascesa. Nel 1983 glissa senza problemi la grave vicenda del padre senatore che era stato arrestato e poi condannato a\u00a0dodici anni di carcere per associazione sovversiva e banda armata. Poi, supera brillantemente tutti i molteplici travagli della prima e della seconda Repubblica. Nell&#8217;ordine: evita lo scandalo Tangentopoli che aveva distrutto il Psi, di cui faceva parte, e Craxi; osserva la deriva graduale di tutti i suoi ex potentissimi amici socialisti dell&#8217;epoca; assiste alla caduta di Occhetto, D&#8217;Alema, Prodi, Veltroni, Di Pietro, Bossi, Berlusconi, Fini, Casini, Letta, Bersani, vedr\u00e0 probabilmente il flop di Renzi.<\/p>\n<p>Ma lui \u00e8 l\u00ec, sempre l\u00ec e ancora l\u00ec, pi\u00f9 potente che mai. Lui \u00e8 al tavolo di chi decide le sorti dell&#8217;Europa e della Grecia, insieme alla Merkel e a Hollande, a Draghi e a Juncker. Pi\u00f9 importante della Mogherini e probabilmente anche di Renzi.<\/p>\n<p>Come \u00e8 possibile che sia accaduto tutto questo, qual \u00e8 la vera forza di Pittella?<\/p>\n<p>&nbsp;<\/p>\n<p>E&#8217; difficile dirlo, ma, probabilmente, hanno influito la lunga e articolata esperienza del padre. La storia \u00e8 questa: Domenico Pittella (don Mim\u00ec) negli anni sessanta e settanta \u00e8 un medico molto amato e rispettato di Lauria. Tant&#8217;\u00e8 che nel 1972 si candida in Basilicata con il Psi e viene eletto senatore per ben tre volte, fino al 1983. Contemporaneamente apre e gestisce, sempre a Lauria, una clinica privata.<\/p>\n<p>Nel 1981 don Mim\u00ec \u00e8 coinvolto nell&#8217;inquietante vicenda giudiziaria che lo porta ad una condanna per associazione sovversiva e banda armata per aver curato, nella sua clinica, la terrorista Br latitante Natalia Ligas. Inoltre \u00e8 accusato d&#8217;aver elaborato con le Br un piano per rapire Ferdinando Schettini, vicepresidente della giunta regionale della Basilicata.<\/p>\n<p>Inspiegabilmente le vicende vengono rese note solo nel 1983 (secondo molti per evitare che lo scandalo bloccasse l&#8217;ascesa di Craxi a Palazzo Chigi) e l&#8217;ex senatore viene quindi arrestato.<\/p>\n<p>Dopo tre anni in carcere e alcuni in libert\u00e0 in attesa dei processi, nel 1993, a seguito della condanna definitiva a 12 anni di reclusione, fugge in Francia e, dopo sei anni di latitanza, nel 1999 si costituisce. Poi, a seguito di una grazia parziale concessa dal presidente della Repubblica Ciampi e dopo un periodo ai servizi sociali torna in libert\u00e0. Attualmente vive con la propria famiglia a Lauria e frequenta normalmente i figli politici Gianni e Marcello.<\/p>\n<p>Negli anni novanta, per\u00f2, l&#8217;ex senatore Domenico Pittella, tra un processo e l&#8217;altro, non stette con le mani in mano. Nel 1991 costitu\u00ec a Roma la Lega Italiana assieme ad altri sodali, tra i quali spiccano la figura del capo della loggia massonica P2 Licio Gelli e dell&#8217;ex sindaco di Palermo condannato per mafia Vito Ciancimino. Successivamente si coalizz\u00f2 con altri movimenti, tra cui il Fronte del Sud e la Lega Nazional Popolare di Stefano Delle Chiaie e fece una lista elettorale chiamata Lega delle Leghe, vicina ad ambienti di destra, con cui si present\u00f2 alle elezioni del 1992: si candid\u00f2 di nuovo al Senato in Basilicata e ottenne il 12,6% dei voti.<\/p>\n<p>Insomma, nella storia della famiglia Pittella, c&#8217;\u00e8 di tutto e di pi\u00f9 e le riflessioni da fare sono tante.<\/p>\n<p>I dati certi sono che Gianni \u00e8 diventato eurodeputato nella Circoscrizione Sud, la prima volta nel 1999, poi nel 2004 con 131mila preferenze e, a seguire, nel 2009 con 136mila preferenze e nel 2014 con 222mila, come primo eletto del Pd. In pi\u00f9, non \u00e8 finita, il fratello minore di Gianni, Marcello, dal 2013 \u00e8 il governatore Pd della Basilicata e gestisce la grande partita del petrolio lucano.<\/p>\n<p>Quindi che dire. Possiamo solo chiudere con un&#8217;amara battuta: Famiglia Pittella, un &#8220;affare&#8221; tutto italiano, anzi europeo.<\/p>\n<p>&nbsp;<\/p>\n<p>&nbsp;<\/p>\n<fb:like href='https:\/\/www.leccecronaca.it\/index.php\/2015\/07\/13\/pittella-1-gianni-minibiografia-non-autorizzata-a-cura-di-piernicola-pedicini-la-storia-inquitante-di-una-famiglia-di-potere\/' send='true' layout='button_count' show_faces='true' width='450' height='65' action='recommend' colorscheme='light' font='lucida grande'><\/fb:like><span class=\"fb_share\"><fb:like href=\"https:\/\/www.leccecronaca.it\/index.php\/2015\/07\/13\/pittella-1-gianni-minibiografia-non-autorizzata-a-cura-di-piernicola-pedicini-la-storia-inquitante-di-una-famiglia-di-potere\/\" layout=\"button_count\"><\/fb:like><\/span>","protected":false},"excerpt":{"rendered":"<p>Riceviamo e volentieri pubblichiamo. Da Bruxelles, il portavoce del M5S al parlamento europeo, Piernicola Pedicini, ci scrive______ LE STRATEGIE DELL&#8217;UNIONE EUROPEA NELLE MANI DI GIANNI PITTELLA: CHI C&#8217;E&#8217; DIETRO AL POTENTE POLITICO ITALIANO FIGLIO DI UN EX SENATORE CONDANNATO PER BANDA ARMATA E FRATELLO DEL GOVERNATORE DELLA BASILICATA? In questi giorni in cui le vicende [&hellip;]<\/p>\n","protected":false},"author":4,"featured_media":55384,"comment_status":"open","ping_status":"closed","sticky":false,"template":"","format":"standard","meta":[],"categories":[76],"tags":[],"_links":{"self":[{"href":"https:\/\/www.leccecronaca.it\/index.php\/wp-json\/wp\/v2\/posts\/55383"}],"collection":[{"href":"https:\/\/www.leccecronaca.it\/index.php\/wp-json\/wp\/v2\/posts"}],"about":[{"href":"https:\/\/www.leccecronaca.it\/index.php\/wp-json\/wp\/v2\/types\/post"}],"author":[{"embeddable":true,"href":"https:\/\/www.leccecronaca.it\/index.php\/wp-json\/wp\/v2\/users\/4"}],"replies":[{"embeddable":true,"href":"https:\/\/www.leccecronaca.it\/index.php\/wp-json\/wp\/v2\/comments?post=55383"}],"version-history":[{"count":4,"href":"https:\/\/www.leccecronaca.it\/index.php\/wp-json\/wp\/v2\/posts\/55383\/revisions"}],"predecessor-version":[{"id":55386,"href":"https:\/\/www.leccecronaca.it\/index.php\/wp-json\/wp\/v2\/posts\/55383\/revisions\/55386"}],"wp:featuredmedia":[{"embeddable":true,"href":"https:\/\/www.leccecronaca.it\/index.php\/wp-json\/wp\/v2\/media\/55384"}],"wp:attachment":[{"href":"https:\/\/www.leccecronaca.it\/index.php\/wp-json\/wp\/v2\/media?parent=55383"}],"wp:term":[{"taxonomy":"category","embeddable":true,"href":"https:\/\/www.leccecronaca.it\/index.php\/wp-json\/wp\/v2\/categories?post=55383"},{"taxonomy":"post_tag","embeddable":true,"href":"https:\/\/www.leccecronaca.it\/index.php\/wp-json\/wp\/v2\/tags?post=55383"}],"curies":[{"name":"wp","href":"https:\/\/api.w.org\/{rel}","templated":true}]}}