{"id":55451,"date":"2015-07-14T12:12:03","date_gmt":"2015-07-14T10:12:03","guid":{"rendered":"http:\/\/www.leccecronaca.it\/?p=55451"},"modified":"2015-07-14T12:30:02","modified_gmt":"2015-07-14T10:30:02","slug":"la-fiaccolata-per-gli-ulivi-a-oria-di-giovedi-16","status":"publish","type":"post","link":"https:\/\/www.leccecronaca.it\/index.php\/2015\/07\/14\/la-fiaccolata-per-gli-ulivi-a-oria-di-giovedi-16\/","title":{"rendered":"LA FIACCOLATA PER GLI ULIVI A ORIA DI GIOVEDI&#8217; 16"},"content":{"rendered":"<p><a href=\"https:\/\/www.leccecronaca.it\/wordpress\/wp-content\/uploads\/2015\/07\/WP_20150707_008.jpg\"><img decoding=\"async\" loading=\"lazy\" width=\"1632\" height=\"918\" title=\"WP_20150707_008\" class=\"alignright size-full wp-image-55452\" alt=\"\" src=\"https:\/\/www.leccecronaca.it\/wordpress\/wp-content\/uploads\/2015\/07\/WP_20150707_008.jpg\" srcset=\"https:\/\/www.leccecronaca.it\/wordpress\/wp-content\/uploads\/2015\/07\/WP_20150707_008.jpg 1632w, https:\/\/www.leccecronaca.it\/wordpress\/wp-content\/uploads\/2015\/07\/WP_20150707_008-300x168.jpg 300w, https:\/\/www.leccecronaca.it\/wordpress\/wp-content\/uploads\/2015\/07\/WP_20150707_008-1024x576.jpg 1024w\" sizes=\"(max-width: 1632px) 100vw, 1632px\" \/><\/a>di Eleonora Ciminiello______<\/p>\n<p>Il &#8220;Popolo degli Ulivi&#8221; si mobilita, e lo fa anche in questa occasione nel modo che ha contraddistinto la sua lotta sin dall\u2019inizio: in maniera pacifica. Dopo i gravissimi fatti che hanno interessato Oria lo scorso 7 luglio, il Popolo degli Ulivi torna a marciare per la difesa del territorio salentino, organizzando una fiaccolata che partir\u00e0 proprio da Oria per raggiungere il luogo in cui, oltre all\u2019eradicazione di\u00a0quarantasette ulivi, ha preso forma il taglio netto nei confronti della democrazia e dello Stato di Diritto.<\/p>\n<p>Gioved\u00ec 16 luglio, tutti coloro che vorranno partecipare, si incontreranno dinanzi al piazzale del Municipio di Oria, in Via Epitaffio alle ore 18.00, per poi partire, muniti di fiaccole o candele accese, verso contrada Frascata. Tutti i cittadini, le associazioni, i movimenti sono invitati a partecipare, ma non solo loro.<\/p>\n<p>L\u2019intento del Popolo degli Ulivi \u00e8 quello di protestare contro la strage, contro la scellerata eradicazione di 47 patriarchi Salentini, ma \u00e8 anche quello di mostrare il proprio sdegno verso le modalit\u00e0 attraverso le quali il Commissario Silletti, ergendosi a faraone di Puglia, ha scelto di operare. Sostenere la libert\u00e0 di essere cittadini italiani, sostenere la libert\u00e0 di protestare, sostenere la libert\u00e0 di difendere la Costituzione italiana che all\u2019articolo 9 sottolinea come il paesaggio sia un bene di interesse comune, questo far\u00e0 il Popolo degli Ulivi.<\/p>\n<p>Una libert\u00e0, quella della protesta, violata dall\u2019accerchiamento compiuto da uno spiegamento di Forze dell\u2019Ordine degno di un blitz contro una gang criminale.<\/p>\n<p>E\u2019 per questa ragione che oltre a tutti gli uomini e le donne che vorranno prendervi parte, il Popolo degli Ulivi ha chiesto la partecipazione attiva anche dei Prefetti delle province pugliesi: il fine \u00e8 testimoniare la loro consapevolezza sulla gravit\u00e0 dei fatti avvenuti, e la loro volont\u00e0 di rappresentare e difendere il popolo e la giustizia.<\/p>\n<p>La libert\u00e0 di vivere e non morire. Anche per questo lotta il Popolo degli Ulivi: vivere in un microcosmo che sia in perfetto equilibrio, un microcosmo additato come \u201czona infetta\u201d ma sul quale ancora non vi sono certezze di alcun tipo. Si taglia non perch\u00e9 si hanno dei dati scientifici, non perch\u00e9 \u00e8 stata provata la patogenicit\u00e0 di un batterio, si taglia non per salvare, ma per distruggere.<\/p>\n<p>Le istituzioni indignate, i sindaci comunali, i membri delle relative giunte e dei consigli, cos\u00ec come il Presidente della Regione Puglia, della giunta e del consiglio regionale, hanno ora la possibilit\u00e0 di schierarsi, di dar voce alla carica che rappresentano, di essere i veri portavoce del popolo che amministrano, di porsi a tutela della salute e del benessere dei cittadini.<\/p>\n<p>Gli ulivi per il Salento non sono solo ossigeno, vita, salute, economia, agricoltura, lavoro, sono anche storia, cultura, tradizioni.<\/p>\n<p>In terra salentina dopo le eradicazioni il terreno \u00e8 stato cosparso con un prodotto fitosanitario, il \u201cPre-vam\u201d.<\/p>\n<p>Senza ossigeno i salentini saranno destinati a respirare aria infetta: all\u2019uso della chimica si preferiscano le buone pratiche agricole, quelle stesse pratiche che hanno consegnato a noi un Salento magico e variegato.<\/p>\n<p>A dire NO sono invitate anche le Diocesi, per ergersi a portavoce della morale, della dignit\u00e0, della giustizia, dell\u2019onest\u00e0 professate da Cristo.<\/p>\n<p>Ad Oria tutti possono dire NO alla morte della propria terra, dei propri figli, della propria storia.<\/p>\n<p>Serve un SI alla vita, soprattutto quella delle generazioni future.<\/p>\n<p>&nbsp;<\/p>\n<p>&nbsp;<\/p>\n<fb:like href='https:\/\/www.leccecronaca.it\/index.php\/2015\/07\/14\/la-fiaccolata-per-gli-ulivi-a-oria-di-giovedi-16\/' send='true' layout='button_count' show_faces='true' width='450' height='65' action='recommend' colorscheme='light' font='lucida grande'><\/fb:like><span class=\"fb_share\"><fb:like href=\"https:\/\/www.leccecronaca.it\/index.php\/2015\/07\/14\/la-fiaccolata-per-gli-ulivi-a-oria-di-giovedi-16\/\" layout=\"button_count\"><\/fb:like><\/span>","protected":false},"excerpt":{"rendered":"<p>di Eleonora Ciminiello______ Il &#8220;Popolo degli Ulivi&#8221; si mobilita, e lo fa anche in questa occasione nel modo che ha contraddistinto la sua lotta sin dall\u2019inizio: in maniera pacifica. Dopo i gravissimi fatti che hanno interessato Oria lo scorso 7 luglio, il Popolo degli Ulivi torna a marciare per la difesa del territorio salentino, organizzando [&hellip;]<\/p>\n","protected":false},"author":4,"featured_media":55452,"comment_status":"open","ping_status":"closed","sticky":false,"template":"","format":"standard","meta":[],"categories":[69],"tags":[],"_links":{"self":[{"href":"https:\/\/www.leccecronaca.it\/index.php\/wp-json\/wp\/v2\/posts\/55451"}],"collection":[{"href":"https:\/\/www.leccecronaca.it\/index.php\/wp-json\/wp\/v2\/posts"}],"about":[{"href":"https:\/\/www.leccecronaca.it\/index.php\/wp-json\/wp\/v2\/types\/post"}],"author":[{"embeddable":true,"href":"https:\/\/www.leccecronaca.it\/index.php\/wp-json\/wp\/v2\/users\/4"}],"replies":[{"embeddable":true,"href":"https:\/\/www.leccecronaca.it\/index.php\/wp-json\/wp\/v2\/comments?post=55451"}],"version-history":[{"count":3,"href":"https:\/\/www.leccecronaca.it\/index.php\/wp-json\/wp\/v2\/posts\/55451\/revisions"}],"predecessor-version":[{"id":55454,"href":"https:\/\/www.leccecronaca.it\/index.php\/wp-json\/wp\/v2\/posts\/55451\/revisions\/55454"}],"wp:featuredmedia":[{"embeddable":true,"href":"https:\/\/www.leccecronaca.it\/index.php\/wp-json\/wp\/v2\/media\/55452"}],"wp:attachment":[{"href":"https:\/\/www.leccecronaca.it\/index.php\/wp-json\/wp\/v2\/media?parent=55451"}],"wp:term":[{"taxonomy":"category","embeddable":true,"href":"https:\/\/www.leccecronaca.it\/index.php\/wp-json\/wp\/v2\/categories?post=55451"},{"taxonomy":"post_tag","embeddable":true,"href":"https:\/\/www.leccecronaca.it\/index.php\/wp-json\/wp\/v2\/tags?post=55451"}],"curies":[{"name":"wp","href":"https:\/\/api.w.org\/{rel}","templated":true}]}}